{"id":14342,"date":"2020-12-06T13:01:25","date_gmt":"2020-12-06T13:01:25","guid":{"rendered":"http:\/\/elterritorialweb.com.ar\/web\/?p=14342"},"modified":"2020-12-06T13:03:47","modified_gmt":"2020-12-06T13:03:47","slug":"la-casa-arganaraz-alcorta-tendra-abiertas-sus-puertas-este-fin-de-semana-largo","status":"publish","type":"post","link":"http:\/\/elterritorialweb.com.ar\/web\/la-casa-arganaraz-alcorta-tendra-abiertas-sus-puertas-este-fin-de-semana-largo\/","title":{"rendered":"LA CASA ARGA\u00d1ARAZ ALCORTA TENDR\u00c1 ABIERTAS SUS PUERTAS ESTE F\u00cdN DE SEMANA LARGO"},"content":{"rendered":"\n<p>En la reapertura del espacio del arte y la cultura volvi\u00f3 a recibir al p\u00fablico al ser habilitada por el subsecretario de Cultura y Turismo de la municipalidad, Arq. Rodolfo Legname y los organizadores y curadores Amalia Mart\u00ednez Gramajo y Christian Varas Guaraz.\u201cCelebramos la reapertura con \u00e9sta exposici\u00f3n de Sillas triunfantes, celebramos estar en \u00e9sta casa que es la casa de todos\u201d, resalt\u00f3 el funcionario.<\/p>\n\n\n\n<figure class=\"wp-block-image size-large\"><img data-recalc-dims=\"1\" decoding=\"async\" width=\"640\" height=\"426\" data-src=\"https:\/\/i0.wp.com\/elterritorialweb.com.ar\/web\/wp-content\/uploads\/2020\/12\/CASA-ARGANARAZ-ALCORTA-1.jpg?resize=640%2C426\" alt=\"\" class=\"wp-image-14344 lazyload\" data-srcset=\"https:\/\/i0.wp.com\/elterritorialweb.com.ar\/web\/wp-content\/uploads\/2020\/12\/CASA-ARGANARAZ-ALCORTA-1.jpg?resize=1024%2C682 1024w, https:\/\/i0.wp.com\/elterritorialweb.com.ar\/web\/wp-content\/uploads\/2020\/12\/CASA-ARGANARAZ-ALCORTA-1.jpg?resize=300%2C200 300w, https:\/\/i0.wp.com\/elterritorialweb.com.ar\/web\/wp-content\/uploads\/2020\/12\/CASA-ARGANARAZ-ALCORTA-1.jpg?resize=768%2C512 768w, https:\/\/i0.wp.com\/elterritorialweb.com.ar\/web\/wp-content\/uploads\/2020\/12\/CASA-ARGANARAZ-ALCORTA-1.jpg?resize=675%2C450 675w, https:\/\/i0.wp.com\/elterritorialweb.com.ar\/web\/wp-content\/uploads\/2020\/12\/CASA-ARGANARAZ-ALCORTA-1.jpg?w=1280 1280w\" data-sizes=\"(max-width: 640px) 100vw, 640px\" src=\"data:image\/svg+xml;base64,PHN2ZyB3aWR0aD0iMSIgaGVpZ2h0PSIxIiB4bWxucz0iaHR0cDovL3d3dy53My5vcmcvMjAwMC9zdmciPjwvc3ZnPg==\" style=\"--smush-placeholder-width: 640px; --smush-placeholder-aspect-ratio: 640\/426;\" \/><\/figure>\n\n\n\n<p>Quien junto a los curadores fue el encargado de mostrar cada una de las intervenciones realizadas por Estela Alberto, Jorgelina Canllo Trejo, Marta Cartier Hamann, Sof\u00eda Olivera, Mariela Carabajal, Lucrecia Jimenez, M\u00f3nica Rivas, Marisol Abdulajad, \u00c1lvaro Serrano, Silvina Vargas, Nora Ocampo, William Pav\u00f3n, Rebeca Ayunta, Facundo Lezcano Chico, Mar\u00eda Daud, Vanina Gerez, Pablo Jorvatt, Giselle Fern\u00e1ndez, In\u00e9s Lugones, Walter Russo y el colectivo Mamachangas integrado por Mariana Ybarra, Daiana Bulacio, Daiana N\u00fa\u00f1ez, Carolina Chacana, Susana G\u00f3mez Nieto, Ver\u00f3nica Ledesma, Christian Varas Guaraz y Amalia Mart\u00ednez Gramajo.<\/p>\n\n\n\n<figure class=\"wp-block-image size-large\"><img data-recalc-dims=\"1\" decoding=\"async\" width=\"640\" height=\"360\" data-src=\"https:\/\/i0.wp.com\/elterritorialweb.com.ar\/web\/wp-content\/uploads\/2020\/12\/CASA-ARGANARAZ-ALCORTA-2.jpg?resize=640%2C360\" alt=\"\" class=\"wp-image-14345 lazyload\" data-srcset=\"https:\/\/i0.wp.com\/elterritorialweb.com.ar\/web\/wp-content\/uploads\/2020\/12\/CASA-ARGANARAZ-ALCORTA-2.jpg?resize=1024%2C576 1024w, https:\/\/i0.wp.com\/elterritorialweb.com.ar\/web\/wp-content\/uploads\/2020\/12\/CASA-ARGANARAZ-ALCORTA-2.jpg?resize=300%2C169 300w, https:\/\/i0.wp.com\/elterritorialweb.com.ar\/web\/wp-content\/uploads\/2020\/12\/CASA-ARGANARAZ-ALCORTA-2.jpg?resize=768%2C432 768w, https:\/\/i0.wp.com\/elterritorialweb.com.ar\/web\/wp-content\/uploads\/2020\/12\/CASA-ARGANARAZ-ALCORTA-2.jpg?w=1280 1280w\" data-sizes=\"(max-width: 640px) 100vw, 640px\" src=\"data:image\/svg+xml;base64,PHN2ZyB3aWR0aD0iMSIgaGVpZ2h0PSIxIiB4bWxucz0iaHR0cDovL3d3dy53My5vcmcvMjAwMC9zdmciPjwvc3ZnPg==\" style=\"--smush-placeholder-width: 640px; --smush-placeholder-aspect-ratio: 640\/360;\" \/><\/figure>\n\n\n\n<p>Por su parte, Mart\u00ednez Gramajo expres\u00f3 su emoci\u00f3n y agradeci\u00f3 a la Casa Arga\u00f1araz Alcorta por permitirle el espacio para poder ver de nuevo obras dentro de la presencialidad y con todos los protocolos para hacer de nuevo una vida cultural y sobre todo hacer posible la muestra ha tenido varios meses de trabajo.Los interesados en visitar la misma, podr\u00e1n hacerlo en el horario de 9 a 12 y de 17 a 21, mediante consulta de turnos en forma previa a trav\u00e9s del facebook de la Casa Arga\u00f1araz Alcorta o bien al tel\u00e9fono 4242172.<\/p>\n","protected":false},"excerpt":{"rendered":"<p>Durante este fin de semana largo, la Casa Arga\u00f1araz Alcorta que depende de la Capital, tendr\u00e1 abiertas sus puertas con la exposici\u00f3n denominada \u201cHacemos visibles otras autonom\u00edas\u201d con \u201cSillas triunfantes\u201d, celebrando los 200 a\u00f1os de Autonom\u00eda Santiague\u00f1a.<\/p>\n","protected":false},"author":2,"featured_media":14343,"comment_status":"open","ping_status":"open","sticky":false,"template":"","format":"standard","meta":{"om_disable_all_campaigns":false,"_monsterinsights_skip_tracking":false,"_monsterinsights_sitenote_active":false,"_monsterinsights_sitenote_note":"","_monsterinsights_sitenote_category":0,"_uf_show_specific_survey":0,"_uf_disable_surveys":false,"jetpack_post_was_ever_published":false,"_jetpack_newsletter_access":"","_jetpack_dont_email_post_to_subs":false,"_jetpack_newsletter_tier_id":0,"_jetpack_memberships_contains_paywalled_content":false,"_jetpack_memberships_contains_paid_content":false,"footnotes":"","jetpack_publicize_message":"","jetpack_publicize_feature_enabled":true,"jetpack_social_post_already_shared":false,"jetpack_social_options":{"image_generator_settings":{"template":"highway","default_image_id":0,"font":"","enabled":false},"version":2}},"categories":[21],"tags":[],"class_list":["post-14342","post","type-post","status-publish","format-standard","has-post-thumbnail","hentry","category-locales"],"aioseo_notices":[],"views":6,"jetpack_publicize_connections":[],"jetpack_featured_media_url":"https:\/\/i0.wp.com\/elterritorialweb.com.ar\/web\/wp-content\/uploads\/2020\/12\/CASA-ARGANARAZ-ALCORTA.jpg?fit=1280%2C853","jetpack_sharing_enabled":true,"_links":{"self":[{"href":"http:\/\/elterritorialweb.com.ar\/web\/wp-json\/wp\/v2\/posts\/14342","targetHints":{"allow":["GET"]}}],"collection":[{"href":"http:\/\/elterritorialweb.com.ar\/web\/wp-json\/wp\/v2\/posts"}],"about":[{"href":"http:\/\/elterritorialweb.com.ar\/web\/wp-json\/wp\/v2\/types\/post"}],"author":[{"embeddable":true,"href":"http:\/\/elterritorialweb.com.ar\/web\/wp-json\/wp\/v2\/users\/2"}],"replies":[{"embeddable":true,"href":"http:\/\/elterritorialweb.com.ar\/web\/wp-json\/wp\/v2\/comments?post=14342"}],"version-history":[{"count":3,"href":"http:\/\/elterritorialweb.com.ar\/web\/wp-json\/wp\/v2\/posts\/14342\/revisions"}],"predecessor-version":[{"id":14348,"href":"http:\/\/elterritorialweb.com.ar\/web\/wp-json\/wp\/v2\/posts\/14342\/revisions\/14348"}],"wp:featuredmedia":[{"embeddable":true,"href":"http:\/\/elterritorialweb.com.ar\/web\/wp-json\/wp\/v2\/media\/14343"}],"wp:attachment":[{"href":"http:\/\/elterritorialweb.com.ar\/web\/wp-json\/wp\/v2\/media?parent=14342"}],"wp:term":[{"taxonomy":"category","embeddable":true,"href":"http:\/\/elterritorialweb.com.ar\/web\/wp-json\/wp\/v2\/categories?post=14342"},{"taxonomy":"post_tag","embeddable":true,"href":"http:\/\/elterritorialweb.com.ar\/web\/wp-json\/wp\/v2\/tags?post=14342"}],"curies":[{"name":"wp","href":"https:\/\/api.w.org\/{rel}","templated":true}]}}