{"id":14349,"date":"2020-12-06T13:16:13","date_gmt":"2020-12-06T13:16:13","guid":{"rendered":"http:\/\/elterritorialweb.com.ar\/web\/?p=14349"},"modified":"2020-12-06T13:16:13","modified_gmt":"2020-12-06T13:16:13","slug":"frias-importante-reunion-con-el-subsecretario-de-turismo-de-la-provincia-e-intendentes-del-este-catamarqueno","status":"publish","type":"post","link":"http:\/\/elterritorialweb.com.ar\/web\/frias-importante-reunion-con-el-subsecretario-de-turismo-de-la-provincia-e-intendentes-del-este-catamarqueno\/","title":{"rendered":"FR\u00cdAS: IMPORTANTE REUNI\u00d3N CON EL SUBSECRETARIO DE TURISMO DE LA PROVINCIA E INTENDENTES DEL ESTE CATAMARQUE\u00d1O."},"content":{"rendered":"\n<p>En primera instancia, el intendente de la Ciudad de Fr\u00edas Dr. Astor An\u00edbal Padula recibi\u00f3 al Subsecretario de Turismo de Santiago del Estero, Lic. Nelson Bravo quien asisti\u00f3 con un equipo t\u00e9cnico de trabajo de la provincia y luego ambos compartieron una reuni\u00f3n con dos los jefes comunales del este de la provincia de Catamarca: Ariel Ojeda de El Alto y Rodolfo Santill\u00e1n de Ancasti, quienes ejercen su jurisdicci\u00f3n en el Dique El Bols\u00f3n, obra que pas\u00f3 este mes a la administraci\u00f3n de la provincia vecina.<\/p>\n\n\n\n<p>El encuentro motiv\u00f3 la posibilidad de acordar estrategias para el desarrollo tur\u00edstico de la regi\u00f3n y el futuro aprovechamiento de los recurso del mencionado dique. \u201cCabe destacar la importancia del trabajo que vienen manteniendo los equipos t\u00e9cnicos de ambas provincias juntamente con la Secretar\u00eda de Producci\u00f3n y Turismo de nuestra ciudad\u201d se\u00f1al\u00f3 Claudio Coronel desde esta secretar\u00eda municipal.<\/p>\n\n\n\n<p>Inmediatamente, los funcionarios santiague\u00f1os, catamarque\u00f1os y locales realizaron un encuentro en la Sala de Conferencias del Palacio Municipal con operadores tur\u00edsticos (cotos de caza), hoteleros y representantes de la C\u00e1mara de Comercio de Comercio friense, reuni\u00f3n donde los asistentes intercambiaron opiniones y evacuaron dudas acerca de los proyectos tur\u00edsticos que se est\u00e1n realizando y los que se tiene previsto proyectar para esta regi\u00f3n.<\/p>\n\n\n\n<figure class=\"wp-block-image size-large\"><img data-recalc-dims=\"1\" decoding=\"async\" width=\"640\" height=\"427\" data-src=\"https:\/\/i0.wp.com\/elterritorialweb.com.ar\/web\/wp-content\/uploads\/2020\/12\/FRIAS-TURISMO-1.jpg?resize=640%2C427\" alt=\"\" class=\"wp-image-14351 lazyload\" data-srcset=\"https:\/\/i0.wp.com\/elterritorialweb.com.ar\/web\/wp-content\/uploads\/2020\/12\/FRIAS-TURISMO-1.jpg?w=960 960w, https:\/\/i0.wp.com\/elterritorialweb.com.ar\/web\/wp-content\/uploads\/2020\/12\/FRIAS-TURISMO-1.jpg?resize=300%2C200 300w, https:\/\/i0.wp.com\/elterritorialweb.com.ar\/web\/wp-content\/uploads\/2020\/12\/FRIAS-TURISMO-1.jpg?resize=768%2C512 768w, https:\/\/i0.wp.com\/elterritorialweb.com.ar\/web\/wp-content\/uploads\/2020\/12\/FRIAS-TURISMO-1.jpg?resize=675%2C450 675w\" data-sizes=\"(max-width: 640px) 100vw, 640px\" src=\"data:image\/svg+xml;base64,PHN2ZyB3aWR0aD0iMSIgaGVpZ2h0PSIxIiB4bWxucz0iaHR0cDovL3d3dy53My5vcmcvMjAwMC9zdmciPjwvc3ZnPg==\" style=\"--smush-placeholder-width: 640px; --smush-placeholder-aspect-ratio: 640\/427;\" \/><\/figure>\n\n\n\n<p>Todos destacaron la posibilidad de potenciar Fr\u00edas como ciudad cabecera de un circuito tur\u00edstico por excelencia en la Regi\u00f3n Albigasta habida cuenta de la infraestructura comercial existente y la posibilidad de la ampliaci\u00f3n de la misma.<\/p>\n\n\n\n<p>El Lic. Nelson Bravo destac\u00f3 la importancia de comenzar a trabajar con la ciudad de Fr\u00edas y desde este punto geogr\u00e1fico hacia toda la regi\u00f3n, comprometi\u00e9ndose a facilitar las posibilidades de gestionar los recursos que sean necesarios para el desarrollo correspondiente.<\/p>\n\n\n\n<p>Los intendentes catamarque\u00f1os manifestaron que todav\u00eda no est\u00e1 habilitado para el p\u00fablico en general las instalaciones del Dique El Bols\u00f3n porque no est\u00e1n concluidas las obras complementarias del mismo. Tambi\u00e9n se\u00f1alaron la importancia del convenio d trabajo que rubricaron el Gobernador Dr. Gerardo Zamora y el Lic. Ra\u00fal Jalil, gobernador de Catamarca a principios de este en la ciudad Capital de Santiago del Estero, abriendo de esta manera un abanico de posibilidades para el desarrollo del sudoeste santiague\u00f1o y el este catamarque\u00f1o.<\/p>\n\n\n\n<p>Otro de los puntos destacados fue el anuncio de la obras de pavimentaci\u00f3n de la Ruta Provincial N\u00ba 11 (Catamarca) desde Fr\u00edas hasta el Dique El Bols\u00f3n y la Ruta Provincial N\u00ba 6 (Catamarca) desde Calle Mart\u00edn Fierro Polongaci\u00f3n (oeste de Fr\u00edas) hasta la entrada de la localidad de El Albigasta.<\/p>\n\n\n\n<p>De esta manera, el Dr, Astor An\u00edbal Padula tambi\u00e9n destac\u00f3 el acompa\u00f1amiento del Gobierno de Santiago del Estero con sus pol\u00edticas de desarrollo para la Regi\u00f3n Albigasta, agradeciendo adem\u00e1s la gestiones de sus pares de la vecina provincia para que la ciudad de Fr\u00edas se convierta en el centro de las actividades regional de promoci\u00f3n y producci\u00f3n de turismo.<\/p>\n","protected":false},"excerpt":{"rendered":"<p>En la continuidad de las actividades que se iniciaron la semana anterior con un encuentro virtual entre funcionarios de la provincia de Santiago del Estero y la Secretar\u00eda de Producci\u00f3n y Turismo de la Municipalidad de Fr\u00edas y representantes de los hoteles y comercios de nuestro ciudad, el pasado jueves se realiz\u00f3 una intensa jornada presencial desarrollada en el Palacio Municipal.<\/p>\n","protected":false},"author":2,"featured_media":14350,"comment_status":"open","ping_status":"open","sticky":false,"template":"","format":"standard","meta":{"om_disable_all_campaigns":false,"_monsterinsights_skip_tracking":false,"_monsterinsights_sitenote_active":false,"_monsterinsights_sitenote_note":"","_monsterinsights_sitenote_category":0,"_uf_show_specific_survey":0,"_uf_disable_surveys":false,"jetpack_post_was_ever_published":false,"_jetpack_newsletter_access":"","_jetpack_dont_email_post_to_subs":false,"_jetpack_newsletter_tier_id":0,"_jetpack_memberships_contains_paywalled_content":false,"_jetpack_memberships_contains_paid_content":false,"footnotes":"","jetpack_publicize_message":"","jetpack_publicize_feature_enabled":true,"jetpack_social_post_already_shared":false,"jetpack_social_options":{"image_generator_settings":{"template":"highway","default_image_id":0,"font":"","enabled":false},"version":2}},"categories":[21],"tags":[],"class_list":["post-14349","post","type-post","status-publish","format-standard","has-post-thumbnail","hentry","category-locales"],"aioseo_notices":[],"views":5,"jetpack_publicize_connections":[],"jetpack_featured_media_url":"https:\/\/i0.wp.com\/elterritorialweb.com.ar\/web\/wp-content\/uploads\/2020\/12\/FRIAS-TURISMO.jpg?fit=960%2C640","jetpack_sharing_enabled":true,"_links":{"self":[{"href":"http:\/\/elterritorialweb.com.ar\/web\/wp-json\/wp\/v2\/posts\/14349","targetHints":{"allow":["GET"]}}],"collection":[{"href":"http:\/\/elterritorialweb.com.ar\/web\/wp-json\/wp\/v2\/posts"}],"about":[{"href":"http:\/\/elterritorialweb.com.ar\/web\/wp-json\/wp\/v2\/types\/post"}],"author":[{"embeddable":true,"href":"http:\/\/elterritorialweb.com.ar\/web\/wp-json\/wp\/v2\/users\/2"}],"replies":[{"embeddable":true,"href":"http:\/\/elterritorialweb.com.ar\/web\/wp-json\/wp\/v2\/comments?post=14349"}],"version-history":[{"count":1,"href":"http:\/\/elterritorialweb.com.ar\/web\/wp-json\/wp\/v2\/posts\/14349\/revisions"}],"predecessor-version":[{"id":14352,"href":"http:\/\/elterritorialweb.com.ar\/web\/wp-json\/wp\/v2\/posts\/14349\/revisions\/14352"}],"wp:featuredmedia":[{"embeddable":true,"href":"http:\/\/elterritorialweb.com.ar\/web\/wp-json\/wp\/v2\/media\/14350"}],"wp:attachment":[{"href":"http:\/\/elterritorialweb.com.ar\/web\/wp-json\/wp\/v2\/media?parent=14349"}],"wp:term":[{"taxonomy":"category","embeddable":true,"href":"http:\/\/elterritorialweb.com.ar\/web\/wp-json\/wp\/v2\/categories?post=14349"},{"taxonomy":"post_tag","embeddable":true,"href":"http:\/\/elterritorialweb.com.ar\/web\/wp-json\/wp\/v2\/tags?post=14349"}],"curies":[{"name":"wp","href":"https:\/\/api.w.org\/{rel}","templated":true}]}}