{"id":14398,"date":"2020-12-08T01:12:23","date_gmt":"2020-12-08T01:12:23","guid":{"rendered":"http:\/\/elterritorialweb.com.ar\/web\/?p=14398"},"modified":"2020-12-08T01:15:57","modified_gmt":"2020-12-08T01:15:57","slug":"el-gobernador-participo-del-acto-por-el-dia-del-empleado-publico-en-utepse","status":"publish","type":"post","link":"http:\/\/elterritorialweb.com.ar\/web\/el-gobernador-participo-del-acto-por-el-dia-del-empleado-publico-en-utepse\/","title":{"rendered":"EL GOBERNADOR PARTICIP\u00d3 DEL ACTO POR EL D\u00cdA DEL EMPLEADO P\u00daBLICO EN UTEPSE"},"content":{"rendered":"\n<p>Del encuentro participaron tambi\u00e9n, el secretario general de UTEPSE, Arq. An\u00edbal Ren\u00e9 Garz\u00f3n; vicegobernador Dr. Carlos Silva Neder, Senador Nacional, Jos\u00e9 Emilio Neder, el titular de la CGT local, Jos\u00e9 G\u00f3mez y algunos integrantes de la comisi\u00f3n directiva de UTEPSE.<\/p>\n\n\n\n<p>El secretario general de UTEPSE, Arq. An\u00edbal Ren\u00e9 Garz\u00f3n dijo \u201cbienvenido a su casa gobernador. Una vez m\u00e1s demuestra su humildad de acercarse a la sede de UTEPSE para compartir el d\u00eda del empleado p\u00fablico provincial.<\/p>\n\n\n\n<p>Valoramos su presencia y el compromiso con los trabajadores que en su<br>calidad de esenciales est\u00e1n en la primera l\u00ednea del combate contra un<br>virus que cambio la normalidad de nuestras vidas\u201d.<\/p>\n\n\n\n<p>Por otra parte record\u00f3 al ex secretario del gremio \u201ceste d\u00eda es muy especial para nosotros porque nuestro querido amigo Tono Romano no est\u00e1 y esto nos obliga a reflexionar profundamente sobre su legado, subrayando el compromiso de militancia sindical y pol\u00edtica a seguir\u201d.<\/p>\n\n\n\n<p>Luego se realiz\u00f3 la tradicional entrega de presentes a las autoridades<br>provinciales y nacionales.<br><\/p>\n\n\n\n<figure class=\"wp-block-image size-large\"><img data-recalc-dims=\"1\" decoding=\"async\" width=\"640\" height=\"427\" data-src=\"https:\/\/i0.wp.com\/elterritorialweb.com.ar\/web\/wp-content\/uploads\/2020\/12\/empleado-.jpg?resize=640%2C427\" alt=\"\" class=\"wp-image-14400 lazyload\" data-srcset=\"https:\/\/i0.wp.com\/elterritorialweb.com.ar\/web\/wp-content\/uploads\/2020\/12\/empleado--scaled.jpg?resize=1024%2C683 1024w, https:\/\/i0.wp.com\/elterritorialweb.com.ar\/web\/wp-content\/uploads\/2020\/12\/empleado--scaled.jpg?resize=300%2C200 300w, https:\/\/i0.wp.com\/elterritorialweb.com.ar\/web\/wp-content\/uploads\/2020\/12\/empleado--scaled.jpg?resize=768%2C512 768w, https:\/\/i0.wp.com\/elterritorialweb.com.ar\/web\/wp-content\/uploads\/2020\/12\/empleado--scaled.jpg?resize=1536%2C1024 1536w, https:\/\/i0.wp.com\/elterritorialweb.com.ar\/web\/wp-content\/uploads\/2020\/12\/empleado--scaled.jpg?resize=2048%2C1365 2048w, https:\/\/i0.wp.com\/elterritorialweb.com.ar\/web\/wp-content\/uploads\/2020\/12\/empleado--scaled.jpg?resize=675%2C450 675w, https:\/\/i0.wp.com\/elterritorialweb.com.ar\/web\/wp-content\/uploads\/2020\/12\/empleado--scaled.jpg?w=1280 1280w, https:\/\/i0.wp.com\/elterritorialweb.com.ar\/web\/wp-content\/uploads\/2020\/12\/empleado--scaled.jpg?w=1920 1920w\" data-sizes=\"(max-width: 640px) 100vw, 640px\" src=\"data:image\/svg+xml;base64,PHN2ZyB3aWR0aD0iMSIgaGVpZ2h0PSIxIiB4bWxucz0iaHR0cDovL3d3dy53My5vcmcvMjAwMC9zdmciPjwvc3ZnPg==\" style=\"--smush-placeholder-width: 640px; --smush-placeholder-aspect-ratio: 640\/427;\" \/><\/figure>\n\n\n\n<p>Finalmente, el Dr. Gerardo Zamora manifest\u00f3 \u201ces una fecha especial en<br>momentos dif\u00edciles, en un a\u00f1o que ha marcado en el mundo una situaci\u00f3n<br>que no esper\u00e1bamos vivir. <\/p>\n\n\n\n<p>En nombre m\u00edo, del senador nacional y del vicegobernador much\u00edsimas gracias a todos los empleados p\u00fablicos\u201d y luego record\u00f3 \u201cal querido Tono Romano\u201d y envi\u00f3 \u201cun abrazo a toda su familia y seres queridos\u201d.<\/p>\n\n\n\n<p>Seguidamente el Gobernador expres\u00f3 \u201cmandarle un saludo a todos los<br>gremios de los trabajadores p\u00fablicos santiague\u00f1os que hoy por las<br>cuestiones que todos conocemos no est\u00e1n aqu\u00ed\u201d y agreg\u00f3 \u201cmi<br>agradecimiento a todos los empleados p\u00fablicos y tambi\u00e9n un saludo para<br>los municipales que hace poco tuvieron su d\u00eda\u201d y finalmente, salud\u00f3 \u201ca<br>todos los hermanos santiague\u00f1os en estas fiestas que se avecinan, que<br>nos cuidemos y trabajemos con responsabilidad y que tambi\u00e9n podamos<br>llevar nuestra vida en todos nuestros \u00e1mbitos familiares, de divertimento y de cualquier actividad que realicemos, con esa responsabilidad de<br>cuidarnos todos\u201d.<\/p>\n","protected":false},"excerpt":{"rendered":"<p>El Gobernador de la provincia, Dr. Gerardo Zamora particip\u00f3 del emotivo acto por el d\u00eda del empleado p\u00fablico provincial realizado en la sede del gremio de UTEPSE (Uni\u00f3n de Trabajadores Estatales Provinciales de Santiago del Estero), donde se cumpli\u00f3 con el protocolo y todas las medidas de seguridad impuestas por el Covid \u2013 19. <\/p>\n","protected":false},"author":2,"featured_media":14399,"comment_status":"open","ping_status":"open","sticky":false,"template":"","format":"standard","meta":{"om_disable_all_campaigns":false,"_monsterinsights_skip_tracking":false,"_monsterinsights_sitenote_active":false,"_monsterinsights_sitenote_note":"","_monsterinsights_sitenote_category":0,"_uf_show_specific_survey":0,"_uf_disable_surveys":false,"jetpack_post_was_ever_published":false,"_jetpack_newsletter_access":"","_jetpack_dont_email_post_to_subs":false,"_jetpack_newsletter_tier_id":0,"_jetpack_memberships_contains_paywalled_content":false,"_jetpack_memberships_contains_paid_content":false,"footnotes":"","jetpack_publicize_message":"","jetpack_publicize_feature_enabled":true,"jetpack_social_post_already_shared":false,"jetpack_social_options":{"image_generator_settings":{"template":"highway","default_image_id":0,"font":"","enabled":false},"version":2}},"categories":[21],"tags":[],"class_list":["post-14398","post","type-post","status-publish","format-standard","has-post-thumbnail","hentry","category-locales"],"aioseo_notices":[],"views":9,"jetpack_publicize_connections":[],"jetpack_featured_media_url":"https:\/\/i0.wp.com\/elterritorialweb.com.ar\/web\/wp-content\/uploads\/2020\/12\/empleado-publico--scaled.jpg?fit=2560%2C1707","jetpack_sharing_enabled":true,"_links":{"self":[{"href":"http:\/\/elterritorialweb.com.ar\/web\/wp-json\/wp\/v2\/posts\/14398","targetHints":{"allow":["GET"]}}],"collection":[{"href":"http:\/\/elterritorialweb.com.ar\/web\/wp-json\/wp\/v2\/posts"}],"about":[{"href":"http:\/\/elterritorialweb.com.ar\/web\/wp-json\/wp\/v2\/types\/post"}],"author":[{"embeddable":true,"href":"http:\/\/elterritorialweb.com.ar\/web\/wp-json\/wp\/v2\/users\/2"}],"replies":[{"embeddable":true,"href":"http:\/\/elterritorialweb.com.ar\/web\/wp-json\/wp\/v2\/comments?post=14398"}],"version-history":[{"count":1,"href":"http:\/\/elterritorialweb.com.ar\/web\/wp-json\/wp\/v2\/posts\/14398\/revisions"}],"predecessor-version":[{"id":14401,"href":"http:\/\/elterritorialweb.com.ar\/web\/wp-json\/wp\/v2\/posts\/14398\/revisions\/14401"}],"wp:featuredmedia":[{"embeddable":true,"href":"http:\/\/elterritorialweb.com.ar\/web\/wp-json\/wp\/v2\/media\/14399"}],"wp:attachment":[{"href":"http:\/\/elterritorialweb.com.ar\/web\/wp-json\/wp\/v2\/media?parent=14398"}],"wp:term":[{"taxonomy":"category","embeddable":true,"href":"http:\/\/elterritorialweb.com.ar\/web\/wp-json\/wp\/v2\/categories?post=14398"},{"taxonomy":"post_tag","embeddable":true,"href":"http:\/\/elterritorialweb.com.ar\/web\/wp-json\/wp\/v2\/tags?post=14398"}],"curies":[{"name":"wp","href":"https:\/\/api.w.org\/{rel}","templated":true}]}}