{"id":14881,"date":"2020-12-19T17:53:27","date_gmt":"2020-12-19T17:53:27","guid":{"rendered":"http:\/\/elterritorialweb.com.ar\/web\/?p=14881"},"modified":"2020-12-19T17:53:28","modified_gmt":"2020-12-19T17:53:28","slug":"el-ministro-mandrile-participo-del-25-edicion-del-premio-exportar","status":"publish","type":"post","link":"http:\/\/elterritorialweb.com.ar\/web\/el-ministro-mandrile-participo-del-25-edicion-del-premio-exportar\/","title":{"rendered":"EL MINISTRO MANDRILE PARTICIP\u00d3 DEL 25\u00b0 EDICI\u00d3N DEL PREMIO EXPORTAR"},"content":{"rendered":"\n<p>En la ceremonia, llevada a cabo en el Palacio San Mart\u00edn y presidida por el Canciller Felipe Sol\u00e1, fueron premiadas 11 empresas argentinas, entre las que se encuentra MELSE S.A., ganadora de la categor\u00eda Desaf\u00edo<br>Exportador: bienes. La empresa santiague\u00f1a fue reconocida por duplicar<br>las exportaciones originalmente planeadas de miel, llegando a vender 10<br>contenedores, gracias a la calidad de su mercader\u00eda y la responsabilidad<br>asumida con sus clientes.<\/p>\n","protected":false},"excerpt":{"rendered":"<p>El Ministro de Producci\u00f3n, Med Vet. Miguel Mandrille particip\u00f3 de una jornada virtual v\u00eda zoom en la 25\u00b0 edici\u00f3n del PREMIO EXPORTAR, que reconoce a las empresas argentinas que cada a\u00f1o realizan un aporte significativo a la actividad exportadora.  <\/p>\n","protected":false},"author":2,"featured_media":14882,"comment_status":"open","ping_status":"open","sticky":false,"template":"","format":"standard","meta":{"om_disable_all_campaigns":false,"_monsterinsights_skip_tracking":false,"_monsterinsights_sitenote_active":false,"_monsterinsights_sitenote_note":"","_monsterinsights_sitenote_category":0,"_uf_show_specific_survey":0,"_uf_disable_surveys":false,"jetpack_post_was_ever_published":false,"_jetpack_newsletter_access":"","_jetpack_dont_email_post_to_subs":false,"_jetpack_newsletter_tier_id":0,"_jetpack_memberships_contains_paywalled_content":false,"_jetpack_memberships_contains_paid_content":false,"footnotes":"","jetpack_publicize_message":"","jetpack_publicize_feature_enabled":true,"jetpack_social_post_already_shared":false,"jetpack_social_options":{"image_generator_settings":{"template":"highway","default_image_id":0,"font":"","enabled":false},"version":2}},"categories":[21],"tags":[],"class_list":["post-14881","post","type-post","status-publish","format-standard","has-post-thumbnail","hentry","category-locales"],"aioseo_notices":[],"views":6,"jetpack_publicize_connections":[],"jetpack_featured_media_url":"https:\/\/i0.wp.com\/elterritorialweb.com.ar\/web\/wp-content\/uploads\/2020\/12\/premio-.jpg?fit=1366%2C675","jetpack_sharing_enabled":true,"_links":{"self":[{"href":"http:\/\/elterritorialweb.com.ar\/web\/wp-json\/wp\/v2\/posts\/14881","targetHints":{"allow":["GET"]}}],"collection":[{"href":"http:\/\/elterritorialweb.com.ar\/web\/wp-json\/wp\/v2\/posts"}],"about":[{"href":"http:\/\/elterritorialweb.com.ar\/web\/wp-json\/wp\/v2\/types\/post"}],"author":[{"embeddable":true,"href":"http:\/\/elterritorialweb.com.ar\/web\/wp-json\/wp\/v2\/users\/2"}],"replies":[{"embeddable":true,"href":"http:\/\/elterritorialweb.com.ar\/web\/wp-json\/wp\/v2\/comments?post=14881"}],"version-history":[{"count":1,"href":"http:\/\/elterritorialweb.com.ar\/web\/wp-json\/wp\/v2\/posts\/14881\/revisions"}],"predecessor-version":[{"id":14883,"href":"http:\/\/elterritorialweb.com.ar\/web\/wp-json\/wp\/v2\/posts\/14881\/revisions\/14883"}],"wp:featuredmedia":[{"embeddable":true,"href":"http:\/\/elterritorialweb.com.ar\/web\/wp-json\/wp\/v2\/media\/14882"}],"wp:attachment":[{"href":"http:\/\/elterritorialweb.com.ar\/web\/wp-json\/wp\/v2\/media?parent=14881"}],"wp:term":[{"taxonomy":"category","embeddable":true,"href":"http:\/\/elterritorialweb.com.ar\/web\/wp-json\/wp\/v2\/categories?post=14881"},{"taxonomy":"post_tag","embeddable":true,"href":"http:\/\/elterritorialweb.com.ar\/web\/wp-json\/wp\/v2\/tags?post=14881"}],"curies":[{"name":"wp","href":"https:\/\/api.w.org\/{rel}","templated":true}]}}