{"id":14884,"date":"2020-12-19T18:17:28","date_gmt":"2020-12-19T18:17:28","guid":{"rendered":"http:\/\/elterritorialweb.com.ar\/web\/?p=14884"},"modified":"2020-12-19T18:17:30","modified_gmt":"2020-12-19T18:17:30","slug":"zamora-y-meoni-firmaron-convenios-para-construir-terminales-de-omnibus-en-monte-quemado-y-loreto","status":"publish","type":"post","link":"http:\/\/elterritorialweb.com.ar\/web\/zamora-y-meoni-firmaron-convenios-para-construir-terminales-de-omnibus-en-monte-quemado-y-loreto\/","title":{"rendered":"ZAMORA Y MEONI FIRMARON CONVENIOS PARA CONSTRUIR TERMINALES DE OMNIBUS EN MONTE QUEMADO Y LORETO"},"content":{"rendered":"\n<p>Del acto participo el presidente de la Honorable C\u00e1mara de Diputados de la Naci\u00f3n, Dr. Sergio Massa.<\/p>\n\n\n\n<figure class=\"wp-block-image size-large\"><a href=\"https:\/\/i0.wp.com\/elterritorialweb.com.ar\/web\/wp-content\/uploads\/2020\/12\/ZAMORA-MEONI-Y-MASSA.jpg\"><img data-recalc-dims=\"1\" decoding=\"async\" width=\"640\" height=\"427\" data-src=\"https:\/\/i0.wp.com\/elterritorialweb.com.ar\/web\/wp-content\/uploads\/2020\/12\/ZAMORA-MEONI-Y-MASSA.jpg?resize=640%2C427\" alt=\"\" class=\"wp-image-14886 lazyload\" data-srcset=\"https:\/\/i0.wp.com\/elterritorialweb.com.ar\/web\/wp-content\/uploads\/2020\/12\/ZAMORA-MEONI-Y-MASSA.jpg?w=960 960w, https:\/\/i0.wp.com\/elterritorialweb.com.ar\/web\/wp-content\/uploads\/2020\/12\/ZAMORA-MEONI-Y-MASSA.jpg?resize=300%2C200 300w, https:\/\/i0.wp.com\/elterritorialweb.com.ar\/web\/wp-content\/uploads\/2020\/12\/ZAMORA-MEONI-Y-MASSA.jpg?resize=768%2C512 768w, https:\/\/i0.wp.com\/elterritorialweb.com.ar\/web\/wp-content\/uploads\/2020\/12\/ZAMORA-MEONI-Y-MASSA.jpg?resize=675%2C450 675w\" data-sizes=\"(max-width: 640px) 100vw, 640px\" src=\"data:image\/svg+xml;base64,PHN2ZyB3aWR0aD0iMSIgaGVpZ2h0PSIxIiB4bWxucz0iaHR0cDovL3d3dy53My5vcmcvMjAwMC9zdmciPjwvc3ZnPg==\" style=\"--smush-placeholder-width: 640px; --smush-placeholder-aspect-ratio: 640\/427;\" \/><\/a><\/figure>\n\n\n\n<p>La jornada se cumpli\u00f3 en el centro de Convenciones, FORUM, con la participaci\u00f3n, adem\u00e1s, del jefe de Gabinete de Ministros de la provincia, El\u00edas Su\u00e1rez, vicegobernador Dr. Carlos Silva Neder, los intendentes de Monte Quemado, Manuel Castillo, de Loreto, Dr. Jos\u00e9 Luis Artaza, autoridades provinciales, legisladores provinciales, diputados nacionales y senadores por nuestra provincia.<\/p>\n\n\n\n<figure class=\"wp-block-image size-large\"><a href=\"https:\/\/i0.wp.com\/elterritorialweb.com.ar\/web\/wp-content\/uploads\/2020\/12\/ZAMORA-Y-MEONI-1.jpg\"><img data-recalc-dims=\"1\" decoding=\"async\" width=\"640\" height=\"427\" data-src=\"https:\/\/i0.wp.com\/elterritorialweb.com.ar\/web\/wp-content\/uploads\/2020\/12\/ZAMORA-Y-MEONI-1.jpg?resize=640%2C427\" alt=\"\" class=\"wp-image-14887 lazyload\" data-srcset=\"https:\/\/i0.wp.com\/elterritorialweb.com.ar\/web\/wp-content\/uploads\/2020\/12\/ZAMORA-Y-MEONI-1.jpg?w=960 960w, https:\/\/i0.wp.com\/elterritorialweb.com.ar\/web\/wp-content\/uploads\/2020\/12\/ZAMORA-Y-MEONI-1.jpg?resize=300%2C200 300w, https:\/\/i0.wp.com\/elterritorialweb.com.ar\/web\/wp-content\/uploads\/2020\/12\/ZAMORA-Y-MEONI-1.jpg?resize=768%2C512 768w, https:\/\/i0.wp.com\/elterritorialweb.com.ar\/web\/wp-content\/uploads\/2020\/12\/ZAMORA-Y-MEONI-1.jpg?resize=675%2C450 675w\" data-sizes=\"(max-width: 640px) 100vw, 640px\" src=\"data:image\/svg+xml;base64,PHN2ZyB3aWR0aD0iMSIgaGVpZ2h0PSIxIiB4bWxucz0iaHR0cDovL3d3dy53My5vcmcvMjAwMC9zdmciPjwvc3ZnPg==\" style=\"--smush-placeholder-width: 640px; --smush-placeholder-aspect-ratio: 640\/427;\" \/><\/a><\/figure>\n\n\n\n<p>El convenio, remarca la construcci\u00f3n de dos nuevas terminales de \u00f3mnibus en las ciudades de Monte Quemado (Departamento Copo) y Loreto (Departamento Loreto), las que contar\u00e1n con un dise\u00f1o inclusivo para personas con discapacidad, con perspectiva de g\u00e9nero y que van a estar pensadas para ser ambientalmente m\u00e1s sostenibles, beneficiando a m\u00e1s de 32.500 personas que viven en la zona de las ciudades beneficiadas con la obra.<\/p>\n\n\n\n<p>El primer orador fue el gobernador de la provincia <strong>Dr. Gerardo Zamora <\/strong>quien agradeci\u00f3 <em>\u201cal presidente de la naci\u00f3n Dr. Alberto Fern\u00e1ndez que ha decidido del primer d\u00eda comenzar a restablecer un federalismo en nuestro pa\u00eds\u201d <\/em>y agreg\u00f3 <em>\u201cen nombre de este federalismo agradezco mucho el acompa\u00f1amiento del presidente de la c\u00e1mara de diputados de la naci\u00f3n y en el caso particular al ministro Meoni, no solo por la firma de las terminales de Monte Quemado y Loreto, sino tambi\u00e9n porque se van a trasladar a la Ciudad de la Banda y se va a firmar con el intendente de la Banda otra inversi\u00f3n que tiene que ver con la recuperaci\u00f3n ferroviaria y esto para nosotros es muy importante\u201d<\/em>, resalt\u00f3.<\/p>\n\n\n\n<figure class=\"wp-block-image size-large\"><a href=\"https:\/\/i0.wp.com\/elterritorialweb.com.ar\/web\/wp-content\/uploads\/2020\/12\/visita-convenio.jpg\"><img data-recalc-dims=\"1\" decoding=\"async\" width=\"640\" height=\"427\" data-src=\"https:\/\/i0.wp.com\/elterritorialweb.com.ar\/web\/wp-content\/uploads\/2020\/12\/visita-convenio.jpg?resize=640%2C427\" alt=\"\" class=\"wp-image-14888 lazyload\" data-srcset=\"https:\/\/i0.wp.com\/elterritorialweb.com.ar\/web\/wp-content\/uploads\/2020\/12\/visita-convenio.jpg?resize=1024%2C683 1024w, https:\/\/i0.wp.com\/elterritorialweb.com.ar\/web\/wp-content\/uploads\/2020\/12\/visita-convenio.jpg?resize=300%2C200 300w, https:\/\/i0.wp.com\/elterritorialweb.com.ar\/web\/wp-content\/uploads\/2020\/12\/visita-convenio.jpg?resize=768%2C512 768w, https:\/\/i0.wp.com\/elterritorialweb.com.ar\/web\/wp-content\/uploads\/2020\/12\/visita-convenio.jpg?resize=675%2C450 675w, https:\/\/i0.wp.com\/elterritorialweb.com.ar\/web\/wp-content\/uploads\/2020\/12\/visita-convenio.jpg?w=1500 1500w, https:\/\/i0.wp.com\/elterritorialweb.com.ar\/web\/wp-content\/uploads\/2020\/12\/visita-convenio.jpg?w=1280 1280w\" data-sizes=\"(max-width: 640px) 100vw, 640px\" src=\"data:image\/svg+xml;base64,PHN2ZyB3aWR0aD0iMSIgaGVpZ2h0PSIxIiB4bWxucz0iaHR0cDovL3d3dy53My5vcmcvMjAwMC9zdmciPjwvc3ZnPg==\" style=\"--smush-placeholder-width: 640px; --smush-placeholder-aspect-ratio: 640\/427;\" \/><\/a><\/figure>\n\n\n\n<p>A su vez, el<strong> ministro Meoni<\/strong> dijo que: <em>\u00abhace muchos a\u00f1os que no ven\u00eda a Santiago del Estero y es por eso que me siento muy alegre y feliz por toda la gesti\u00f3n que viene llevando a cabo el gobernador Zamora. Vine cuando militamos de j\u00f3venes y so\u00f1\u00e1bamos con una Argentina distinta e inclusiva y con una igualdad de oportunidades. Y la verdad es que en esta provincia hay un desarrollo extraordinario y es otro lugar, uno lo ve por televisi\u00f3n y ve las decisiones estrat\u00e9gicas que ha tomado el gobernador en cuanto al desarrollo en materia cultural y deportiva, en lo econ\u00f3mico y en lo tur\u00edstico y es un placer ver lo concretado\u201d<\/em> y agreg\u00f3 <em>\u201chace unos d\u00edas firmamos tambi\u00e9n la terminaci\u00f3n de la parte norte de Belgrano Norte de la provincia y en los pr\u00f3ximos meses vamos a seguir trabajando con el gobernador en el desarrollo de esta v\u00eda y tambi\u00e9n en el Tren Central Argentino y el desarrollo de la carga, con la idea de un viaje m\u00e1s confortable y un cambio de transporte de cargas\u201d.<\/em><\/p>\n\n\n\n<figure class=\"wp-block-image size-large\"><a href=\"https:\/\/i0.wp.com\/elterritorialweb.com.ar\/web\/wp-content\/uploads\/2020\/12\/visita.jpg\"><img data-recalc-dims=\"1\" decoding=\"async\" width=\"640\" height=\"427\" data-src=\"https:\/\/i0.wp.com\/elterritorialweb.com.ar\/web\/wp-content\/uploads\/2020\/12\/visita.jpg?resize=640%2C427\" alt=\"\" class=\"wp-image-14889 lazyload\" data-srcset=\"https:\/\/i0.wp.com\/elterritorialweb.com.ar\/web\/wp-content\/uploads\/2020\/12\/visita.jpg?resize=1024%2C683 1024w, https:\/\/i0.wp.com\/elterritorialweb.com.ar\/web\/wp-content\/uploads\/2020\/12\/visita.jpg?resize=300%2C200 300w, https:\/\/i0.wp.com\/elterritorialweb.com.ar\/web\/wp-content\/uploads\/2020\/12\/visita.jpg?resize=768%2C512 768w, https:\/\/i0.wp.com\/elterritorialweb.com.ar\/web\/wp-content\/uploads\/2020\/12\/visita.jpg?resize=675%2C450 675w, https:\/\/i0.wp.com\/elterritorialweb.com.ar\/web\/wp-content\/uploads\/2020\/12\/visita.jpg?w=1500 1500w, https:\/\/i0.wp.com\/elterritorialweb.com.ar\/web\/wp-content\/uploads\/2020\/12\/visita.jpg?w=1280 1280w\" data-sizes=\"(max-width: 640px) 100vw, 640px\" src=\"data:image\/svg+xml;base64,PHN2ZyB3aWR0aD0iMSIgaGVpZ2h0PSIxIiB4bWxucz0iaHR0cDovL3d3dy53My5vcmcvMjAwMC9zdmciPjwvc3ZnPg==\" style=\"--smush-placeholder-width: 640px; --smush-placeholder-aspect-ratio: 640\/427;\" \/><\/a><\/figure>\n\n\n\n<p>Finalmente <strong>Sergio Maza<\/strong> expres\u00f3; <em>\u201cen primer lugar quiero agradecer al gobernador Gerardo Zamora no s\u00f3lo por su cordialidad y hospitalidad cada vez que me toca visitar la provincia, sino por sobre todas las cosas su honestidad, seriedad, responsabilidad con la que viene trabajando a lo largo de este a\u00f1o, al lado del gobierno nacional\u201d <\/em>y agreg\u00f3<em> \u201ccon una actitud solidaria, responsable en el marco de una pandemia que claramente nos hace a todos sentir que queremos que termine en cuanto antes el a\u00f1o y que el a\u00f1o que empiece, empiece distinto\u201d,<\/em> se\u00f1al\u00f3 Sergio Massa.<\/p>\n\n\n\n<figure class=\"wp-block-image size-large\"><a href=\"https:\/\/i0.wp.com\/elterritorialweb.com.ar\/web\/wp-content\/uploads\/2020\/12\/visita-1.jpg\"><img data-recalc-dims=\"1\" decoding=\"async\" width=\"640\" height=\"427\" data-src=\"https:\/\/i0.wp.com\/elterritorialweb.com.ar\/web\/wp-content\/uploads\/2020\/12\/visita-1.jpg?resize=640%2C427\" alt=\"\" class=\"wp-image-14890 lazyload\" data-srcset=\"https:\/\/i0.wp.com\/elterritorialweb.com.ar\/web\/wp-content\/uploads\/2020\/12\/visita-1.jpg?resize=1024%2C683 1024w, https:\/\/i0.wp.com\/elterritorialweb.com.ar\/web\/wp-content\/uploads\/2020\/12\/visita-1.jpg?resize=300%2C200 300w, https:\/\/i0.wp.com\/elterritorialweb.com.ar\/web\/wp-content\/uploads\/2020\/12\/visita-1.jpg?resize=768%2C512 768w, https:\/\/i0.wp.com\/elterritorialweb.com.ar\/web\/wp-content\/uploads\/2020\/12\/visita-1.jpg?resize=675%2C450 675w, https:\/\/i0.wp.com\/elterritorialweb.com.ar\/web\/wp-content\/uploads\/2020\/12\/visita-1.jpg?w=1500 1500w, https:\/\/i0.wp.com\/elterritorialweb.com.ar\/web\/wp-content\/uploads\/2020\/12\/visita-1.jpg?w=1280 1280w\" data-sizes=\"(max-width: 640px) 100vw, 640px\" src=\"data:image\/svg+xml;base64,PHN2ZyB3aWR0aD0iMSIgaGVpZ2h0PSIxIiB4bWxucz0iaHR0cDovL3d3dy53My5vcmcvMjAwMC9zdmciPjwvc3ZnPg==\" style=\"--smush-placeholder-width: 640px; --smush-placeholder-aspect-ratio: 640\/427;\" \/><\/a><\/figure>\n","protected":false},"excerpt":{"rendered":"<p>El gobernador de la Provincia, Dr. Gerardo Zamora y el ministro de Transporte de la Naci\u00f3n, Mario Meoni firmaron el convenio para la construcci\u00f3n de dos nuevas y modernas terminales de \u00f3mnibus en las ciudades de Monte Quemado y de Loreto. <\/p>\n","protected":false},"author":2,"featured_media":14885,"comment_status":"open","ping_status":"open","sticky":false,"template":"","format":"standard","meta":{"om_disable_all_campaigns":false,"_monsterinsights_skip_tracking":false,"_monsterinsights_sitenote_active":false,"_monsterinsights_sitenote_note":"","_monsterinsights_sitenote_category":0,"_uf_show_specific_survey":0,"_uf_disable_surveys":false,"jetpack_post_was_ever_published":false,"_jetpack_newsletter_access":"","_jetpack_dont_email_post_to_subs":false,"_jetpack_newsletter_tier_id":0,"_jetpack_memberships_contains_paywalled_content":false,"_jetpack_memberships_contains_paid_content":false,"footnotes":"","jetpack_publicize_message":"","jetpack_publicize_feature_enabled":true,"jetpack_social_post_already_shared":false,"jetpack_social_options":{"image_generator_settings":{"template":"highway","default_image_id":0,"font":"","enabled":false},"version":2}},"categories":[21],"tags":[],"class_list":["post-14884","post","type-post","status-publish","format-standard","has-post-thumbnail","hentry","category-locales"],"aioseo_notices":[],"views":6,"jetpack_publicize_connections":[],"jetpack_featured_media_url":"https:\/\/i0.wp.com\/elterritorialweb.com.ar\/web\/wp-content\/uploads\/2020\/12\/ZAMORA-Y-MEONI.jpg?fit=960%2C640","jetpack_sharing_enabled":true,"_links":{"self":[{"href":"http:\/\/elterritorialweb.com.ar\/web\/wp-json\/wp\/v2\/posts\/14884","targetHints":{"allow":["GET"]}}],"collection":[{"href":"http:\/\/elterritorialweb.com.ar\/web\/wp-json\/wp\/v2\/posts"}],"about":[{"href":"http:\/\/elterritorialweb.com.ar\/web\/wp-json\/wp\/v2\/types\/post"}],"author":[{"embeddable":true,"href":"http:\/\/elterritorialweb.com.ar\/web\/wp-json\/wp\/v2\/users\/2"}],"replies":[{"embeddable":true,"href":"http:\/\/elterritorialweb.com.ar\/web\/wp-json\/wp\/v2\/comments?post=14884"}],"version-history":[{"count":1,"href":"http:\/\/elterritorialweb.com.ar\/web\/wp-json\/wp\/v2\/posts\/14884\/revisions"}],"predecessor-version":[{"id":14891,"href":"http:\/\/elterritorialweb.com.ar\/web\/wp-json\/wp\/v2\/posts\/14884\/revisions\/14891"}],"wp:featuredmedia":[{"embeddable":true,"href":"http:\/\/elterritorialweb.com.ar\/web\/wp-json\/wp\/v2\/media\/14885"}],"wp:attachment":[{"href":"http:\/\/elterritorialweb.com.ar\/web\/wp-json\/wp\/v2\/media?parent=14884"}],"wp:term":[{"taxonomy":"category","embeddable":true,"href":"http:\/\/elterritorialweb.com.ar\/web\/wp-json\/wp\/v2\/categories?post=14884"},{"taxonomy":"post_tag","embeddable":true,"href":"http:\/\/elterritorialweb.com.ar\/web\/wp-json\/wp\/v2\/tags?post=14884"}],"curies":[{"name":"wp","href":"https:\/\/api.w.org\/{rel}","templated":true}]}}