{"id":14892,"date":"2020-12-19T18:26:01","date_gmt":"2020-12-19T18:26:01","guid":{"rendered":"http:\/\/elterritorialweb.com.ar\/web\/?p=14892"},"modified":"2020-12-19T18:29:01","modified_gmt":"2020-12-19T18:29:01","slug":"el-programa-mis-primeros-1700-dias-llego-a-villa-silipica","status":"publish","type":"post","link":"http:\/\/elterritorialweb.com.ar\/web\/el-programa-mis-primeros-1700-dias-llego-a-villa-silipica\/","title":{"rendered":"EL PROGRAMA \u00abMIS PRIMEROS 1700 D\u00cdAS\u00bb LLEG\u00d3 A VILLA SILIPICA"},"content":{"rendered":"\n<p>Cabe destacar que este programa busca proteger la salud de mujeres, ni\u00f1os y ni\u00f1as garantizando que todos tengan las mismas oportunidades de acceder a un desarrollo integral en sus condiciones f\u00edsicas, cognitivas, sociales y culturales. <\/p>\n\n\n\n<p>Para ello se refuerza su nutrici\u00f3n, el acompa\u00f1amiento por parte del equipo de salud y los controles de salud necesarios desde el comienzo de su vida. <\/p>\n\n\n\n<figure class=\"wp-block-image size-large\"><a href=\"https:\/\/i0.wp.com\/elterritorialweb.com.ar\/web\/wp-content\/uploads\/2020\/12\/1700-DIAS-VILLA-SILIPICA-1.jpg\"><img data-recalc-dims=\"1\" decoding=\"async\" width=\"640\" height=\"427\" data-src=\"https:\/\/i0.wp.com\/elterritorialweb.com.ar\/web\/wp-content\/uploads\/2020\/12\/1700-DIAS-VILLA-SILIPICA-1.jpg?resize=640%2C427\" alt=\"\" class=\"wp-image-14894 lazyload\" data-srcset=\"https:\/\/i0.wp.com\/elterritorialweb.com.ar\/web\/wp-content\/uploads\/2020\/12\/1700-DIAS-VILLA-SILIPICA-1.jpg?resize=1024%2C683 1024w, https:\/\/i0.wp.com\/elterritorialweb.com.ar\/web\/wp-content\/uploads\/2020\/12\/1700-DIAS-VILLA-SILIPICA-1.jpg?resize=300%2C200 300w, https:\/\/i0.wp.com\/elterritorialweb.com.ar\/web\/wp-content\/uploads\/2020\/12\/1700-DIAS-VILLA-SILIPICA-1.jpg?resize=768%2C512 768w, https:\/\/i0.wp.com\/elterritorialweb.com.ar\/web\/wp-content\/uploads\/2020\/12\/1700-DIAS-VILLA-SILIPICA-1.jpg?resize=1536%2C1024 1536w, https:\/\/i0.wp.com\/elterritorialweb.com.ar\/web\/wp-content\/uploads\/2020\/12\/1700-DIAS-VILLA-SILIPICA-1.jpg?resize=675%2C450 675w, https:\/\/i0.wp.com\/elterritorialweb.com.ar\/web\/wp-content\/uploads\/2020\/12\/1700-DIAS-VILLA-SILIPICA-1.jpg?w=2048 2048w, https:\/\/i0.wp.com\/elterritorialweb.com.ar\/web\/wp-content\/uploads\/2020\/12\/1700-DIAS-VILLA-SILIPICA-1.jpg?w=1280 1280w, https:\/\/i0.wp.com\/elterritorialweb.com.ar\/web\/wp-content\/uploads\/2020\/12\/1700-DIAS-VILLA-SILIPICA-1.jpg?w=1920 1920w\" data-sizes=\"(max-width: 640px) 100vw, 640px\" src=\"data:image\/svg+xml;base64,PHN2ZyB3aWR0aD0iMSIgaGVpZ2h0PSIxIiB4bWxucz0iaHR0cDovL3d3dy53My5vcmcvMjAwMC9zdmciPjwvc3ZnPg==\" style=\"--smush-placeholder-width: 640px; --smush-placeholder-aspect-ratio: 640\/427;\" \/><\/a><\/figure>\n\n\n\n<p>La entrega cont\u00f3 con la presencia del Dr. Benjam\u00edn Coria, referente del Programa Provincial, acompa\u00f1ado por el Comisionado de Villa Sil\u00edpica, Carlos Concha y personal de salud, quienes fueron explicando y capacitando a las madres y padres, sobre la utilizaci\u00f3n adecuada de cada uno de los productos para mejorar la alimentaci\u00f3n de los m\u00e1s peque\u00f1os. <\/p>\n\n\n\n<p>En este sentido, Carlos Concha, Comisionado de Villa Sil\u00edpica destac\u00f3 la importancia de implementar este programa para su poblaci\u00f3n y subray\u00f3 \u201clos productos los vamos a entregar en la Comisi\u00f3n Municipal y para aquellas personas que no vienen a retirarlos los vamos a ir entregando casa por casa\u201d.<\/p>\n","protected":false},"excerpt":{"rendered":"<p>Dando continuidad al Programa provincial \u201cMis Primeros 1700 d\u00edas\u201d, se realiz\u00f3 la entrega de insumos en el santuario de Mama Antula, en la localidad de Villa Sil\u00edpica, ubicada en el departamento Sil\u00edpica, en donde asistieron mujeres, ni\u00f1os, ni\u00f1as y familias de dicha comunidad y de los parajes vecinos. <\/p>\n","protected":false},"author":2,"featured_media":14893,"comment_status":"open","ping_status":"open","sticky":false,"template":"","format":"standard","meta":{"om_disable_all_campaigns":false,"_monsterinsights_skip_tracking":false,"_monsterinsights_sitenote_active":false,"_monsterinsights_sitenote_note":"","_monsterinsights_sitenote_category":0,"_uf_show_specific_survey":0,"_uf_disable_surveys":false,"jetpack_post_was_ever_published":false,"_jetpack_newsletter_access":"","_jetpack_dont_email_post_to_subs":false,"_jetpack_newsletter_tier_id":0,"_jetpack_memberships_contains_paywalled_content":false,"_jetpack_memberships_contains_paid_content":false,"footnotes":"","jetpack_publicize_message":"","jetpack_publicize_feature_enabled":true,"jetpack_social_post_already_shared":false,"jetpack_social_options":{"image_generator_settings":{"template":"highway","default_image_id":0,"font":"","enabled":false},"version":2}},"categories":[21],"tags":[],"class_list":["post-14892","post","type-post","status-publish","format-standard","has-post-thumbnail","hentry","category-locales"],"aioseo_notices":[],"views":8,"jetpack_publicize_connections":[],"jetpack_featured_media_url":"https:\/\/i0.wp.com\/elterritorialweb.com.ar\/web\/wp-content\/uploads\/2020\/12\/1700-DIAS-VILLA-SILIPICA.jpg?fit=593%2C395","jetpack_sharing_enabled":true,"_links":{"self":[{"href":"http:\/\/elterritorialweb.com.ar\/web\/wp-json\/wp\/v2\/posts\/14892","targetHints":{"allow":["GET"]}}],"collection":[{"href":"http:\/\/elterritorialweb.com.ar\/web\/wp-json\/wp\/v2\/posts"}],"about":[{"href":"http:\/\/elterritorialweb.com.ar\/web\/wp-json\/wp\/v2\/types\/post"}],"author":[{"embeddable":true,"href":"http:\/\/elterritorialweb.com.ar\/web\/wp-json\/wp\/v2\/users\/2"}],"replies":[{"embeddable":true,"href":"http:\/\/elterritorialweb.com.ar\/web\/wp-json\/wp\/v2\/comments?post=14892"}],"version-history":[{"count":2,"href":"http:\/\/elterritorialweb.com.ar\/web\/wp-json\/wp\/v2\/posts\/14892\/revisions"}],"predecessor-version":[{"id":14897,"href":"http:\/\/elterritorialweb.com.ar\/web\/wp-json\/wp\/v2\/posts\/14892\/revisions\/14897"}],"wp:featuredmedia":[{"embeddable":true,"href":"http:\/\/elterritorialweb.com.ar\/web\/wp-json\/wp\/v2\/media\/14893"}],"wp:attachment":[{"href":"http:\/\/elterritorialweb.com.ar\/web\/wp-json\/wp\/v2\/media?parent=14892"}],"wp:term":[{"taxonomy":"category","embeddable":true,"href":"http:\/\/elterritorialweb.com.ar\/web\/wp-json\/wp\/v2\/categories?post=14892"},{"taxonomy":"post_tag","embeddable":true,"href":"http:\/\/elterritorialweb.com.ar\/web\/wp-json\/wp\/v2\/tags?post=14892"}],"curies":[{"name":"wp","href":"https:\/\/api.w.org\/{rel}","templated":true}]}}