{"id":14898,"date":"2020-12-19T21:45:01","date_gmt":"2020-12-19T21:45:01","guid":{"rendered":"http:\/\/elterritorialweb.com.ar\/web\/?p=14898"},"modified":"2020-12-19T21:45:02","modified_gmt":"2020-12-19T21:45:02","slug":"convenio-para-fortalecer-el-trabajo-interinstitucional-contra-la-pandemia","status":"publish","type":"post","link":"http:\/\/elterritorialweb.com.ar\/web\/convenio-para-fortalecer-el-trabajo-interinstitucional-contra-la-pandemia\/","title":{"rendered":"CONVENIO PARA FORTALECER EL TRABAJO INTERINSTITUCIONAL CONTRA LA PANDEMIA"},"content":{"rendered":"\n<p>Durante el acto, tambi\u00e9n rubricaron acuerdos espec\u00edficos con la Universidad, el Ministro de Producci\u00f3n, Dr. Miguel Mandrille y el Presidente del Consejo de M\u00e9dicos Veterinarios, Dr. Ariel Alberto Dib Campitelli.<\/p>\n\n\n\n<p>Los convenios se firmaron en el marco del Proyecto \u201cVigilancia epidemiol\u00f3gica de animales dom\u00e9sticos de personas infectadas con SARS-CoV2 y de posibles reservorios, amplificadores y\/o transmisores del virus en la fauna aut\u00f3ctona\u201d, que tiene como director al Dr. Fernando Rivero y como codirector al Dr. David Di Lullo, ambos pertenecientes al Instituto Multidisciplinario de Salud, Tecnolog\u00edas y Desarrollo (IMSaTeD UNSE &#8211; CONICET).Este proyecto, fue seleccionado en la convocatoria extraordinaria de la Unidad Coronavirus Covid 19 y financiado por la Agencia de Promoci\u00f3n de la Investigaci\u00f3n, el Desarrollo Tecnol\u00f3gico.<\/p>\n\n\n\n<p>Para ello, las instituciones se comprometen a facilitar y fortalecer esta vinculaci\u00f3n a partir de los recursos existentes en cada una de ellas. Los coordinadores de las actividades y tareas que se desarrollen estar\u00e1n a cargo del Dr. Fernando Rivero por la UNSE y del Director del Departamento de Docencia, Capacitaci\u00f3n e Investigaci\u00f3n por el Ministerio de Salud, Dr. Sergio Scrimini.<\/p>\n\n\n\n<p>Luego de la firma del convenio, la ministra Nassif expres\u00f3: \u201ceste acto responde a la necesidad de una alianza estrat\u00e9gica que siga fortaleciendo la labor y las acciones de esta trayectoria fecunda de nuestra Universidad, al aportar a la sociedad conocimiento \u00fatil\u201d.<\/p>\n\n\n\n<p>Por otro lado, la funcionaria asegur\u00f3 que se trata de \u201cuna alianza estrat\u00e9gica, en un momento cr\u00edtico para el mundo, para la Argentina y para Santiago, donde la Universidad aporta la posibilidad de indagar sobre c\u00f3mo impacta el virus que ha causado la pandemia, no s\u00f3lo en la salud humana, sino tambi\u00e9n en la salud animal. Esto va a permitir generar acciones sanitarias en b\u00fasqueda de contener posibles riesgos\u201d.<\/p>\n\n\n\n<p>Por \u00faltimo, destac\u00f3 que los hallazgos, a la fecha, son muy importantes y felicit\u00f3 \u201cal Rector y todos los que est\u00e1n trabajando en el proyecto, nos da mucho orgullo\u201d, culmin\u00f3.<\/p>\n\n\n\n<p>El Rector precis\u00f3: \u201cComo universidad, estamos orgullosos de haber sido seleccionados entre casi 900 proyectos, de 57 universidades nacionales. Nuestros investigadores, que forman parte de otra alianza estrat\u00e9gica CONICET \u2013 UNSE aportar\u00e1n conocimiento y por qu\u00e9 no, soluciones a lo que gener\u00f3 esta pandemia\u201d. \u201cEs importante mantener estas alianzas, porque ser\u00e1 lo que nos brinden las herramientas para luchar contra este y cualquier otro acontecimiento que se nos presente. Terminar as\u00ed el a\u00f1o, uniendo fuerzas, poniendo al servicio de la comunidad nuestras competencias, ser\u00e1 lo que haga la diferencia para tener un a\u00f1o 2021 con m\u00e1s esperanzas\u201d, afirm\u00f3 el Ing. Paz.<\/p>\n","protected":false},"excerpt":{"rendered":"<p>La ministra de Salud, Natividad Nassif firm\u00f3 un convenio espec\u00edfico de cooperaci\u00f3n con el rector de la UNSE Ing. H\u00e9ctor Rub\u00e9n Paz.<\/p>\n","protected":false},"author":2,"featured_media":14899,"comment_status":"open","ping_status":"open","sticky":false,"template":"","format":"standard","meta":{"om_disable_all_campaigns":false,"_monsterinsights_skip_tracking":false,"_monsterinsights_sitenote_active":false,"_monsterinsights_sitenote_note":"","_monsterinsights_sitenote_category":0,"_uf_show_specific_survey":0,"_uf_disable_surveys":false,"jetpack_post_was_ever_published":false,"_jetpack_newsletter_access":"","_jetpack_dont_email_post_to_subs":false,"_jetpack_newsletter_tier_id":0,"_jetpack_memberships_contains_paywalled_content":false,"_jetpack_memberships_contains_paid_content":false,"footnotes":"","jetpack_publicize_message":"","jetpack_publicize_feature_enabled":true,"jetpack_social_post_already_shared":false,"jetpack_social_options":{"image_generator_settings":{"template":"highway","default_image_id":0,"font":"","enabled":false},"version":2}},"categories":[3],"tags":[],"class_list":["post-14898","post","type-post","status-publish","format-standard","has-post-thumbnail","hentry","category-salud"],"aioseo_notices":[],"views":9,"jetpack_publicize_connections":[],"jetpack_featured_media_url":"https:\/\/i0.wp.com\/elterritorialweb.com.ar\/web\/wp-content\/uploads\/2020\/12\/SALUD-UNSE-MANDRILE.jpg?fit=959%2C540","jetpack_sharing_enabled":true,"_links":{"self":[{"href":"http:\/\/elterritorialweb.com.ar\/web\/wp-json\/wp\/v2\/posts\/14898","targetHints":{"allow":["GET"]}}],"collection":[{"href":"http:\/\/elterritorialweb.com.ar\/web\/wp-json\/wp\/v2\/posts"}],"about":[{"href":"http:\/\/elterritorialweb.com.ar\/web\/wp-json\/wp\/v2\/types\/post"}],"author":[{"embeddable":true,"href":"http:\/\/elterritorialweb.com.ar\/web\/wp-json\/wp\/v2\/users\/2"}],"replies":[{"embeddable":true,"href":"http:\/\/elterritorialweb.com.ar\/web\/wp-json\/wp\/v2\/comments?post=14898"}],"version-history":[{"count":1,"href":"http:\/\/elterritorialweb.com.ar\/web\/wp-json\/wp\/v2\/posts\/14898\/revisions"}],"predecessor-version":[{"id":14901,"href":"http:\/\/elterritorialweb.com.ar\/web\/wp-json\/wp\/v2\/posts\/14898\/revisions\/14901"}],"wp:featuredmedia":[{"embeddable":true,"href":"http:\/\/elterritorialweb.com.ar\/web\/wp-json\/wp\/v2\/media\/14899"}],"wp:attachment":[{"href":"http:\/\/elterritorialweb.com.ar\/web\/wp-json\/wp\/v2\/media?parent=14898"}],"wp:term":[{"taxonomy":"category","embeddable":true,"href":"http:\/\/elterritorialweb.com.ar\/web\/wp-json\/wp\/v2\/categories?post=14898"},{"taxonomy":"post_tag","embeddable":true,"href":"http:\/\/elterritorialweb.com.ar\/web\/wp-json\/wp\/v2\/tags?post=14898"}],"curies":[{"name":"wp","href":"https:\/\/api.w.org\/{rel}","templated":true}]}}