{"id":14905,"date":"2020-12-19T22:08:09","date_gmt":"2020-12-19T22:08:09","guid":{"rendered":"http:\/\/elterritorialweb.com.ar\/web\/?p=14905"},"modified":"2020-12-19T22:12:02","modified_gmt":"2020-12-19T22:12:02","slug":"el-ministro-niccolai-a-irregularidades-en-el-uso-de-las-tarjetas-alimentar","status":"publish","type":"post","link":"http:\/\/elterritorialweb.com.ar\/web\/el-ministro-niccolai-a-irregularidades-en-el-uso-de-las-tarjetas-alimentar\/","title":{"rendered":"EL MINISTRO NICCOLAI SE REFIRI\u00d3 A IRREGULARIDADES EN EL USO DE LAS TARJETAS"},"content":{"rendered":"\n<p>Niccolai dijo \u00aben primer lugar quiero agradecer a intendentes y comisionados de toda la provincia que han trabajado en la log\u00edstica de la entrega de la Tarjeta Alimentar llegando a la gran mayor\u00eda de beneficiarios que son 54.000 aproximadamente. Quedaron algunas sin repartir por caso de fallecimiento del titular, porque la persona no se encuentra en la provincia y en otros casos porque no se las pudo localizar. En esto haremos una log\u00edstica especial a partir del lunes para que cada tarjeta llegue a su beneficiario\u201d y luego enf\u00e1ticamente se\u00f1al\u00f3 \u201cles recuerdo que es solo para uso exclusivo de alimentos, tanto la Tarjeta Social como la Alimentar. Para mercader\u00eda de consumo masivo y prioritario en la familia como az\u00facar, yerba, harina, grasa, pan, leche, verduras, frutas, carnes\u00bb.<\/p>\n\n\n\n<p>El ministro dej\u00f3 en claro que solamente para estos tipos de alimentos se puede usar la tarjeta y agreg\u00f3 \u00abquiero poner en conocimiento que el gobierno de la provincia va a extremar todas las medidas para hacer cumplir esta disposici\u00f3n. El gobierno, tanto nacional como provincial est\u00e1n inyectando en total 1.200.000.000 millones de pesos, de los cuales 600 millones del gobierno provincial a trav\u00e9s del bono que se les da a las 50.000 familias que perciben las tarjetas sociales provinciales y el gobierno nacional otros 600 millones con la tarjeta alimentar que este mes van a cobrar el doble de lo que ven\u00edan cobrando por la AUH y que ya tienen la tarjeta\u00bb.<\/p>\n\n\n\n<p>Adem\u00e1s se refiri\u00f3 a las irregularidades que se presentan para quienes trabajan con la tarjetas y expres\u00f3 \u00abqueremos hacer saber a los beneficiarios y comerciantes que vamos a ser muy estrictos con respecto a las disposiciones del consumo que pueden llevarse a cabo con esta tarjeta. Ya hemos recibido denuncias y estamos trabajando con algunos ardides que hemos descubierto, en algunos casos, con la complicidad de los beneficiarios y en otros, como v\u00edctimas estos beneficiarios. Por ejemplo, se le est\u00e1 cobrando un recargo sobre el precio de g\u00f3ndola para beneficiarnos de tarjetas (sociales-alimentar), y no se puede ya que son tarjetas de d\u00e9bito con dinero acreditado. Otro caso es retener las tarjetas, que lo hacen los comerciantes para asegurarse de que la totalidad de la compra se haga en ese comercio y esto est\u00e1 prohibido ya que el beneficiario puede hacer su compra gradualmente donde quiera. Otro ejemplo que se ve por redes sociales es que el comerciante ofrece dinero en efectivo, obviamente con un descuento para entregar a los beneficiarios y hacerse pasar el importe de la tarjeta\u201d.<\/p>\n\n\n\n<p>Finalmente el ministro Niccolai asegur\u00f3 que se tomar\u00e1n las medidas que sean necesarias en la provincia y argument\u00f3 \u00abnosotros vamos a hacer todas las denuncias correspondientes para garantizar que se ejerza este derecho, que es en beneficio de los ni\u00f1os menores de 7 a\u00f1os que integran el grupo familiar y que tiene un componente netamente alimentario. Recordemos que la tarjeta Social y la Alimentar se enmarcan en el programa \u00abArgentina lucha contra el Hambre\u00bb con fuerte inversi\u00f3n y no queremos que se desvirt\u00fae en la pr\u00e1ctica. Por eso le pedimos a los beneficiarios que no sean c\u00f3mplices de estas actitudes porque en el caso de las tarjetas sociales nosotros vamos a sancionar directamente al comerciante y al beneficiario; en el caso de la tarjeta alimentar nosotros estamos en contacto con la gente que administra la tarjeta del banco para suspender inmediatamente el funcionamiento de ese comercio y estamos haciendo las denuncias penales ante la justicia del crimen correspondiente para que tome la medida adecuada y vamos a comunicar, cuando haya complicidad del beneficiario, a Desarrollo Social de la Naci\u00f3n para ver que le compete hacer respecto de estos beneficiarios que tienen irregularidades en el uso de la tarjeta\u201d.<\/p>\n\n\n\n<p>Finalmente, el ministro de Desarrollo Social de la provincia, expres\u00f3 \u201cpor eso le pedimos a los damnificados que constaten esta situaci\u00f3n que hagan la denuncia ante la autoridad comunal del lugar (intendente, comisionado) o en nuestro Ministerio ya que se consuma un delito. Recordemos que la provincia ya actu\u00f3 contra comerciantes inescrupulosos y hasta estuvieron varios d\u00edas detenidos, pues desvirt\u00faan la finalidad social de la tarjeta\u00bb concluy\u00f3.<\/p>\n\n\n\n<p>Al cierre el ministro Niccolai afirm\u00f3 que a partir de la semana entrante se habilitar\u00e1 una l\u00ednea 0-800 y un n\u00famero de WhatsApp para poder llevar a cabo las denuncias correspondientes.<\/p>\n","protected":false},"excerpt":{"rendered":"<p>El ministro de Desarrollo Social, Promoci\u00f3n Humana y Relaciones Institucionales con la Comunidad, Dr. \u00c1ngel Niccolai, hizo referencia de algunas irregularidades que se presentaron respecto al uso de la Tarjeta Alimentar.<\/p>\n","protected":false},"author":2,"featured_media":14906,"comment_status":"open","ping_status":"open","sticky":false,"template":"","format":"standard","meta":{"om_disable_all_campaigns":false,"_monsterinsights_skip_tracking":false,"_monsterinsights_sitenote_active":false,"_monsterinsights_sitenote_note":"","_monsterinsights_sitenote_category":0,"_uf_show_specific_survey":0,"_uf_disable_surveys":false,"jetpack_post_was_ever_published":false,"_jetpack_newsletter_access":"","_jetpack_dont_email_post_to_subs":false,"_jetpack_newsletter_tier_id":0,"_jetpack_memberships_contains_paywalled_content":false,"_jetpack_memberships_contains_paid_content":false,"footnotes":"","jetpack_publicize_message":"","jetpack_publicize_feature_enabled":true,"jetpack_social_post_already_shared":false,"jetpack_social_options":{"image_generator_settings":{"template":"highway","default_image_id":0,"font":"","enabled":false},"version":2}},"categories":[21],"tags":[],"class_list":["post-14905","post","type-post","status-publish","format-standard","has-post-thumbnail","hentry","category-locales"],"aioseo_notices":[],"views":3,"jetpack_publicize_connections":[],"jetpack_featured_media_url":"https:\/\/i0.wp.com\/elterritorialweb.com.ar\/web\/wp-content\/uploads\/2020\/12\/NICCOLAI-TARJETA-ALIMENTAR.jpg?fit=1440%2C961","jetpack_sharing_enabled":true,"_links":{"self":[{"href":"http:\/\/elterritorialweb.com.ar\/web\/wp-json\/wp\/v2\/posts\/14905","targetHints":{"allow":["GET"]}}],"collection":[{"href":"http:\/\/elterritorialweb.com.ar\/web\/wp-json\/wp\/v2\/posts"}],"about":[{"href":"http:\/\/elterritorialweb.com.ar\/web\/wp-json\/wp\/v2\/types\/post"}],"author":[{"embeddable":true,"href":"http:\/\/elterritorialweb.com.ar\/web\/wp-json\/wp\/v2\/users\/2"}],"replies":[{"embeddable":true,"href":"http:\/\/elterritorialweb.com.ar\/web\/wp-json\/wp\/v2\/comments?post=14905"}],"version-history":[{"count":2,"href":"http:\/\/elterritorialweb.com.ar\/web\/wp-json\/wp\/v2\/posts\/14905\/revisions"}],"predecessor-version":[{"id":14909,"href":"http:\/\/elterritorialweb.com.ar\/web\/wp-json\/wp\/v2\/posts\/14905\/revisions\/14909"}],"wp:featuredmedia":[{"embeddable":true,"href":"http:\/\/elterritorialweb.com.ar\/web\/wp-json\/wp\/v2\/media\/14906"}],"wp:attachment":[{"href":"http:\/\/elterritorialweb.com.ar\/web\/wp-json\/wp\/v2\/media?parent=14905"}],"wp:term":[{"taxonomy":"category","embeddable":true,"href":"http:\/\/elterritorialweb.com.ar\/web\/wp-json\/wp\/v2\/categories?post=14905"},{"taxonomy":"post_tag","embeddable":true,"href":"http:\/\/elterritorialweb.com.ar\/web\/wp-json\/wp\/v2\/tags?post=14905"}],"curies":[{"name":"wp","href":"https:\/\/api.w.org\/{rel}","templated":true}]}}