{"id":1520,"date":"2020-03-05T11:32:06","date_gmt":"2020-03-05T11:32:06","guid":{"rendered":"http:\/\/elterritorialweb.com.ar\/web\/?p=1520"},"modified":"2020-03-05T11:32:06","modified_gmt":"2020-03-05T11:32:06","slug":"productores-molestos-por-la-suba-de-las-retenciones","status":"publish","type":"post","link":"http:\/\/elterritorialweb.com.ar\/web\/productores-molestos-por-la-suba-de-las-retenciones\/","title":{"rendered":"PRODUCTORES MOLESTOS POR LA SUBA DE LAS RETENCIONES"},"content":{"rendered":"\n<p>A trav\u00e9s del\u00a0Decreto 230\/2020, que llev\u00f3 las firmas del presidente Alberto Fern\u00e1ndez, el Ministro de Agricultura, Luis Basterra, y el ministro de Econom\u00eda, Mart\u00edn Guzm\u00e1n, el Gobierno oficializ\u00f3 el aumento del\u00a0derecho de exportaci\u00f3n para la soja y sus subproductos. Tal como se lo hab\u00eda comunicado a la Mesa de Enlace,\u00a0las retenciones subieron de 30 a 33%.<\/p>\n\n\n\n<p>De esta manera, se confirm\u00f3 el segundo incremento que la administraci\u00f3n\u00a0Alberto Fern\u00e1ndez<strong>\u00a0<\/strong>aplica en este sentido, ya que al asumir los derechos de exportaci\u00f3n de la soja eran del 24,5%. A muy poco de asumir, se dispuso una suba al 30%. Finalmente, con la sanci\u00f3n de la ley de \u00abSolidaridad Social y Reactivaci\u00f3n Productiva en el Marco de Emergencia P\u00fablica, el Congreso habilit\u00f3 al Ejecutivo para aumentar otros tres puntos porcentuales.<\/p>\n\n\n\n<p>Si bien no fue detallado en este mismo Decreto, el contrapunto de esta iniciativa ser\u00eda la aplicaci\u00f3n de un\u00a0sistemas de compensaciones para aquellos productores las 1.000 toneladas en la campa\u00f1a pasada y la reducci\u00f3n de las retenciones para algunas producciones de las econom\u00edas regionales.<\/p>\n","protected":false},"excerpt":{"rendered":"<p>Tal como se lo hab\u00eda adelantado el ministro de Agricultura, Luis Basterra, a la Mesa de Enlace, el derecho de exportaci\u00f3n aument\u00f3 del 30 al 33%. El Decreto fue publicado este jueves en el Bolet\u00edn Oficial<\/p>\n","protected":false},"author":2,"featured_media":1526,"comment_status":"open","ping_status":"open","sticky":false,"template":"","format":"standard","meta":{"om_disable_all_campaigns":false,"_monsterinsights_skip_tracking":false,"_monsterinsights_sitenote_active":false,"_monsterinsights_sitenote_note":"","_monsterinsights_sitenote_category":0,"_uf_show_specific_survey":0,"_uf_disable_surveys":false,"jetpack_post_was_ever_published":false,"_jetpack_newsletter_access":"","_jetpack_dont_email_post_to_subs":false,"_jetpack_newsletter_tier_id":0,"_jetpack_memberships_contains_paywalled_content":false,"_jetpack_memberships_contains_paid_content":false,"footnotes":"","jetpack_publicize_message":"","jetpack_publicize_feature_enabled":true,"jetpack_social_post_already_shared":false,"jetpack_social_options":{"image_generator_settings":{"template":"highway","default_image_id":0,"font":"","enabled":false},"version":2}},"categories":[2,18],"tags":[],"class_list":["post-1520","post","type-post","status-publish","format-standard","has-post-thumbnail","hentry","category-economia","category-politica"],"aioseo_notices":[],"views":6,"jetpack_publicize_connections":[],"jetpack_featured_media_url":"https:\/\/i0.wp.com\/elterritorialweb.com.ar\/web\/wp-content\/uploads\/2020\/03\/mesa-de-enlace.jpg?fit=306%2C165","jetpack_sharing_enabled":true,"_links":{"self":[{"href":"http:\/\/elterritorialweb.com.ar\/web\/wp-json\/wp\/v2\/posts\/1520","targetHints":{"allow":["GET"]}}],"collection":[{"href":"http:\/\/elterritorialweb.com.ar\/web\/wp-json\/wp\/v2\/posts"}],"about":[{"href":"http:\/\/elterritorialweb.com.ar\/web\/wp-json\/wp\/v2\/types\/post"}],"author":[{"embeddable":true,"href":"http:\/\/elterritorialweb.com.ar\/web\/wp-json\/wp\/v2\/users\/2"}],"replies":[{"embeddable":true,"href":"http:\/\/elterritorialweb.com.ar\/web\/wp-json\/wp\/v2\/comments?post=1520"}],"version-history":[{"count":1,"href":"http:\/\/elterritorialweb.com.ar\/web\/wp-json\/wp\/v2\/posts\/1520\/revisions"}],"predecessor-version":[{"id":1528,"href":"http:\/\/elterritorialweb.com.ar\/web\/wp-json\/wp\/v2\/posts\/1520\/revisions\/1528"}],"wp:featuredmedia":[{"embeddable":true,"href":"http:\/\/elterritorialweb.com.ar\/web\/wp-json\/wp\/v2\/media\/1526"}],"wp:attachment":[{"href":"http:\/\/elterritorialweb.com.ar\/web\/wp-json\/wp\/v2\/media?parent=1520"}],"wp:term":[{"taxonomy":"category","embeddable":true,"href":"http:\/\/elterritorialweb.com.ar\/web\/wp-json\/wp\/v2\/categories?post=1520"},{"taxonomy":"post_tag","embeddable":true,"href":"http:\/\/elterritorialweb.com.ar\/web\/wp-json\/wp\/v2\/tags?post=1520"}],"curies":[{"name":"wp","href":"https:\/\/api.w.org\/{rel}","templated":true}]}}