{"id":1666,"date":"2020-03-07T03:09:51","date_gmt":"2020-03-07T03:09:51","guid":{"rendered":"http:\/\/elterritorialweb.com.ar\/web\/?p=1666"},"modified":"2020-03-07T03:09:51","modified_gmt":"2020-03-07T03:09:51","slug":"charla-sobre-violencia-de-genero-por-el-dia-internacional-de-la-mujer","status":"publish","type":"post","link":"http:\/\/elterritorialweb.com.ar\/web\/charla-sobre-violencia-de-genero-por-el-dia-internacional-de-la-mujer\/","title":{"rendered":"CHARLA SOBRE VIOLENCIA DE G\u00c9NERO POR EL D\u00cdA INTERNACIONAL DE LA MUJER"},"content":{"rendered":"\n<figure class=\"wp-block-image size-large\"><img data-recalc-dims=\"1\" decoding=\"async\" width=\"640\" height=\"480\" data-src=\"https:\/\/i0.wp.com\/elterritorialweb.com.ar\/web\/wp-content\/uploads\/2020\/03\/CHARLA.jpg?resize=640%2C480\" alt=\"\" class=\"wp-image-1671 lazyload\" data-srcset=\"https:\/\/i0.wp.com\/elterritorialweb.com.ar\/web\/wp-content\/uploads\/2020\/03\/CHARLA.jpg?w=720 720w, https:\/\/i0.wp.com\/elterritorialweb.com.ar\/web\/wp-content\/uploads\/2020\/03\/CHARLA.jpg?resize=300%2C225 300w\" data-sizes=\"(max-width: 640px) 100vw, 640px\" src=\"data:image\/svg+xml;base64,PHN2ZyB3aWR0aD0iMSIgaGVpZ2h0PSIxIiB4bWxucz0iaHR0cDovL3d3dy53My5vcmcvMjAwMC9zdmciPjwvc3ZnPg==\" style=\"--smush-placeholder-width: 640px; --smush-placeholder-aspect-ratio: 640\/480;\" \/><\/figure>\n\n\n\n<p>SAN PEDRO DE GUASAY\u00c1N<\/p>\n\n\n\n<p>Hoy en horas de la ma\u00f1ana, y en consonancia por el D\u00eda Internacional de la Mujer, se realiz\u00f3 en San Pedro de Guasay\u00e1n una charla informativa sobre Violencia de g\u00e9nero a cargo de la Sra Juez de control de la ciudad de Fr\u00edas Dra. Gabriela Nu\u00f1ez de Cheble, donde surgieron interrogantes de dicha problem\u00e1tica.<\/p>\n\n\n\n<figure class=\"wp-block-image size-large\"><img data-recalc-dims=\"1\" decoding=\"async\" width=\"640\" height=\"480\" data-src=\"https:\/\/i0.wp.com\/elterritorialweb.com.ar\/web\/wp-content\/uploads\/2020\/03\/CHARLA3-1.jpg?resize=640%2C480\" alt=\"\" class=\"wp-image-1673 lazyload\" data-srcset=\"https:\/\/i0.wp.com\/elterritorialweb.com.ar\/web\/wp-content\/uploads\/2020\/03\/CHARLA3-1.jpg?w=720 720w, https:\/\/i0.wp.com\/elterritorialweb.com.ar\/web\/wp-content\/uploads\/2020\/03\/CHARLA3-1.jpg?resize=300%2C225 300w\" data-sizes=\"(max-width: 640px) 100vw, 640px\" src=\"data:image\/svg+xml;base64,PHN2ZyB3aWR0aD0iMSIgaGVpZ2h0PSIxIiB4bWxucz0iaHR0cDovL3d3dy53My5vcmcvMjAwMC9zdmciPjwvc3ZnPg==\" style=\"--smush-placeholder-width: 640px; --smush-placeholder-aspect-ratio: 640\/480;\" \/><\/figure>\n\n\n\n<p><br>Participaron tambi\u00e9n integrantes de la Sala Pocha Ramos y del Balet Ponchos de nostalgia de la ciudad de San Pedro.<br>Dicho encuentro fue realizado en forma conjunta con la Municipalidad y Hospital de San Pedro de Guasay\u00e1n en la hoster\u00eda local.<\/p>\n\n\n\n<p><br>Desde el Centro Cultural se sostiene la idea de que se debe ser parte de las transformaciones que est\u00e1 demandando la historia, llevando distintas charlas por los Dptos. Choya y Guasay\u00e1n, siempre articulando con los distintos organismos gubernamentales y no gubernamentales. <\/p>\n","protected":false},"excerpt":{"rendered":"<p>SAN PEDRO DE GUASAY\u00c1N Hoy en horas de la ma\u00f1ana, y en consonancia por el&#8230;<\/p>\n","protected":false},"author":2,"featured_media":1668,"comment_status":"open","ping_status":"open","sticky":false,"template":"","format":"standard","meta":{"om_disable_all_campaigns":false,"_monsterinsights_skip_tracking":false,"_monsterinsights_sitenote_active":false,"_monsterinsights_sitenote_note":"","_monsterinsights_sitenote_category":0,"_uf_show_specific_survey":0,"_uf_disable_surveys":false,"jetpack_post_was_ever_published":false,"_jetpack_newsletter_access":"","_jetpack_dont_email_post_to_subs":false,"_jetpack_newsletter_tier_id":0,"_jetpack_memberships_contains_paywalled_content":false,"_jetpack_memberships_contains_paid_content":false,"footnotes":"","jetpack_publicize_message":"","jetpack_publicize_feature_enabled":true,"jetpack_social_post_already_shared":false,"jetpack_social_options":{"image_generator_settings":{"template":"highway","default_image_id":0,"font":"","enabled":false},"version":2}},"categories":[21],"tags":[],"class_list":["post-1666","post","type-post","status-publish","format-standard","has-post-thumbnail","hentry","category-locales"],"aioseo_notices":[],"views":2,"jetpack_publicize_connections":[],"jetpack_featured_media_url":"https:\/\/i0.wp.com\/elterritorialweb.com.ar\/web\/wp-content\/uploads\/2020\/03\/CHARLA2.jpg?fit=720%2C341","jetpack_sharing_enabled":true,"_links":{"self":[{"href":"http:\/\/elterritorialweb.com.ar\/web\/wp-json\/wp\/v2\/posts\/1666","targetHints":{"allow":["GET"]}}],"collection":[{"href":"http:\/\/elterritorialweb.com.ar\/web\/wp-json\/wp\/v2\/posts"}],"about":[{"href":"http:\/\/elterritorialweb.com.ar\/web\/wp-json\/wp\/v2\/types\/post"}],"author":[{"embeddable":true,"href":"http:\/\/elterritorialweb.com.ar\/web\/wp-json\/wp\/v2\/users\/2"}],"replies":[{"embeddable":true,"href":"http:\/\/elterritorialweb.com.ar\/web\/wp-json\/wp\/v2\/comments?post=1666"}],"version-history":[{"count":1,"href":"http:\/\/elterritorialweb.com.ar\/web\/wp-json\/wp\/v2\/posts\/1666\/revisions"}],"predecessor-version":[{"id":1675,"href":"http:\/\/elterritorialweb.com.ar\/web\/wp-json\/wp\/v2\/posts\/1666\/revisions\/1675"}],"wp:featuredmedia":[{"embeddable":true,"href":"http:\/\/elterritorialweb.com.ar\/web\/wp-json\/wp\/v2\/media\/1668"}],"wp:attachment":[{"href":"http:\/\/elterritorialweb.com.ar\/web\/wp-json\/wp\/v2\/media?parent=1666"}],"wp:term":[{"taxonomy":"category","embeddable":true,"href":"http:\/\/elterritorialweb.com.ar\/web\/wp-json\/wp\/v2\/categories?post=1666"},{"taxonomy":"post_tag","embeddable":true,"href":"http:\/\/elterritorialweb.com.ar\/web\/wp-json\/wp\/v2\/tags?post=1666"}],"curies":[{"name":"wp","href":"https:\/\/api.w.org\/{rel}","templated":true}]}}