{"id":1676,"date":"2020-03-07T03:19:52","date_gmt":"2020-03-07T03:19:52","guid":{"rendered":"http:\/\/elterritorialweb.com.ar\/web\/?p=1676"},"modified":"2020-03-07T03:19:52","modified_gmt":"2020-03-07T03:19:52","slug":"el-comisionado-iniguez-se-reunion-con-instituciones-educativas","status":"publish","type":"post","link":"http:\/\/elterritorialweb.com.ar\/web\/el-comisionado-iniguez-se-reunion-con-instituciones-educativas\/","title":{"rendered":"EL COMISIONADO I\u00d1IGUEZ SE REUNI\u00d3N CON INSTITUCIONES EDUCATIVAS"},"content":{"rendered":"\n<p>COLONIA EL SIMBOLAR <\/p>\n\n\n\n<p>  <br>Directivos de distintos establecimientos escolares de la localidad de Colonia el Simbolar, mantuvieron  una reuni\u00f3n con el Comisionado Municipal, para tratar diversos temas referente a la organizaci\u00f3n de fiestas c\u00edvicas y patrias durante este per\u00edodo lectivo, todas enmarcadas en el bicentenario de la Bandera Nacional, de la Autonom\u00eda Provincial y las bodas de oro del pueblo. <\/p>\n\n\n\n<p>Se constituy\u00f3 un cronograma de actividades en relaci\u00f3n a los actos que organizar\u00e1 cada instituci\u00f3n en sus establecimientos, de esta manera se trabajara de forma articulada municipio y comunidad educativa.<\/p>\n\n\n\n<p><br> El Prof. \u00c1ngel I\u00f1iguez coment\u00f3 que  \u00abes un placer trabajar con las instituciones educativas en todos los niveles de forma conjunta y organizada y articular trabajos para el bien com\u00fan, de esta manera ir palpitando los eventos que se avecinan\u00bb.  <\/p>\n","protected":false},"excerpt":{"rendered":"<p>COLONIA EL SIMBOLAR Directivos de distintos establecimientos escolares de la localidad de Colonia el Simbolar,&#8230;<\/p>\n","protected":false},"author":2,"featured_media":1678,"comment_status":"open","ping_status":"open","sticky":false,"template":"","format":"standard","meta":{"om_disable_all_campaigns":false,"_monsterinsights_skip_tracking":false,"_monsterinsights_sitenote_active":false,"_monsterinsights_sitenote_note":"","_monsterinsights_sitenote_category":0,"_uf_show_specific_survey":0,"_uf_disable_surveys":false,"jetpack_post_was_ever_published":false,"_jetpack_newsletter_access":"","_jetpack_dont_email_post_to_subs":false,"_jetpack_newsletter_tier_id":0,"_jetpack_memberships_contains_paywalled_content":false,"_jetpack_memberships_contains_paid_content":false,"footnotes":"","jetpack_publicize_message":"","jetpack_publicize_feature_enabled":true,"jetpack_social_post_already_shared":false,"jetpack_social_options":{"image_generator_settings":{"template":"highway","default_image_id":0,"font":"","enabled":false},"version":2}},"categories":[21],"tags":[],"class_list":["post-1676","post","type-post","status-publish","format-standard","has-post-thumbnail","hentry","category-locales"],"aioseo_notices":[],"views":3,"jetpack_publicize_connections":[],"jetpack_featured_media_url":"https:\/\/i0.wp.com\/elterritorialweb.com.ar\/web\/wp-content\/uploads\/2020\/03\/col2.jpg?fit=960%2C720","jetpack_sharing_enabled":true,"_links":{"self":[{"href":"http:\/\/elterritorialweb.com.ar\/web\/wp-json\/wp\/v2\/posts\/1676","targetHints":{"allow":["GET"]}}],"collection":[{"href":"http:\/\/elterritorialweb.com.ar\/web\/wp-json\/wp\/v2\/posts"}],"about":[{"href":"http:\/\/elterritorialweb.com.ar\/web\/wp-json\/wp\/v2\/types\/post"}],"author":[{"embeddable":true,"href":"http:\/\/elterritorialweb.com.ar\/web\/wp-json\/wp\/v2\/users\/2"}],"replies":[{"embeddable":true,"href":"http:\/\/elterritorialweb.com.ar\/web\/wp-json\/wp\/v2\/comments?post=1676"}],"version-history":[{"count":1,"href":"http:\/\/elterritorialweb.com.ar\/web\/wp-json\/wp\/v2\/posts\/1676\/revisions"}],"predecessor-version":[{"id":1679,"href":"http:\/\/elterritorialweb.com.ar\/web\/wp-json\/wp\/v2\/posts\/1676\/revisions\/1679"}],"wp:featuredmedia":[{"embeddable":true,"href":"http:\/\/elterritorialweb.com.ar\/web\/wp-json\/wp\/v2\/media\/1678"}],"wp:attachment":[{"href":"http:\/\/elterritorialweb.com.ar\/web\/wp-json\/wp\/v2\/media?parent=1676"}],"wp:term":[{"taxonomy":"category","embeddable":true,"href":"http:\/\/elterritorialweb.com.ar\/web\/wp-json\/wp\/v2\/categories?post=1676"},{"taxonomy":"post_tag","embeddable":true,"href":"http:\/\/elterritorialweb.com.ar\/web\/wp-json\/wp\/v2\/tags?post=1676"}],"curies":[{"name":"wp","href":"https:\/\/api.w.org\/{rel}","templated":true}]}}