{"id":1680,"date":"2020-03-07T03:41:12","date_gmt":"2020-03-07T03:41:12","guid":{"rendered":"http:\/\/elterritorialweb.com.ar\/web\/?p=1680"},"modified":"2020-03-07T03:41:13","modified_gmt":"2020-03-07T03:41:13","slug":"visita-y-reconocimiento","status":"publish","type":"post","link":"http:\/\/elterritorialweb.com.ar\/web\/visita-y-reconocimiento\/","title":{"rendered":"VISITA Y RECONOCIMIENTO"},"content":{"rendered":"\n<p>COLONIA EL SIMBOLAR<\/p>\n\n\n\n<p><br>El Comisionado Municipal de Colonia El Simbolar Prof. \u00c1ngel I\u00f1iguez, recibi\u00f3 en su despacho a los directivos y alumnos de la academia de danzas folcl\u00f3ricas \u00abSentimiento De Mi Pueblo\u00bb. <\/p>\n\n\n\n<p>La Presidente de la instituci\u00f3n Sra. M\u00f3nica P\u00e9rez valor\u00f3 el gran apoyo que brinda la Comisi\u00f3n Municipal a la instituci\u00f3n y coment\u00f3 que tuvieron la gran experiencia de poder participar en un importante certamen en la ciudad de Suncho Corral de la academia ALMA Y VIDA NATIVA, los j\u00f3venes tuvieron la oportunidad de participar en este certamen obteniendo importantes galardones en distintas categor\u00edas. <\/p>\n\n\n\n<figure class=\"wp-block-image size-large\"><img data-recalc-dims=\"1\" decoding=\"async\" width=\"640\" height=\"427\" data-src=\"https:\/\/i0.wp.com\/elterritorialweb.com.ar\/web\/wp-content\/uploads\/2020\/03\/ACADEMIA-2.jpg?resize=640%2C427\" alt=\"\" class=\"wp-image-1682 lazyload\" data-srcset=\"https:\/\/i0.wp.com\/elterritorialweb.com.ar\/web\/wp-content\/uploads\/2020\/03\/ACADEMIA-2.jpg?w=960 960w, https:\/\/i0.wp.com\/elterritorialweb.com.ar\/web\/wp-content\/uploads\/2020\/03\/ACADEMIA-2.jpg?resize=300%2C200 300w, https:\/\/i0.wp.com\/elterritorialweb.com.ar\/web\/wp-content\/uploads\/2020\/03\/ACADEMIA-2.jpg?resize=768%2C512 768w, https:\/\/i0.wp.com\/elterritorialweb.com.ar\/web\/wp-content\/uploads\/2020\/03\/ACADEMIA-2.jpg?resize=675%2C450 675w\" data-sizes=\"(max-width: 640px) 100vw, 640px\" src=\"data:image\/svg+xml;base64,PHN2ZyB3aWR0aD0iMSIgaGVpZ2h0PSIxIiB4bWxucz0iaHR0cDovL3d3dy53My5vcmcvMjAwMC9zdmciPjwvc3ZnPg==\" style=\"--smush-placeholder-width: 640px; --smush-placeholder-aspect-ratio: 640\/427;\" \/><\/figure>\n\n\n\n<p>Adem\u00e1s agradeci\u00f3 al Prof. \u00c1ngel I\u00f1iguez por haber colaborado con el transporte, sin esta colaboraci\u00f3n los j\u00f3venes no podr\u00edan haberse trasladado. Los directivos y alumnos obsequiaron al jefe comunal las distinciones que obtuvieron, las cuales quedaron alojados en el despacho.<\/p>\n\n\n\n<p>El Prof. I\u00f1iguez expres\u00f3 su gratitud por el gran gesto que tuvieron de obsequierles las distinciones fruto de sus grandes esfuerzos, y sostuv\u00f3: \u00abMe satisfacen estos logros de una instituci\u00f3n del pueblo que nuclea importante cantidad de ni\u00f1os y j\u00f3venes, desde mi gesti\u00f3n tendr\u00e1n el apoyo incondicional para as\u00ed mantener vivo nuestro acervo cultural y de esta manera puedan manifestarse llevando el mensaje con la danza y nos representen donde los convoquen a lo largo y a lo ancho de nuestra provincia y provincias vecinas\u00bb. <\/p>\n","protected":false},"excerpt":{"rendered":"<p>COLONIA EL SIMBOLAR El Comisionado Municipal de Colonia El Simbolar Prof. \u00c1ngel I\u00f1iguez, recibi\u00f3 en&#8230;<\/p>\n","protected":false},"author":2,"featured_media":1681,"comment_status":"open","ping_status":"open","sticky":false,"template":"","format":"standard","meta":{"om_disable_all_campaigns":false,"_monsterinsights_skip_tracking":false,"_monsterinsights_sitenote_active":false,"_monsterinsights_sitenote_note":"","_monsterinsights_sitenote_category":0,"_uf_show_specific_survey":0,"_uf_disable_surveys":false,"jetpack_post_was_ever_published":false,"_jetpack_newsletter_access":"","_jetpack_dont_email_post_to_subs":false,"_jetpack_newsletter_tier_id":0,"_jetpack_memberships_contains_paywalled_content":false,"_jetpack_memberships_contains_paid_content":false,"footnotes":"","jetpack_publicize_message":"","jetpack_publicize_feature_enabled":true,"jetpack_social_post_already_shared":false,"jetpack_social_options":{"image_generator_settings":{"template":"highway","default_image_id":0,"font":"","enabled":false},"version":2}},"categories":[21],"tags":[],"class_list":["post-1680","post","type-post","status-publish","format-standard","has-post-thumbnail","hentry","category-locales"],"aioseo_notices":[],"views":5,"jetpack_publicize_connections":[],"jetpack_featured_media_url":"https:\/\/i0.wp.com\/elterritorialweb.com.ar\/web\/wp-content\/uploads\/2020\/03\/ACADEMIA.jpg?fit=960%2C720","jetpack_sharing_enabled":true,"_links":{"self":[{"href":"http:\/\/elterritorialweb.com.ar\/web\/wp-json\/wp\/v2\/posts\/1680","targetHints":{"allow":["GET"]}}],"collection":[{"href":"http:\/\/elterritorialweb.com.ar\/web\/wp-json\/wp\/v2\/posts"}],"about":[{"href":"http:\/\/elterritorialweb.com.ar\/web\/wp-json\/wp\/v2\/types\/post"}],"author":[{"embeddable":true,"href":"http:\/\/elterritorialweb.com.ar\/web\/wp-json\/wp\/v2\/users\/2"}],"replies":[{"embeddable":true,"href":"http:\/\/elterritorialweb.com.ar\/web\/wp-json\/wp\/v2\/comments?post=1680"}],"version-history":[{"count":1,"href":"http:\/\/elterritorialweb.com.ar\/web\/wp-json\/wp\/v2\/posts\/1680\/revisions"}],"predecessor-version":[{"id":1683,"href":"http:\/\/elterritorialweb.com.ar\/web\/wp-json\/wp\/v2\/posts\/1680\/revisions\/1683"}],"wp:featuredmedia":[{"embeddable":true,"href":"http:\/\/elterritorialweb.com.ar\/web\/wp-json\/wp\/v2\/media\/1681"}],"wp:attachment":[{"href":"http:\/\/elterritorialweb.com.ar\/web\/wp-json\/wp\/v2\/media?parent=1680"}],"wp:term":[{"taxonomy":"category","embeddable":true,"href":"http:\/\/elterritorialweb.com.ar\/web\/wp-json\/wp\/v2\/categories?post=1680"},{"taxonomy":"post_tag","embeddable":true,"href":"http:\/\/elterritorialweb.com.ar\/web\/wp-json\/wp\/v2\/tags?post=1680"}],"curies":[{"name":"wp","href":"https:\/\/api.w.org\/{rel}","templated":true}]}}