{"id":2106,"date":"2020-03-12T03:21:26","date_gmt":"2020-03-12T03:21:26","guid":{"rendered":"http:\/\/elterritorialweb.com.ar\/web\/?p=2106"},"modified":"2020-03-12T03:21:26","modified_gmt":"2020-03-12T03:21:26","slug":"se-inauguro-el-periodo-de-sesiones-ordinarias-del-hcd-de-fernandez","status":"publish","type":"post","link":"http:\/\/elterritorialweb.com.ar\/web\/se-inauguro-el-periodo-de-sesiones-ordinarias-del-hcd-de-fernandez\/","title":{"rendered":"SE INAUGUR\u00d3 EL PERIODO DE SESIONES ORDINARIAS DEL HCD DE FERN\u00c1NDEZ"},"content":{"rendered":"\n<p>FERN\u00c1NDEZ<\/p>\n\n\n\n<p>El pasado martes 10 de Marzo, y ante un nutrido marco de p\u00fablico, se llev\u00f3 a cabo la Sesi\u00f3n Especial en la cual el intendente de la ciudad de Fern\u00e1ndez, Dr. V\u00edctor Araujo, dio a conocer todo lo realizado en los \u00faltimos 12 meses, de los 16 que lleva de gesti\u00f3n, realizo importantes anuncios para la comunidad, y dej\u00f3 inaugurado el periodo de Sesiones Ordinarias del Honorable Concejo Deliberante.<\/p>\n\n\n\n<p>En la oportunidad estuvieron presentes el Presidente provisional de la C\u00e1mara de Diputados, Sr. Rub\u00e9n Bl\u00e1zquez, miembros del Departamento Ejecutivo, Personal municipal, representantes de las distintas instituciones de la ciudad, y vecinos en general.<\/p>\n\n\n\n<p>Entre lo anunciado por el Sr. Intendente, se destacan en materia de educaci\u00f3n, el Boleto Estudiantil Gratuito, para j\u00f3venes que cursan carreras terciarias o universitarias inexistentes en la ciudad de Fern\u00e1ndez, asistencia a mas de 12 instituciones educativas, y la entrega de un total de 20 equipos de aire acondicionado, la Firma de convenios con la UNSE y UCSE. <\/p>\n\n\n\n<p>En Cultura, el dictado de charlas y talleres de diversa tem\u00e1tica, dictados el a\u00f1o pasado y que continuaran durante el presente a\u00f1o. En Tr\u00e1nsito, se cre\u00f3 el cargo de Director de Transito Municipal y realizaron capacitaciones al personal a la vez que se les hizo entrega de equipamiento para optimizar su labor, la colocaci\u00f3n de reductores de velocidad y el pintado de sendas peatonales y cordones.<\/p>\n\n\n\n<figure class=\"wp-block-image size-large\"><img data-recalc-dims=\"1\" decoding=\"async\" width=\"640\" height=\"418\" data-src=\"https:\/\/i0.wp.com\/elterritorialweb.com.ar\/web\/wp-content\/uploads\/2020\/03\/MENSAJE-1.jpg?resize=640%2C418\" alt=\"\" class=\"wp-image-2108 lazyload\" data-srcset=\"https:\/\/i0.wp.com\/elterritorialweb.com.ar\/web\/wp-content\/uploads\/2020\/03\/MENSAJE-1.jpg?w=960 960w, https:\/\/i0.wp.com\/elterritorialweb.com.ar\/web\/wp-content\/uploads\/2020\/03\/MENSAJE-1.jpg?resize=300%2C196 300w, https:\/\/i0.wp.com\/elterritorialweb.com.ar\/web\/wp-content\/uploads\/2020\/03\/MENSAJE-1.jpg?resize=768%2C502 768w\" data-sizes=\"(max-width: 640px) 100vw, 640px\" src=\"data:image\/svg+xml;base64,PHN2ZyB3aWR0aD0iMSIgaGVpZ2h0PSIxIiB4bWxucz0iaHR0cDovL3d3dy53My5vcmcvMjAwMC9zdmciPjwvc3ZnPg==\" style=\"--smush-placeholder-width: 640px; --smush-placeholder-aspect-ratio: 640\/418;\" \/><\/figure>\n\n\n\n<p>En lo que refiere a Obras P\u00fablicas, se destaca la eficiencia en el manejo de los recursos y dinero disponible, para la realizaci\u00f3n de las mismas, abaratando costos y utilizando racionalmente los fondos disponibles. Cabe destacar tambi\u00e9n, que se logr\u00f3 pagar la totalidad de la deuda con la empresa EDESE, existente al comienzo de la gesti\u00f3n, la cual ascend\u00eda a un monto superior a los Dos Millones de pesos, y tambi\u00e9n el cambio de luminarias convencionales por LED.<\/p>\n\n\n\n<p>Se llevaron a cabo la compra de diversas maquinarias y elementos que optimizaran la labor de los empleados municipales y en los pr\u00f3ximos d\u00edas se realizara el llamado a licitaci\u00f3n por la compra de una camioneta con destino al \u00c1rea de Vivienda y Bromatologia.<\/p>\n\n\n\n<p>Pr\u00f3ximamente se entregaran 14 viviendas sociales, construidas mediante el programa provincial de Erradicaci\u00f3n de Ranchos y se construir\u00e1n 4 viviendas ecol\u00f3gicas, tambi\u00e9n con fondos del Gobierno de la Provincia.<br>Se abastece a 12 comedores y 1 merendero ubicados en distintos sectores de la ciudad y parajes vecinos, con un total aproximado de 450 ni\u00f1os, adem\u00e1s del comedor del paraje Buey Muerto al que se asiste en forma conjunta con el municipio de la vecina ciudad de Forres.<br><\/p>\n\n\n\n<p>Se dot\u00f3 de equipos de aire acondicionado al Hospital Zonal y a las oficinas del Registro Civil.<br>Este a\u00f1o, se finalizara la construcci\u00f3n de la Nueva Terminal de \u00d3mnibus, financiada con fondos provinciales, se encuentra avanzada en un 90% y se estima su finalizaci\u00f3n en un plazo no mayor a 90 d\u00edas.<\/p>\n\n\n\n<p>El Sr. Intendente, envi\u00f3 su agradecimiento a los vecinos de la ciudad, por la constante colaboraci\u00f3n, a los Empleados Municipales, al Hospital Zonal, Personal de la Cria. 35, Instituciones Educativas y dem\u00e1s Instituciones del medio, con las que a diario se realiza un trabajo mancomunado.<br>Al Honorable Concejo Deliberante, que, como muestra de madurez c\u00edvica, se aprobaron por unanimidad varios proyectos que redundan en beneficio de nuestra sociedad. Y especialmente al GOBIERNO DE LA PROVINCIA, al Dr. Gerardo Zamora quien, directamente o a trav\u00e9s de miembros de su gabinete, constantemente atienden a las necesidades de nuestra ciudad<br><\/p>\n\n\n\n<p>Por \u00faltimo, el intendente anuncio el aumento del 45% a todos los empleados municipales de las distintas categor\u00edas y el pago de $ 6000 de la ayuda escolar, adhiri\u00e9ndose as\u00ed a las medidas establecidas por el Gobernador Gerardo Zamora en el \u00e1mbito provincial. <\/p>\n","protected":false},"excerpt":{"rendered":"<p>FERN\u00c1NDEZ El pasado martes 10 de Marzo, y ante un nutrido marco de p\u00fablico, se&#8230;<\/p>\n","protected":false},"author":2,"featured_media":2107,"comment_status":"open","ping_status":"open","sticky":false,"template":"","format":"standard","meta":{"om_disable_all_campaigns":false,"_monsterinsights_skip_tracking":false,"_monsterinsights_sitenote_active":false,"_monsterinsights_sitenote_note":"","_monsterinsights_sitenote_category":0,"_uf_show_specific_survey":0,"_uf_disable_surveys":false,"jetpack_post_was_ever_published":false,"_jetpack_newsletter_access":"","_jetpack_dont_email_post_to_subs":false,"_jetpack_newsletter_tier_id":0,"_jetpack_memberships_contains_paywalled_content":false,"_jetpack_memberships_contains_paid_content":false,"footnotes":"","jetpack_publicize_message":"","jetpack_publicize_feature_enabled":true,"jetpack_social_post_already_shared":false,"jetpack_social_options":{"image_generator_settings":{"template":"highway","default_image_id":0,"font":"","enabled":false},"version":2}},"categories":[21],"tags":[],"class_list":["post-2106","post","type-post","status-publish","format-standard","has-post-thumbnail","hentry","category-locales"],"aioseo_notices":[],"views":5,"jetpack_publicize_connections":[],"jetpack_featured_media_url":"https:\/\/i0.wp.com\/elterritorialweb.com.ar\/web\/wp-content\/uploads\/2020\/03\/MENSAJE.jpg?fit=959%2C640","jetpack_sharing_enabled":true,"_links":{"self":[{"href":"http:\/\/elterritorialweb.com.ar\/web\/wp-json\/wp\/v2\/posts\/2106","targetHints":{"allow":["GET"]}}],"collection":[{"href":"http:\/\/elterritorialweb.com.ar\/web\/wp-json\/wp\/v2\/posts"}],"about":[{"href":"http:\/\/elterritorialweb.com.ar\/web\/wp-json\/wp\/v2\/types\/post"}],"author":[{"embeddable":true,"href":"http:\/\/elterritorialweb.com.ar\/web\/wp-json\/wp\/v2\/users\/2"}],"replies":[{"embeddable":true,"href":"http:\/\/elterritorialweb.com.ar\/web\/wp-json\/wp\/v2\/comments?post=2106"}],"version-history":[{"count":1,"href":"http:\/\/elterritorialweb.com.ar\/web\/wp-json\/wp\/v2\/posts\/2106\/revisions"}],"predecessor-version":[{"id":2111,"href":"http:\/\/elterritorialweb.com.ar\/web\/wp-json\/wp\/v2\/posts\/2106\/revisions\/2111"}],"wp:featuredmedia":[{"embeddable":true,"href":"http:\/\/elterritorialweb.com.ar\/web\/wp-json\/wp\/v2\/media\/2107"}],"wp:attachment":[{"href":"http:\/\/elterritorialweb.com.ar\/web\/wp-json\/wp\/v2\/media?parent=2106"}],"wp:term":[{"taxonomy":"category","embeddable":true,"href":"http:\/\/elterritorialweb.com.ar\/web\/wp-json\/wp\/v2\/categories?post=2106"},{"taxonomy":"post_tag","embeddable":true,"href":"http:\/\/elterritorialweb.com.ar\/web\/wp-json\/wp\/v2\/tags?post=2106"}],"curies":[{"name":"wp","href":"https:\/\/api.w.org\/{rel}","templated":true}]}}