{"id":2113,"date":"2020-03-12T03:32:46","date_gmt":"2020-03-12T03:32:46","guid":{"rendered":"http:\/\/elterritorialweb.com.ar\/web\/?p=2113"},"modified":"2020-03-12T03:32:46","modified_gmt":"2020-03-12T03:32:46","slug":"pronta-culminacion-de-obra-de-pavimentacion-en-sumampa","status":"publish","type":"post","link":"http:\/\/elterritorialweb.com.ar\/web\/pronta-culminacion-de-obra-de-pavimentacion-en-sumampa\/","title":{"rendered":"PRONTA CULMINACI\u00d3N DE OBRA DE PAVIMENTACI\u00d3N EN SUMAMPA"},"content":{"rendered":"\n<p>La empresa encargada de los trabajos de hormigonado ya tiene todo listo para culminar sus trabajos con la calle Faria de S\u00e1a, entre la avenida San Mart\u00edn y avenida Ram\u00f3n Carrillo, en el predio del ferrocarril, por donde circulan muchos vecinos de ambos sectores de la ciudad.<\/p>\n\n\n\n<p>El intendente de Sumampa, Dr. Marcelo Bernasconi destac\u00f3 \u00abYa estamos pronto a culminar los trabajos de hormigonado alrededor del predio del ferrocarril, brind\u00e1ndole una hermosa fisonom\u00eda a todo el sector con sus avenidas y pasajes con hormig\u00f3n, realizando una reparaci\u00f3n hist\u00f3rica con la comunidad que por a\u00f1os cont\u00f3 con sus calles de tierra y era una necesidad imperiosa realizar estos trabajos porque Sumampa a logrado un gran crecimiento en los \u00faltimos a\u00f1os y cada d\u00eda est\u00e1 m\u00e1s linda\u00bb, ahond\u00f3 <\/p>\n\n\n\n<p>El funcionario agradeci\u00f3 a gobernador de la provincia, Dr. Gerardo Zamora por permitirles a los sumampe\u00f1os a seguir so\u00f1ando con un Sumampa en permanente crecimiento y gracias al apoyo permanente del gobierno se puede hacer realidad. finaliz\u00f3. <\/p>\n","protected":false},"excerpt":{"rendered":"<p>La empresa encargada de los trabajos de hormigonado ya tiene todo listo para culminar sus&#8230;<\/p>\n","protected":false},"author":2,"featured_media":2114,"comment_status":"open","ping_status":"open","sticky":false,"template":"","format":"standard","meta":{"om_disable_all_campaigns":false,"_monsterinsights_skip_tracking":false,"_monsterinsights_sitenote_active":false,"_monsterinsights_sitenote_note":"","_monsterinsights_sitenote_category":0,"_uf_show_specific_survey":0,"_uf_disable_surveys":false,"jetpack_post_was_ever_published":false,"_jetpack_newsletter_access":"","_jetpack_dont_email_post_to_subs":false,"_jetpack_newsletter_tier_id":0,"_jetpack_memberships_contains_paywalled_content":false,"_jetpack_memberships_contains_paid_content":false,"footnotes":"","jetpack_publicize_message":"","jetpack_publicize_feature_enabled":true,"jetpack_social_post_already_shared":false,"jetpack_social_options":{"image_generator_settings":{"template":"highway","default_image_id":0,"font":"","enabled":false},"version":2}},"categories":[18],"tags":[],"class_list":["post-2113","post","type-post","status-publish","format-standard","has-post-thumbnail","hentry","category-politica"],"aioseo_notices":[],"views":4,"jetpack_publicize_connections":[],"jetpack_featured_media_url":"https:\/\/i0.wp.com\/elterritorialweb.com.ar\/web\/wp-content\/uploads\/2020\/03\/CALLES.jpg?fit=960%2C541","jetpack_sharing_enabled":true,"_links":{"self":[{"href":"http:\/\/elterritorialweb.com.ar\/web\/wp-json\/wp\/v2\/posts\/2113","targetHints":{"allow":["GET"]}}],"collection":[{"href":"http:\/\/elterritorialweb.com.ar\/web\/wp-json\/wp\/v2\/posts"}],"about":[{"href":"http:\/\/elterritorialweb.com.ar\/web\/wp-json\/wp\/v2\/types\/post"}],"author":[{"embeddable":true,"href":"http:\/\/elterritorialweb.com.ar\/web\/wp-json\/wp\/v2\/users\/2"}],"replies":[{"embeddable":true,"href":"http:\/\/elterritorialweb.com.ar\/web\/wp-json\/wp\/v2\/comments?post=2113"}],"version-history":[{"count":1,"href":"http:\/\/elterritorialweb.com.ar\/web\/wp-json\/wp\/v2\/posts\/2113\/revisions"}],"predecessor-version":[{"id":2116,"href":"http:\/\/elterritorialweb.com.ar\/web\/wp-json\/wp\/v2\/posts\/2113\/revisions\/2116"}],"wp:featuredmedia":[{"embeddable":true,"href":"http:\/\/elterritorialweb.com.ar\/web\/wp-json\/wp\/v2\/media\/2114"}],"wp:attachment":[{"href":"http:\/\/elterritorialweb.com.ar\/web\/wp-json\/wp\/v2\/media?parent=2113"}],"wp:term":[{"taxonomy":"category","embeddable":true,"href":"http:\/\/elterritorialweb.com.ar\/web\/wp-json\/wp\/v2\/categories?post=2113"},{"taxonomy":"post_tag","embeddable":true,"href":"http:\/\/elterritorialweb.com.ar\/web\/wp-json\/wp\/v2\/tags?post=2113"}],"curies":[{"name":"wp","href":"https:\/\/api.w.org\/{rel}","templated":true}]}}