{"id":236,"date":"2020-02-19T21:39:17","date_gmt":"2020-02-19T21:39:17","guid":{"rendered":"http:\/\/elterritorialweb.com.ar\/web\/?p=236"},"modified":"2020-02-21T12:56:50","modified_gmt":"2020-02-21T12:56:50","slug":"estados-unidos-acuso-a-iran-de-buscar-mejorar-su-capacidad-de-misiles-a-traves-de-lanzamientos-de-satelites","status":"publish","type":"post","link":"http:\/\/elterritorialweb.com.ar\/web\/estados-unidos-acuso-a-iran-de-buscar-mejorar-su-capacidad-de-misiles-a-traves-de-lanzamientos-de-satelites\/","title":{"rendered":"Estados Unidos acus\u00f3 a Ir\u00e1n de buscar mejorar su capacidad de misiles a trav\u00e9s de lanzamientos de sat\u00e9lites"},"content":{"rendered":"\n<p>El secretario de Estado de Estados Unidos, Mike Pompeo, acus\u00f3 este martes a Ir\u00e1n de perfeccionar su capacidad misil\u00edstica con el lanzamiento de sat\u00e9lites y prometi\u00f3 m\u00e1s presi\u00f3n sobre esa rep\u00fablica isl\u00e1mica.<br> \u201cEstados Unidos continuar\u00e1 recogiendo apoyo alrededor del mundo para confrontar la irresponsable actividad de misiles bal\u00edsticos del r\u00e9gimen iran\u00ed, y continuaremos imponiendo enorme presi\u00f3n sobre el r\u00e9gimen para que cambie su comportamiento\u201d, dijo Pompeo en un comunicado.<\/p>\n\n\n\n<hr class=\"wp-block-separator\"\/>\n\n\n\n<figure class=\"wp-block-image size-large\"><img data-recalc-dims=\"1\" decoding=\"async\" width=\"640\" height=\"452\" data-src=\"https:\/\/i0.wp.com\/elterritorialweb.com.ar\/web\/wp-content\/uploads\/2020\/02\/84331683_125050252364381_276093356918964224_n.png?resize=640%2C452\" alt=\"\" class=\"wp-image-234 lazyload\" data-srcset=\"https:\/\/i0.wp.com\/elterritorialweb.com.ar\/web\/wp-content\/uploads\/2020\/02\/84331683_125050252364381_276093356918964224_n.png?w=750 750w, https:\/\/i0.wp.com\/elterritorialweb.com.ar\/web\/wp-content\/uploads\/2020\/02\/84331683_125050252364381_276093356918964224_n.png?resize=300%2C212 300w\" data-sizes=\"(max-width: 640px) 100vw, 640px\" src=\"data:image\/svg+xml;base64,PHN2ZyB3aWR0aD0iMSIgaGVpZ2h0PSIxIiB4bWxucz0iaHR0cDovL3d3dy53My5vcmcvMjAwMC9zdmciPjwvc3ZnPg==\" style=\"--smush-placeholder-width: 640px; --smush-placeholder-aspect-ratio: 640\/452;\" \/><\/figure>\n\n\n\n<p><\/p>\n\n\n\n<p><br> \u201cCada lanzamiento, falliudo o no, permite a Ir\u00e1n ganar experiencia usando esta tecnolog\u00eda que podr\u00eda beneficiar su programa de misiles\u201d, conden\u00f3 el Departamento de Estado, que sostuvo que el \u201cprincipal patrocinador del terrorismo\u201d no deber\u00eda contar con facilidades para avanzar en temas de armamento.<br> El domingo, Ir\u00e1n no logr\u00f3 poner en \u00f3rbita su sat\u00e9lite Zafar (victoria), de fabricaci\u00f3n local, pero prometi\u00f3 seguir desarrollando su programa espacial.<br> Frente a esas acusaciones, Teher\u00e1n ha insistido en que sus actividades son civiles y no militares, al contrario de lo que afirma Washington.<br> En 2009 Ir\u00e1n puso en \u00f3rbita su primer sat\u00e9lite, Omid (Esperanza), y en los siguientes tres a\u00f1os coloc\u00f3 otros dos, mientras que en 2017 lanz\u00f3 el cohete orbital portador Simorq.<br> En agosto pasado, el Gobierno estadounidense, refiri\u00e9ndose a im\u00e1genes por sat\u00e9lite, indic\u00f3 que Ir\u00e1n fall\u00f3 en lanzar otro de sus sat\u00e9lites, pero Yahrom\u00ed lo neg\u00f3 y mostr\u00f3 im\u00e1genes del Nahid 1. Adem\u00e1s, Washington impuso el pasado septiembre sanciones a la Agencia Espacial de Ir\u00e1n, as\u00ed como a dos de sus institutos de investigaci\u00f3n<\/p>\n\n\n\n<figure class=\"wp-block-embed-youtube wp-block-embed is-type-video is-provider-youtube wp-embed-aspect-4-3 wp-has-aspect-ratio\"><div class=\"wp-block-embed__wrapper\">\n<iframe title=\"Agenda El Territorial\" width=\"640\" height=\"360\" data-src=\"https:\/\/www.youtube.com\/embed\/tBFfnF0CiEc?feature=oembed\" frameborder=\"0\" allow=\"accelerometer; autoplay; clipboard-write; encrypted-media; gyroscope; picture-in-picture; web-share\" referrerpolicy=\"strict-origin-when-cross-origin\" allowfullscreen src=\"data:image\/svg+xml;base64,PHN2ZyB3aWR0aD0iMSIgaGVpZ2h0PSIxIiB4bWxucz0iaHR0cDovL3d3dy53My5vcmcvMjAwMC9zdmciPjwvc3ZnPg==\" class=\"lazyload\" data-load-mode=\"1\"><\/iframe>\n<\/div><\/figure>\n\n\n\n<p><\/p>\n","protected":false},"excerpt":{"rendered":"<p>El r\u00e9gimen persa sostiene que los ensayos no tienen fines b\u00e9licos, pero Washington considera que aunque sean fallidos pueden aumentar el potencial ofensivo de Teher\u00e1n, lo que amenaza la estabilidad de la regi\u00f3n.<\/p>\n","protected":false},"author":2,"featured_media":237,"comment_status":"open","ping_status":"open","sticky":false,"template":"","format":"video","meta":{"om_disable_all_campaigns":false,"_monsterinsights_skip_tracking":false,"_monsterinsights_sitenote_active":false,"_monsterinsights_sitenote_note":"","_monsterinsights_sitenote_category":0,"_uf_show_specific_survey":0,"_uf_disable_surveys":false,"jetpack_post_was_ever_published":false,"_jetpack_newsletter_access":"","_jetpack_dont_email_post_to_subs":false,"_jetpack_newsletter_tier_id":0,"_jetpack_memberships_contains_paywalled_content":false,"_jetpack_memberships_contains_paid_content":false,"footnotes":"","jetpack_publicize_message":"","jetpack_publicize_feature_enabled":true,"jetpack_social_post_already_shared":false,"jetpack_social_options":{"image_generator_settings":{"template":"highway","default_image_id":0,"font":"","enabled":false},"version":2}},"categories":[10],"tags":[],"class_list":["post-236","post","type-post","status-publish","format-video","has-post-thumbnail","hentry","category-internacionales","post_format-post-format-video"],"aioseo_notices":[],"views":6,"jetpack_publicize_connections":[],"jetpack_featured_media_url":"https:\/\/i0.wp.com\/elterritorialweb.com.ar\/web\/wp-content\/uploads\/2020\/02\/86317661_125042812365125_2721964089667485696_n.png?fit=750%2C423","jetpack_sharing_enabled":true,"_links":{"self":[{"href":"http:\/\/elterritorialweb.com.ar\/web\/wp-json\/wp\/v2\/posts\/236","targetHints":{"allow":["GET"]}}],"collection":[{"href":"http:\/\/elterritorialweb.com.ar\/web\/wp-json\/wp\/v2\/posts"}],"about":[{"href":"http:\/\/elterritorialweb.com.ar\/web\/wp-json\/wp\/v2\/types\/post"}],"author":[{"embeddable":true,"href":"http:\/\/elterritorialweb.com.ar\/web\/wp-json\/wp\/v2\/users\/2"}],"replies":[{"embeddable":true,"href":"http:\/\/elterritorialweb.com.ar\/web\/wp-json\/wp\/v2\/comments?post=236"}],"version-history":[{"count":7,"href":"http:\/\/elterritorialweb.com.ar\/web\/wp-json\/wp\/v2\/posts\/236\/revisions"}],"predecessor-version":[{"id":281,"href":"http:\/\/elterritorialweb.com.ar\/web\/wp-json\/wp\/v2\/posts\/236\/revisions\/281"}],"wp:featuredmedia":[{"embeddable":true,"href":"http:\/\/elterritorialweb.com.ar\/web\/wp-json\/wp\/v2\/media\/237"}],"wp:attachment":[{"href":"http:\/\/elterritorialweb.com.ar\/web\/wp-json\/wp\/v2\/media?parent=236"}],"wp:term":[{"taxonomy":"category","embeddable":true,"href":"http:\/\/elterritorialweb.com.ar\/web\/wp-json\/wp\/v2\/categories?post=236"},{"taxonomy":"post_tag","embeddable":true,"href":"http:\/\/elterritorialweb.com.ar\/web\/wp-json\/wp\/v2\/tags?post=236"}],"curies":[{"name":"wp","href":"https:\/\/api.w.org\/{rel}","templated":true}]}}