{"id":32134,"date":"2022-01-02T15:40:53","date_gmt":"2022-01-02T15:40:53","guid":{"rendered":"http:\/\/elterritorialweb.com.ar\/web\/?p=32134"},"modified":"2022-01-02T15:40:54","modified_gmt":"2022-01-02T15:40:54","slug":"esteban-lamothe-confirmo-su-romance-con-la-humorista-charo-lopez","status":"publish","type":"post","link":"http:\/\/elterritorialweb.com.ar\/web\/esteban-lamothe-confirmo-su-romance-con-la-humorista-charo-lopez\/","title":{"rendered":"ESTEBAN LAMOTHE CONFIRM\u00d3 SU ROMANCE CON LA HUMORISTA CHARO L\u00d3PEZ"},"content":{"rendered":"\n<p>Apenas se confirm\u00f3 la separaci\u00f3n de <strong>Esteban Lamothe<\/strong> de\u00a0<strong>Katia Szechtman,<\/strong> mucho se especul\u00f3 con la llegada de un nuevo amor a la vida del gal\u00e1n. A principios de mes\u00a0agradeci\u00f3 un canje que hab\u00eda sido filmado por una mujer, que seg\u00fan los seguidores de\u00a0<em>La 1-5\/18 (eltrece)<\/em>\u00a0podr\u00eda ser\u00a0\u00c1ngela Leiva.<\/p>\n\n\n\n<p>Pero\u00a0Juariu\u00a0<strong>descubri\u00f3 la similitud de un perro que lo acompa\u00f1aba<\/strong>\u00a0y as\u00ed empezaron los rumores de romance entre la humorista\u00a0<strong>Charo L\u00f3pez\u00a0<\/strong>y el actor. Ahora ya lo hicieron oficial en Instagram.<\/p>\n\n\n\n<figure class=\"wp-block-image size-large\"><a href=\"https:\/\/i0.wp.com\/elterritorialweb.com.ar\/web\/wp-content\/uploads\/2022\/01\/ZN76IALL7VAORJLCXQR5LQFHSM.jpeg\"><img data-recalc-dims=\"1\" decoding=\"async\" width=\"588\" height=\"1024\" data-src=\"https:\/\/i0.wp.com\/elterritorialweb.com.ar\/web\/wp-content\/uploads\/2022\/01\/ZN76IALL7VAORJLCXQR5LQFHSM.jpeg?resize=588%2C1024\" alt=\"\" class=\"wp-image-32135 lazyload\" data-srcset=\"https:\/\/i0.wp.com\/elterritorialweb.com.ar\/web\/wp-content\/uploads\/2022\/01\/ZN76IALL7VAORJLCXQR5LQFHSM.jpeg?resize=588%2C1024 588w, https:\/\/i0.wp.com\/elterritorialweb.com.ar\/web\/wp-content\/uploads\/2022\/01\/ZN76IALL7VAORJLCXQR5LQFHSM.jpeg?resize=172%2C300 172w, https:\/\/i0.wp.com\/elterritorialweb.com.ar\/web\/wp-content\/uploads\/2022\/01\/ZN76IALL7VAORJLCXQR5LQFHSM.jpeg?w=767 767w\" data-sizes=\"(max-width: 588px) 100vw, 588px\" src=\"data:image\/svg+xml;base64,PHN2ZyB3aWR0aD0iMSIgaGVpZ2h0PSIxIiB4bWxucz0iaHR0cDovL3d3dy53My5vcmcvMjAwMC9zdmciPjwvc3ZnPg==\" style=\"--smush-placeholder-width: 588px; --smush-placeholder-aspect-ratio: 588\/1024;\" \/><\/a><\/figure>\n\n\n\n<p>Al parecer\u00a0<strong>Esteban Lamothe\u00a0y Charo L\u00f3pez recibieron juntos el A\u00f1o Nuevo en un campo<\/strong>. Esteban mostr\u00f3 en sus redes algunos de los preparativos, una postal que Charo replic\u00f3 en su red social y agreg\u00f3 una palabra:\u00a0<strong>\u201cFamili\u201d.<\/strong><\/p>\n\n\n\n<p>Tambi\u00e9n el actor comparti\u00f3 esta foto de ella caminando con un gatito,&nbsp;<strong>donde la arrob\u00f3 y hasta sum\u00f3 un coraz\u00f3n.<\/strong><\/p>\n\n\n\n<p>Durante los d\u00edas previos a la confirmaci\u00f3n los dos estuvieron dej\u00e1ndose\u00a0<strong>sugestivos mensajes<\/strong>\u00a0en sus redes sociales, lo que aliment\u00f3 las sospechas de que<strong>\u00a0algo m\u00e1s exist\u00eda entre ellos<\/strong>.<\/p>\n\n\n\n<figure class=\"wp-block-image size-full\"><a href=\"https:\/\/i0.wp.com\/elterritorialweb.com.ar\/web\/wp-content\/uploads\/2022\/01\/3TS3WXKCAVHIJDFCJWZ37ZNOLU.jpg\"><img data-recalc-dims=\"1\" decoding=\"async\" width=\"640\" height=\"359\" data-src=\"https:\/\/i0.wp.com\/elterritorialweb.com.ar\/web\/wp-content\/uploads\/2022\/01\/3TS3WXKCAVHIJDFCJWZ37ZNOLU.jpg?resize=640%2C359\" alt=\"\" class=\"wp-image-32136 lazyload\" data-srcset=\"https:\/\/i0.wp.com\/elterritorialweb.com.ar\/web\/wp-content\/uploads\/2022\/01\/3TS3WXKCAVHIJDFCJWZ37ZNOLU.jpg?w=767 767w, https:\/\/i0.wp.com\/elterritorialweb.com.ar\/web\/wp-content\/uploads\/2022\/01\/3TS3WXKCAVHIJDFCJWZ37ZNOLU.jpg?resize=300%2C168 300w\" data-sizes=\"(max-width: 640px) 100vw, 640px\" src=\"data:image\/svg+xml;base64,PHN2ZyB3aWR0aD0iMSIgaGVpZ2h0PSIxIiB4bWxucz0iaHR0cDovL3d3dy53My5vcmcvMjAwMC9zdmciPjwvc3ZnPg==\" style=\"--smush-placeholder-width: 640px; --smush-placeholder-aspect-ratio: 640\/359;\" \/><\/a><\/figure>\n","protected":false},"excerpt":{"rendered":"<p>A los actores ya se los hab\u00eda vinculado y la confirmaci\u00f3n lleg\u00f3 con el A\u00f1o Nuevo.<\/p>\n","protected":false},"author":2,"featured_media":32137,"comment_status":"open","ping_status":"open","sticky":false,"template":"","format":"standard","meta":{"om_disable_all_campaigns":false,"_monsterinsights_skip_tracking":false,"_monsterinsights_sitenote_active":false,"_monsterinsights_sitenote_note":"","_monsterinsights_sitenote_category":0,"_uf_show_specific_survey":0,"_uf_disable_surveys":false,"jetpack_post_was_ever_published":false,"_jetpack_newsletter_access":"","_jetpack_dont_email_post_to_subs":false,"_jetpack_newsletter_tier_id":0,"_jetpack_memberships_contains_paywalled_content":false,"_jetpack_memberships_contains_paid_content":false,"footnotes":"","jetpack_publicize_message":"","jetpack_publicize_feature_enabled":true,"jetpack_social_post_already_shared":false,"jetpack_social_options":{"image_generator_settings":{"template":"highway","default_image_id":0,"font":"","enabled":false},"version":2}},"categories":[20],"tags":[],"class_list":["post-32134","post","type-post","status-publish","format-standard","has-post-thumbnail","hentry","category-especysociales"],"aioseo_notices":[],"views":20,"jetpack_publicize_connections":[],"jetpack_featured_media_url":"https:\/\/i0.wp.com\/elterritorialweb.com.ar\/web\/wp-content\/uploads\/2022\/01\/3EWMWXF5QFAU3KXD2XEOVLG264.jpg?fit=767%2C430","jetpack_sharing_enabled":true,"_links":{"self":[{"href":"http:\/\/elterritorialweb.com.ar\/web\/wp-json\/wp\/v2\/posts\/32134","targetHints":{"allow":["GET"]}}],"collection":[{"href":"http:\/\/elterritorialweb.com.ar\/web\/wp-json\/wp\/v2\/posts"}],"about":[{"href":"http:\/\/elterritorialweb.com.ar\/web\/wp-json\/wp\/v2\/types\/post"}],"author":[{"embeddable":true,"href":"http:\/\/elterritorialweb.com.ar\/web\/wp-json\/wp\/v2\/users\/2"}],"replies":[{"embeddable":true,"href":"http:\/\/elterritorialweb.com.ar\/web\/wp-json\/wp\/v2\/comments?post=32134"}],"version-history":[{"count":1,"href":"http:\/\/elterritorialweb.com.ar\/web\/wp-json\/wp\/v2\/posts\/32134\/revisions"}],"predecessor-version":[{"id":32138,"href":"http:\/\/elterritorialweb.com.ar\/web\/wp-json\/wp\/v2\/posts\/32134\/revisions\/32138"}],"wp:featuredmedia":[{"embeddable":true,"href":"http:\/\/elterritorialweb.com.ar\/web\/wp-json\/wp\/v2\/media\/32137"}],"wp:attachment":[{"href":"http:\/\/elterritorialweb.com.ar\/web\/wp-json\/wp\/v2\/media?parent=32134"}],"wp:term":[{"taxonomy":"category","embeddable":true,"href":"http:\/\/elterritorialweb.com.ar\/web\/wp-json\/wp\/v2\/categories?post=32134"},{"taxonomy":"post_tag","embeddable":true,"href":"http:\/\/elterritorialweb.com.ar\/web\/wp-json\/wp\/v2\/tags?post=32134"}],"curies":[{"name":"wp","href":"https:\/\/api.w.org\/{rel}","templated":true}]}}