{"id":32140,"date":"2022-01-02T18:47:05","date_gmt":"2022-01-02T18:47:05","guid":{"rendered":"http:\/\/elterritorialweb.com.ar\/web\/?p=32140"},"modified":"2022-01-02T18:47:05","modified_gmt":"2022-01-02T18:47:05","slug":"abren-la-inscripcion-para-acceder-al-credito-casa-propia-de-procrear","status":"publish","type":"post","link":"http:\/\/elterritorialweb.com.ar\/web\/abren-la-inscripcion-para-acceder-al-credito-casa-propia-de-procrear\/","title":{"rendered":"ABREN LA INSCRIPCI\u00d3N PARA ACCEDER AL CR\u00c9DITO CASA PROPIA DE PROCREAR"},"content":{"rendered":"\n<p>Este lunes 3 de enero se abrir\u00e1 la inscripci\u00f3n para<strong>\u00a0acceder al cr\u00e9dito Casa Propia de Procrear<\/strong>\u00a0que ofrece la posibilidad de un cr\u00e9dito para la construcci\u00f3n de viviendas nuevas de hasta 60 metros cuadrados.<\/p>\n\n\n\n<p>Existen dos tipos de cr\u00e9ditos Casa Propia de Procrear, uno para la construcci\u00f3n de viviendas y otro para la refacci\u00f3n de viviendas ya construidas.\u00a0Esta modalidad permite obtener entre\u00a0$<strong>100.000 y $240.000 a pagar en 36 meses,<\/strong>\u00a0con tasa\u00a0HogAr, que ajusta el capital seg\u00fan la evoluci\u00f3n de los salarios.<\/p>\n\n\n\n<h2 class=\"wp-block-heading\">Qu\u00e9 es el cr\u00e9dito Casa Propia, Procrear, para la construcci\u00f3n<\/h2>\n\n\n\n<p>Se trata soluciones que financian hasta el 100% de la construcci\u00f3n de&nbsp;<strong>hasta 60 metros cuadrados&nbsp;<\/strong>que se asienten en lote propio. Para ello, ofrece montos que llegan a&nbsp;<strong>$4 millones y plazo de 30 a\u00f1os<\/strong>.<\/p>\n\n\n\n<h2 class=\"wp-block-heading\">Requisitos para la l\u00ednea de Construcci\u00f3n Casa Propia<\/h2>\n\n\n\n<p>En tanto, aquellos que buscan acceder a los\u00a0cr\u00e9ditos a tasa cero para la construcci\u00f3n, deben reunir las siguientes condiciones:<\/p>\n\n\n\n<ul class=\"wp-block-list\"><li>Ser\u00a0<strong>argentino<\/strong>\/a natural o por opci\u00f3n, o extranjero con residencia permanente.<\/li><li>Contar con\u00a0<strong>Documento\u00a0<\/strong>Nacional de Identidad vigente.<\/li><li>Contar con ingresos provenientes de trabajos formales, jubilaciones y\/o pensiones.\u00a0La suma de los ingresos mensuales netos del grupo familiar deber\u00e1 estar entre los<strong>\u00a0$53.500 y $175.000.<\/strong><\/li><li>Tener entre\u00a0<strong>18 y 64 a\u00f1os<\/strong>\u00a0al momento de la inscripci\u00f3n.<\/li><li><strong>No ser propietarios\/as\u00a0<\/strong>o copropietarios\/as de bienes inmuebles, con excepci\u00f3n de los casos previstos en las Bases y Condiciones.<\/li><\/ul>\n","protected":false},"excerpt":{"rendered":"<p>A partir de este lunes 3 de enero se podr\u00e1n anotar aquellos que busquen acceder al cr\u00e9dito para la construcci\u00f3n de viviendas nuevas de hasta 60 metros cuadrados que se asienten en lote propio.<\/p>\n","protected":false},"author":2,"featured_media":9672,"comment_status":"open","ping_status":"open","sticky":false,"template":"","format":"standard","meta":{"om_disable_all_campaigns":false,"_monsterinsights_skip_tracking":false,"_monsterinsights_sitenote_active":false,"_monsterinsights_sitenote_note":"","_monsterinsights_sitenote_category":0,"_uf_show_specific_survey":0,"_uf_disable_surveys":false,"jetpack_post_was_ever_published":false,"_jetpack_newsletter_access":"","_jetpack_dont_email_post_to_subs":false,"_jetpack_newsletter_tier_id":0,"_jetpack_memberships_contains_paywalled_content":false,"_jetpack_memberships_contains_paid_content":false,"footnotes":"","jetpack_publicize_message":"","jetpack_publicize_feature_enabled":true,"jetpack_social_post_already_shared":false,"jetpack_social_options":{"image_generator_settings":{"template":"highway","default_image_id":0,"font":"","enabled":false},"version":2}},"categories":[2],"tags":[],"class_list":["post-32140","post","type-post","status-publish","format-standard","has-post-thumbnail","hentry","category-economia"],"aioseo_notices":[],"views":12,"jetpack_publicize_connections":[],"jetpack_featured_media_url":"https:\/\/i0.wp.com\/elterritorialweb.com.ar\/web\/wp-content\/uploads\/2020\/08\/PROCREAR-1.jpg?fit=300%2C168","jetpack_sharing_enabled":true,"_links":{"self":[{"href":"http:\/\/elterritorialweb.com.ar\/web\/wp-json\/wp\/v2\/posts\/32140","targetHints":{"allow":["GET"]}}],"collection":[{"href":"http:\/\/elterritorialweb.com.ar\/web\/wp-json\/wp\/v2\/posts"}],"about":[{"href":"http:\/\/elterritorialweb.com.ar\/web\/wp-json\/wp\/v2\/types\/post"}],"author":[{"embeddable":true,"href":"http:\/\/elterritorialweb.com.ar\/web\/wp-json\/wp\/v2\/users\/2"}],"replies":[{"embeddable":true,"href":"http:\/\/elterritorialweb.com.ar\/web\/wp-json\/wp\/v2\/comments?post=32140"}],"version-history":[{"count":1,"href":"http:\/\/elterritorialweb.com.ar\/web\/wp-json\/wp\/v2\/posts\/32140\/revisions"}],"predecessor-version":[{"id":32141,"href":"http:\/\/elterritorialweb.com.ar\/web\/wp-json\/wp\/v2\/posts\/32140\/revisions\/32141"}],"wp:featuredmedia":[{"embeddable":true,"href":"http:\/\/elterritorialweb.com.ar\/web\/wp-json\/wp\/v2\/media\/9672"}],"wp:attachment":[{"href":"http:\/\/elterritorialweb.com.ar\/web\/wp-json\/wp\/v2\/media?parent=32140"}],"wp:term":[{"taxonomy":"category","embeddable":true,"href":"http:\/\/elterritorialweb.com.ar\/web\/wp-json\/wp\/v2\/categories?post=32140"},{"taxonomy":"post_tag","embeddable":true,"href":"http:\/\/elterritorialweb.com.ar\/web\/wp-json\/wp\/v2\/tags?post=32140"}],"curies":[{"name":"wp","href":"https:\/\/api.w.org\/{rel}","templated":true}]}}