{"id":32142,"date":"2022-01-02T19:01:46","date_gmt":"2022-01-02T19:01:46","guid":{"rendered":"http:\/\/elterritorialweb.com.ar\/web\/?p=32142"},"modified":"2022-01-02T19:02:52","modified_gmt":"2022-01-02T19:02:52","slug":"automovilista-choco-a-cinco-ciclistas-en-palermo","status":"publish","type":"post","link":"http:\/\/elterritorialweb.com.ar\/web\/automovilista-choco-a-cinco-ciclistas-en-palermo\/","title":{"rendered":"AUTOMOVILISTA CHOC\u00d3 A CINCO CICLISTAS EN PALERMO"},"content":{"rendered":"\n<p>Un conductor que circulaba por la avenida Figueroa Alcorta\u00a0<strong>atropell\u00f3 a cinco ciclistas y mat\u00f3 a uno de ellos\u00a0<\/strong>en los Bosques de Palermo, escap\u00f3 despu\u00e9s de la violenta embestida y luego lo detuvieron en Avellaneda junto a otras tres personas, confirmaron a\u00a0<strong>TN\u00a0<\/strong>fuentes de la Polic\u00eda de la Ciudad.<\/p>\n\n\n\n<p>Entre los heridas por el violento accidente en los Bosques de Palermohab\u00eda una mujer que estaba\u00a0<strong>\u201cgrav\u00edsima\u201d,\u00a0<\/strong>le dijo a<strong>\u00a0TN\u00a0<\/strong>el titular del SAME<strong>\u00a0Alberto Crescenti,<\/strong>\u00a0y que\u00a0<strong>muri\u00f3\u00a0<\/strong>por la gravedad de las heridas. A tres de los lesionados los derivaron al hospital Fern\u00e1ndez y a los dos restantes al Rivadavia.<\/p>\n\n\n\n<p>Crescenti dijo que les preocupaba el estado de la mujer, de la que mencion\u00f3 que tuvo un<strong>&nbsp;paro cardiorrespiratorio,&nbsp;<\/strong>le hicieron maniobras y un drenaje por un&nbsp;<strong>neumot\u00f3rax,&nbsp;<\/strong>que se produce cuando el aire se filtra dentro del espacio que se encuentra entre los pulmones y la pared tor\u00e1cica.<\/p>\n\n\n\n<p>El titular del SAME explic\u00f3 que el resto de los heridos sufrieron politraumatismos con fracturas expuestas.<\/p>\n\n\n\n<p>Crescenti explic\u00f3 que en los hospitales \u201clos equipos de urgencia trabajan intensamente para poder sacar a los heridos de este cuadro\u201d.<\/p>\n\n\n\n<h3 class=\"wp-block-heading\">Alberto Crescenti sobre la embestida a cinco ciclistas en los Bosques de Palermo: \u201cFue un accidente de gran envergadura\u201d<\/h3>\n\n\n\n<p>Crescenti consider\u00f3 que el accidente en el que atropellaron a cinco ciclistas en los Bosques de Palermo fue<strong>&nbsp;\u201cde gran envergadura\u201d&nbsp;<\/strong>por los da\u00f1os que tuvo el auto en la parte delantera, con la que impact\u00f3 a la gente. El veh\u00edculo tuvo rotura total del parabrisas.<\/p>\n\n\n\n<p>El titular del SAME dijo que en el accidente en los Bosques de Palermo hubo \u201cun impacto violento, importante\u201d.<\/p>\n","protected":false},"excerpt":{"rendered":"<p>A los heridos los derivaron a los hospitales Fern\u00e1ndez y Rivadavia. Una de las mujeres muri\u00f3 por el accidente.<\/p>\n","protected":false},"author":2,"featured_media":32144,"comment_status":"open","ping_status":"open","sticky":false,"template":"","format":"standard","meta":{"om_disable_all_campaigns":false,"_monsterinsights_skip_tracking":false,"_monsterinsights_sitenote_active":false,"_monsterinsights_sitenote_note":"","_monsterinsights_sitenote_category":0,"_uf_show_specific_survey":0,"_uf_disable_surveys":false,"jetpack_post_was_ever_published":false,"_jetpack_newsletter_access":"","_jetpack_dont_email_post_to_subs":false,"_jetpack_newsletter_tier_id":0,"_jetpack_memberships_contains_paywalled_content":false,"_jetpack_memberships_contains_paid_content":false,"footnotes":"","jetpack_publicize_message":"","jetpack_publicize_feature_enabled":true,"jetpack_social_post_already_shared":false,"jetpack_social_options":{"image_generator_settings":{"template":"highway","default_image_id":0,"font":"","enabled":false},"version":2}},"categories":[7],"tags":[],"class_list":["post-32142","post","type-post","status-publish","format-standard","has-post-thumbnail","hentry","category-nacionales"],"aioseo_notices":[],"views":11,"jetpack_publicize_connections":[],"jetpack_featured_media_url":"https:\/\/i0.wp.com\/elterritorialweb.com.ar\/web\/wp-content\/uploads\/2022\/01\/61d1c1d34f53a_900-1.jpg?fit=900%2C506","jetpack_sharing_enabled":true,"_links":{"self":[{"href":"http:\/\/elterritorialweb.com.ar\/web\/wp-json\/wp\/v2\/posts\/32142","targetHints":{"allow":["GET"]}}],"collection":[{"href":"http:\/\/elterritorialweb.com.ar\/web\/wp-json\/wp\/v2\/posts"}],"about":[{"href":"http:\/\/elterritorialweb.com.ar\/web\/wp-json\/wp\/v2\/types\/post"}],"author":[{"embeddable":true,"href":"http:\/\/elterritorialweb.com.ar\/web\/wp-json\/wp\/v2\/users\/2"}],"replies":[{"embeddable":true,"href":"http:\/\/elterritorialweb.com.ar\/web\/wp-json\/wp\/v2\/comments?post=32142"}],"version-history":[{"count":1,"href":"http:\/\/elterritorialweb.com.ar\/web\/wp-json\/wp\/v2\/posts\/32142\/revisions"}],"predecessor-version":[{"id":32145,"href":"http:\/\/elterritorialweb.com.ar\/web\/wp-json\/wp\/v2\/posts\/32142\/revisions\/32145"}],"wp:featuredmedia":[{"embeddable":true,"href":"http:\/\/elterritorialweb.com.ar\/web\/wp-json\/wp\/v2\/media\/32144"}],"wp:attachment":[{"href":"http:\/\/elterritorialweb.com.ar\/web\/wp-json\/wp\/v2\/media?parent=32142"}],"wp:term":[{"taxonomy":"category","embeddable":true,"href":"http:\/\/elterritorialweb.com.ar\/web\/wp-json\/wp\/v2\/categories?post=32142"},{"taxonomy":"post_tag","embeddable":true,"href":"http:\/\/elterritorialweb.com.ar\/web\/wp-json\/wp\/v2\/tags?post=32142"}],"curies":[{"name":"wp","href":"https:\/\/api.w.org\/{rel}","templated":true}]}}