{"id":32147,"date":"2022-01-02T19:27:24","date_gmt":"2022-01-02T19:27:24","guid":{"rendered":"http:\/\/elterritorialweb.com.ar\/web\/?p=32147"},"modified":"2022-01-02T19:27:24","modified_gmt":"2022-01-02T19:27:24","slug":"en-israel-detectaron-flurona-una-infeccion-de-coronavirus-y-gripe","status":"publish","type":"post","link":"http:\/\/elterritorialweb.com.ar\/web\/en-israel-detectaron-flurona-una-infeccion-de-coronavirus-y-gripe\/","title":{"rendered":"EN ISRAEL DETECTARON \u00abFLURONA\u00bb UNA INFECCI\u00d3N DE CORONAVIRUS Y GRIPE"},"content":{"rendered":"\n<p>Israel ha detectado el primer caso de<strong>&nbsp;\u00abflurona\u00bb<\/strong>, una infecci\u00f3n de coronavirus y gripe a la vez en una&nbsp;<strong>mujer embarazada no vacunada<\/strong>&nbsp;infectada por ambos virus, que ha dado a luz en el Hospital de Beilinson de Petaj Tikva.<\/p>\n\n\n\n<p>\u00abLa enfermedad es la misma. Son virales y causan dificultad para respirar, ya que&nbsp;<strong>ambas atacan las v\u00edas respiratorias<\/strong>&nbsp;superiores\u00bb, ha explicado Arnon Vizhnitser, director del departamento de ginecolog\u00eda del hospital, seg\u00fan ha recogido el diario israel\u00ed&nbsp;<em>The Times of Israel<\/em>.<\/p>\n\n\n\n<p>El personal sanitario ha observado la enfermedad en una mujer embarazada de&nbsp;<strong>30 a\u00f1os<\/strong>&nbsp;que no estaba vacunada contra ninguna de las dos enfermedades. No obstante, la paciente ha mostrado<strong>&nbsp;s\u00edntomas leves<\/strong>&nbsp;a pesar de que no estaba inmunizada.<\/p>\n\n\n\n<p>La mujer fue dada de alta el pasado 30 de diciembre, pero el Ministerio de Salud israel\u00ed sigue estudiando el caso porque<strong>&nbsp;temen c\u00f3mo pueda afectar un estallido de \u00abflurona\u00bb a los servicios asistenciales<\/strong>. Por ello, estudia el&nbsp;<strong>caso in\u00e9dito<\/strong>&nbsp;para comprobar que la combinaci\u00f3n de los dos virus no causa una enfermedad m\u00e1s grave.&nbsp;\u00abLos picos concurrentes de gripe y Covid podr\u00edan significar el colapso de los hospitales de Israel\u00bb, ha dicho Erez Barenboim, director general del Hospital Samson Assuta Ashdod.<\/p>\n\n\n\n<p>Israel se encuentra actualmente en un pico alto de los nuevos casos, con \u00d3micron provocando miles de contagios diarios. As\u00ed, ha decidido cambiar de estrategia para hacer frente al nuevo estallido de positivos y el pasado jueves aprob\u00f3 la&nbsp;<strong>administraci\u00f3n de la cuarta dosis de la vacuna contra el coronavirus<\/strong>&nbsp;a pacientes con sistemas inmunitarios debilitados. Se estima que un 60 por ciento de la poblaci\u00f3n cuenta con la pauta completa de vacunaci\u00f3n.<\/p>\n","protected":false},"excerpt":{"rendered":"<p>Ha sido detectado en una mujer embarazada que no estaba vacunada y presentaba s\u00edntomas leves<\/p>\n","protected":false},"author":2,"featured_media":32148,"comment_status":"open","ping_status":"open","sticky":false,"template":"","format":"standard","meta":{"om_disable_all_campaigns":false,"_monsterinsights_skip_tracking":false,"_monsterinsights_sitenote_active":false,"_monsterinsights_sitenote_note":"","_monsterinsights_sitenote_category":0,"_uf_show_specific_survey":0,"_uf_disable_surveys":false,"jetpack_post_was_ever_published":false,"_jetpack_newsletter_access":"","_jetpack_dont_email_post_to_subs":false,"_jetpack_newsletter_tier_id":0,"_jetpack_memberships_contains_paywalled_content":false,"_jetpack_memberships_contains_paid_content":false,"footnotes":"","jetpack_publicize_message":"","jetpack_publicize_feature_enabled":true,"jetpack_social_post_already_shared":false,"jetpack_social_options":{"image_generator_settings":{"template":"highway","default_image_id":0,"font":"","enabled":false},"version":2}},"categories":[10],"tags":[],"class_list":["post-32147","post","type-post","status-publish","format-standard","has-post-thumbnail","hentry","category-internacionales"],"aioseo_notices":[],"views":9,"jetpack_publicize_connections":[],"jetpack_featured_media_url":"https:\/\/i0.wp.com\/elterritorialweb.com.ar\/web\/wp-content\/uploads\/2022\/01\/primer-caso-de-flurona-en___UNNG4ewWa_2000x1500__1.jpg?fit=2000%2C1500","jetpack_sharing_enabled":true,"_links":{"self":[{"href":"http:\/\/elterritorialweb.com.ar\/web\/wp-json\/wp\/v2\/posts\/32147","targetHints":{"allow":["GET"]}}],"collection":[{"href":"http:\/\/elterritorialweb.com.ar\/web\/wp-json\/wp\/v2\/posts"}],"about":[{"href":"http:\/\/elterritorialweb.com.ar\/web\/wp-json\/wp\/v2\/types\/post"}],"author":[{"embeddable":true,"href":"http:\/\/elterritorialweb.com.ar\/web\/wp-json\/wp\/v2\/users\/2"}],"replies":[{"embeddable":true,"href":"http:\/\/elterritorialweb.com.ar\/web\/wp-json\/wp\/v2\/comments?post=32147"}],"version-history":[{"count":1,"href":"http:\/\/elterritorialweb.com.ar\/web\/wp-json\/wp\/v2\/posts\/32147\/revisions"}],"predecessor-version":[{"id":32149,"href":"http:\/\/elterritorialweb.com.ar\/web\/wp-json\/wp\/v2\/posts\/32147\/revisions\/32149"}],"wp:featuredmedia":[{"embeddable":true,"href":"http:\/\/elterritorialweb.com.ar\/web\/wp-json\/wp\/v2\/media\/32148"}],"wp:attachment":[{"href":"http:\/\/elterritorialweb.com.ar\/web\/wp-json\/wp\/v2\/media?parent=32147"}],"wp:term":[{"taxonomy":"category","embeddable":true,"href":"http:\/\/elterritorialweb.com.ar\/web\/wp-json\/wp\/v2\/categories?post=32147"},{"taxonomy":"post_tag","embeddable":true,"href":"http:\/\/elterritorialweb.com.ar\/web\/wp-json\/wp\/v2\/tags?post=32147"}],"curies":[{"name":"wp","href":"https:\/\/api.w.org\/{rel}","templated":true}]}}