{"id":33448,"date":"2022-01-29T21:43:33","date_gmt":"2022-01-29T21:43:33","guid":{"rendered":"http:\/\/elterritorialweb.com.ar\/web\/?p=33448"},"modified":"2022-01-29T21:43:34","modified_gmt":"2022-01-29T21:43:34","slug":"se-registraron-41-978-nuevos-casos-de-coronavirus-en-argentina","status":"publish","type":"post","link":"http:\/\/elterritorialweb.com.ar\/web\/se-registraron-41-978-nuevos-casos-de-coronavirus-en-argentina\/","title":{"rendered":"SE REGISTRARON 41.978 NUEVOS CASOS DE CORONAVIRUS EN ARGENTINA"},"content":{"rendered":"\n<p>Otras 179 personas murieron y 41.978 fueron registradas con coronavirus en las \u00faltimas 24 horas en la Argentina, con lo que suman 120.836 los fallecidos oficialmente a nivel nacional y 8.313.614 los contagiados desde el inicio de la pandemia, inform\u00f3 este s\u00e1bado el Ministerio de Salud de Naci\u00f3n.<\/p>\n\n\n\n<p>El parte precis\u00f3 que murieron 140 mujeres y 165 hombres, y no se registr\u00f3 ninguna persona sin identificaci\u00f3n de g\u00e9nero.<\/p>\n\n\n\n<p>Respecto a las 80 mujeres, 43 son de la Provincia de Buenos Aires, 9 de la Ciudad de Buenos Aires, 3 de Chaco, 2 de C\u00f3rdoba, 2 de Entre R\u00edos, 2 de Formosa, 2 de Jujuy, 4 de Mendoza, 4 de Misiones, 3 de Salta, 1 de San Luis, 1 de Santa Fe, 3 de Santiago del Estero y 1 de Tierra del Fuego.<\/p>\n\n\n\n<p>El detalle de los 96 hombres fallecidos es el siguiente: 43 son de la Provincia de Buenos Aires, 10 de la Ciudad de Buenos Aires, 6 de Chaco, 3 de C\u00f3rdoba, 4 de Entre R\u00edos, 4 de Formosa, 1 de Jujuy, 4 de Mendoza, 6 de Misiones, 1 de R\u00edo Negro, 3 de Salta, 1 de San Juan, 1 de Santa Cruz, 3 de Santa Fe, 5 de Santiago del Estero, y 1 de Tierra del Fuego.<\/p>\n\n\n\n<p>Adem\u00e1s, otros tres fallecidos fueron reportados sin datos, dos en Buenos Aires y uno en R\u00edo Negro.<\/p>\n\n\n\n<p>El Ministerio indic\u00f3 adem\u00e1s que se realizaron en las \u00faltimas 24 horas 77.448 testeos y desde el inicio del brote ascienden a 32.440.547 las pruebas diagn\u00f3sticas para esta enfermedad.<\/p>\n\n\n\n<p>Respecto a los casos de infectados diarios reportados, en Buenos Aires se produjeron 17.769, 5.528 en CABA, 500 en Catamarca, 845 en Chaco, 794 en Chubut, 346 en Corrientes, 2.723 en C\u00f3rdoba, 1.101 en Entre R\u00edos, 1.206 en Formosa, 757 en Jujuy, 440 en La Pampa, 512 en La Rioja, 734 en Mendoza, 343 en Misiones, 658 en Neuqu\u00e9n, 549 en R\u00edo Negro, 498 en Salta, 1.196 en San Juan, 723 en San Luis, 205 en Santa Cruz, 2.960 en Santa Fe, 271 en Santiago del Estero, 286 en Tierra del Fuego y 1034 en Tucum\u00e1n.<\/p>\n\n\n\n<p>El total de acumulados por distrito indica que la provincia de Buenos Aires suma 3.226.295 casos; la Ciudad de Buenos Aires, 935.541; Catamarca, 79.669; Chaco, 156.622; Chubut, 108.952; Corrientes, 120.570; C\u00f3rdoba, 896.899; Entre R\u00edos, 186.646; Formosa, 97.618; Jujuy, 101.542; La Pampa, 95.792; La Rioja, 42.647; Mendoza, 253.736; Misiones, 47.902; Neuqu\u00e9n, 159.712; R\u00edo Negro, 136.128; Salta, 149.504; San Juan, 138.075; San Luis, 129.327; Santa Cruz, 83.739; Santa Fe, 689.160; Santiago del Estero, 122.701; Tierra del Fuego, 43.002 y Tucum\u00e1n, 311.835.<\/p>\n\n\n\n<p>Se incluyen casos existentes en las Islas Malvinas seg\u00fan informaci\u00f3n de prensa (debido a la ocupaci\u00f3n ilegal del Reino Unido, Gran Breta\u00f1a e Irlanda del Norte no es posible contar con informaci\u00f3n propia sobre el impacto de la Covid-19 en esa parte del territorio argentino).<\/p>\n","protected":false},"excerpt":{"rendered":"<p>Este s\u00e1bado otras 179 personas murieron en la Rep\u00fablica Argentina, sumando as\u00ed 120.836 los fallecidos oficialmente a nivel nacional y 8.313.614 los contagiados desde el inicio de la pandemia de coronavirus. <\/p>\n","protected":false},"author":2,"featured_media":33449,"comment_status":"open","ping_status":"open","sticky":false,"template":"","format":"standard","meta":{"om_disable_all_campaigns":false,"_monsterinsights_skip_tracking":false,"_monsterinsights_sitenote_active":false,"_monsterinsights_sitenote_note":"","_monsterinsights_sitenote_category":0,"_uf_show_specific_survey":0,"_uf_disable_surveys":false,"jetpack_post_was_ever_published":false,"_jetpack_newsletter_access":"","_jetpack_dont_email_post_to_subs":false,"_jetpack_newsletter_tier_id":0,"_jetpack_memberships_contains_paywalled_content":false,"_jetpack_memberships_contains_paid_content":false,"footnotes":"","jetpack_publicize_message":"","jetpack_publicize_feature_enabled":true,"jetpack_social_post_already_shared":false,"jetpack_social_options":{"image_generator_settings":{"template":"highway","default_image_id":0,"font":"","enabled":false},"version":2}},"categories":[3],"tags":[],"class_list":["post-33448","post","type-post","status-publish","format-standard","has-post-thumbnail","hentry","category-salud"],"aioseo_notices":[],"views":23,"jetpack_publicize_connections":[],"jetpack_featured_media_url":"https:\/\/i0.wp.com\/elterritorialweb.com.ar\/web\/wp-content\/uploads\/2022\/01\/VUCQITLLSJG5HJGSX5MFXZ3KLY.jpeg?fit=768%2C512","jetpack_sharing_enabled":true,"_links":{"self":[{"href":"http:\/\/elterritorialweb.com.ar\/web\/wp-json\/wp\/v2\/posts\/33448","targetHints":{"allow":["GET"]}}],"collection":[{"href":"http:\/\/elterritorialweb.com.ar\/web\/wp-json\/wp\/v2\/posts"}],"about":[{"href":"http:\/\/elterritorialweb.com.ar\/web\/wp-json\/wp\/v2\/types\/post"}],"author":[{"embeddable":true,"href":"http:\/\/elterritorialweb.com.ar\/web\/wp-json\/wp\/v2\/users\/2"}],"replies":[{"embeddable":true,"href":"http:\/\/elterritorialweb.com.ar\/web\/wp-json\/wp\/v2\/comments?post=33448"}],"version-history":[{"count":1,"href":"http:\/\/elterritorialweb.com.ar\/web\/wp-json\/wp\/v2\/posts\/33448\/revisions"}],"predecessor-version":[{"id":33450,"href":"http:\/\/elterritorialweb.com.ar\/web\/wp-json\/wp\/v2\/posts\/33448\/revisions\/33450"}],"wp:featuredmedia":[{"embeddable":true,"href":"http:\/\/elterritorialweb.com.ar\/web\/wp-json\/wp\/v2\/media\/33449"}],"wp:attachment":[{"href":"http:\/\/elterritorialweb.com.ar\/web\/wp-json\/wp\/v2\/media?parent=33448"}],"wp:term":[{"taxonomy":"category","embeddable":true,"href":"http:\/\/elterritorialweb.com.ar\/web\/wp-json\/wp\/v2\/categories?post=33448"},{"taxonomy":"post_tag","embeddable":true,"href":"http:\/\/elterritorialweb.com.ar\/web\/wp-json\/wp\/v2\/tags?post=33448"}],"curies":[{"name":"wp","href":"https:\/\/api.w.org\/{rel}","templated":true}]}}