{"id":33455,"date":"2022-01-30T03:28:41","date_gmt":"2022-01-30T03:28:41","guid":{"rendered":"http:\/\/elterritorialweb.com.ar\/web\/?p=33455"},"modified":"2022-01-30T03:28:42","modified_gmt":"2022-01-30T03:28:42","slug":"river-goleo-a-platense-por-la-copa-angel-labruna","status":"publish","type":"post","link":"http:\/\/elterritorialweb.com.ar\/web\/river-goleo-a-platense-por-la-copa-angel-labruna\/","title":{"rendered":"RIVER GOLE\u00d3 A PLATENSE POR LA COPA ANGEL LABRUNA"},"content":{"rendered":"\n<p>River Plate, a\u00fan con bajas por jugadores cedidos a los seleccionados sudamericanos en esta fecha de eliminatorias, le gan\u00f3 este s\u00e1bado con claridad a Platense, por 3-0, en ensayo de preparaci\u00f3n previo al comienzo de la Copa de la Liga Profesional de f\u00fatbol (LPF).<\/p>\n\n\n\n<p>Con el pretexto de disputar la Copa \u00c1ngel Labruna, emblema ineludible en la historia \u2018millonaria\u2019 y otrora exitoso DT tambi\u00e9n de la entidad de Vicente L\u00f3pez, el equipo del entrenador Marcelo Gallardo edific\u00f3 un rendimiento convincente y termin\u00f3 imponi\u00e9ndose con nitidez.<\/p>\n\n\n\n<p>Braian Romero (Pt. 15m.), Enzo Fern\u00e1ndez (St. 12m.) y el colombiano Jorge Carrascal (St. 33m.) convirtieron los tantos del equipo de N\u00fa\u00f1ez, apoyado en esta templada tarde por casi 30 mil simpatizantes que concurrieron al estadio Monumental.<\/p>\n\n\n\n<p>En el conjunto \u2018millonario\u2019 no estuvieron, entre otros, el arquero Franco Armani ni la joya Juli\u00e1n Alvarez, ambos convocados por Lionel Scaloni para el seleccionado argentino. Pero Gallardo tambi\u00e9n se vio privado de utilizar en esta fecha FIFA al chileno Paulo D\u00edaz y a los paraguayos Robert Rojas y David Mart\u00ednez, por caso.<\/p>\n\n\n\n<p>Pero as\u00ed y todo, el funcionamiento colectivo del \u2018Millonario\u2019 no se vio resentido. Hubo un equipo que se enganch\u00f3 de a poco, que arranc\u00f3 tratando de prevalecer en las posesiones largas y de proyectar volantes y laterales hasta el fondo para intentar desequilibrar.<\/p>\n\n\n\n<figure class=\"wp-block-image size-full\"><a href=\"https:\/\/i0.wp.com\/elterritorialweb.com.ar\/web\/wp-content\/uploads\/2022\/01\/GXNX4AESTVDEHPVEEFM3UF4IUU.jpg\"><img data-recalc-dims=\"1\" decoding=\"async\" width=\"580\" height=\"330\" data-src=\"https:\/\/i0.wp.com\/elterritorialweb.com.ar\/web\/wp-content\/uploads\/2022\/01\/GXNX4AESTVDEHPVEEFM3UF4IUU.jpg?resize=580%2C330\" alt=\"\" class=\"wp-image-33457 lazyload\" data-srcset=\"https:\/\/i0.wp.com\/elterritorialweb.com.ar\/web\/wp-content\/uploads\/2022\/01\/GXNX4AESTVDEHPVEEFM3UF4IUU.jpg?w=580 580w, https:\/\/i0.wp.com\/elterritorialweb.com.ar\/web\/wp-content\/uploads\/2022\/01\/GXNX4AESTVDEHPVEEFM3UF4IUU.jpg?resize=300%2C171 300w\" data-sizes=\"(max-width: 580px) 100vw, 580px\" src=\"data:image\/svg+xml;base64,PHN2ZyB3aWR0aD0iMSIgaGVpZ2h0PSIxIiB4bWxucz0iaHR0cDovL3d3dy53My5vcmcvMjAwMC9zdmciPjwvc3ZnPg==\" style=\"--smush-placeholder-width: 580px; --smush-placeholder-aspect-ratio: 580\/330;\" \/><\/a><\/figure>\n\n\n\n<p>Del lado de enfrente estuvo un Platense que busc\u00f3 ser prolijo e intent\u00f3 controlar los embates del rival, pero que sucumbi\u00f3 ante el poder\u00edo ofensivo de un River de Gallardo, al que se le \u201ccaen los goles\u201d casi por decantaci\u00f3n.<\/p>\n\n\n\n<p>En una de las primeras aproximaciones, a los 15m., Braian Romero aprovech\u00f3 un rebote que otorg\u00f3 el arquero Jorge De Olivera, luego de una incursi\u00f3n de Alex Vigo por derecha que le dio continuidad en el pase a Santiago Sim\u00f3n.<\/p>\n\n\n\n<p>En el segundo tiempo, un remate bajo de Enzo Fern\u00e1ndez alarg\u00f3 definitivamente la pizarra y la posterior conquista del ingresado Carrascal le dieron cifras finales a un partido que no tuvo equivalencias, desde la segunda anotaci\u00f3n \u2018millonaria\u2019.<\/p>\n\n\n\n<p>River debutar\u00e1 en la Copa de la LPF visitando a Uni\u00f3n de Santa Fe, el s\u00e1bado 12 de febrero a las 19.15; mientras que Platense lo har\u00e1 un d\u00eda m\u00e1s tarde, el domingo 13, recibiendo a Talleres de C\u00f3rdoba, en id\u00e9ntico horario.<\/p>\n\n\n\n<figure class=\"wp-block-image size-full\"><a href=\"https:\/\/i0.wp.com\/elterritorialweb.com.ar\/web\/wp-content\/uploads\/2022\/01\/romero-river_w416.jpg\"><img data-recalc-dims=\"1\" decoding=\"async\" width=\"416\" height=\"206\" data-src=\"https:\/\/i0.wp.com\/elterritorialweb.com.ar\/web\/wp-content\/uploads\/2022\/01\/romero-river_w416.jpg?resize=416%2C206\" alt=\"\" class=\"wp-image-33458 lazyload\" data-srcset=\"https:\/\/i0.wp.com\/elterritorialweb.com.ar\/web\/wp-content\/uploads\/2022\/01\/romero-river_w416.jpg?w=416 416w, https:\/\/i0.wp.com\/elterritorialweb.com.ar\/web\/wp-content\/uploads\/2022\/01\/romero-river_w416.jpg?resize=300%2C149 300w\" data-sizes=\"(max-width: 416px) 100vw, 416px\" src=\"data:image\/svg+xml;base64,PHN2ZyB3aWR0aD0iMSIgaGVpZ2h0PSIxIiB4bWxucz0iaHR0cDovL3d3dy53My5vcmcvMjAwMC9zdmciPjwvc3ZnPg==\" style=\"--smush-placeholder-width: 416px; --smush-placeholder-aspect-ratio: 416\/206;\" \/><\/a><\/figure>\n\n\n\n<h3 class=\"wp-block-heading\">S\u00edntesis<\/h3>\n\n\n\n<p><strong>River Plate<\/strong>: Ezequiel Centuri\u00f3n; Alex Vigo, Jonatan Maidana, Leandro Gonz\u00e1lez Pirez y Milton Casco; Enzo P\u00e9rez; Enzo Fern\u00e1ndez, Santiago Sim\u00f3n, Jos\u00e9 Paradela y Agust\u00edn Palavecino; Braian Romero. DT: Marcelo Gallardo.<\/p>\n\n\n\n<p><strong>Platense<\/strong>: Jorge De Olivera; Augusto Schott, Juan Pablo Pignani, Gast\u00f3n Suso y Juan Infante; Iv\u00e1n G\u00f3mez y Hern\u00e1n Lamberti; Horacio Tijanovich, Nicol\u00e1s Delgadillo y Brian Mansilla; Tom\u00e1s Sandoval. DT: Claudio Spont\u00f3n.<\/p>\n\n\n\n<p><strong>Gol en el primer tiempo<\/strong>: 15m. B. Romero (RP)<\/p>\n\n\n\n<p><strong>Goles en el segundo tiempo<\/strong>: 12m. E. Fern\u00e1ndez (RP); 33m. Carrascal (RP)<\/p>\n\n\n\n<p><strong>Cambios en el segundo tiempo<\/strong>: antes del comienzo, Bruno Zuculini por E. P\u00e9rez (RP); 14m. Mauro Bogado por Delgadillo e Ignacio Schor por Sandoval (P); 20m. Tom\u00e1s Pochettino por Palavecino y Jorge Carrascal por B. Romero (RP) 20m. Franco Baldassarra por Iv\u00e1n G\u00f3mez y Nicol\u00e1s Morgantini por Schott (P); 22m. Nicol\u00e1s De la Cruz por Paradela (RP); 25m. Nadir Zeinedd\u00edn por Mansilla (P); 35m. Carlos Auzqui por Sim\u00f3n (RP);<\/p>\n\n\n\n<p><strong>Cancha<\/strong>: River Plate<\/p>\n\n\n\n<p><strong>Arbitro<\/strong>: Nazareno Arasa.<\/p>\n","protected":false},"excerpt":{"rendered":"<p>En el marco de la Copa \u00c1ngel Labruna y en cancha de River, a pesar de las ausencias de Franco Armani y Juli\u00e1n \u00c1lvarez, el Millonario derrot\u00f3 al Calamar por 3 a 0. <\/p>\n","protected":false},"author":2,"featured_media":33456,"comment_status":"open","ping_status":"open","sticky":false,"template":"","format":"standard","meta":{"om_disable_all_campaigns":false,"_monsterinsights_skip_tracking":false,"_monsterinsights_sitenote_active":false,"_monsterinsights_sitenote_note":"","_monsterinsights_sitenote_category":0,"_uf_show_specific_survey":0,"_uf_disable_surveys":false,"jetpack_post_was_ever_published":false,"_jetpack_newsletter_access":"","_jetpack_dont_email_post_to_subs":false,"_jetpack_newsletter_tier_id":0,"_jetpack_memberships_contains_paywalled_content":false,"_jetpack_memberships_contains_paid_content":false,"footnotes":"","jetpack_publicize_message":"","jetpack_publicize_feature_enabled":true,"jetpack_social_post_already_shared":false,"jetpack_social_options":{"image_generator_settings":{"template":"highway","default_image_id":0,"font":"","enabled":false},"version":2}},"categories":[6],"tags":[],"class_list":["post-33455","post","type-post","status-publish","format-standard","has-post-thumbnail","hentry","category-deportes"],"aioseo_notices":[],"views":6,"jetpack_publicize_connections":[],"jetpack_featured_media_url":"https:\/\/i0.wp.com\/elterritorialweb.com.ar\/web\/wp-content\/uploads\/2022\/01\/20845-golriverplatense.jpg?fit=620%2C400","jetpack_sharing_enabled":true,"_links":{"self":[{"href":"http:\/\/elterritorialweb.com.ar\/web\/wp-json\/wp\/v2\/posts\/33455","targetHints":{"allow":["GET"]}}],"collection":[{"href":"http:\/\/elterritorialweb.com.ar\/web\/wp-json\/wp\/v2\/posts"}],"about":[{"href":"http:\/\/elterritorialweb.com.ar\/web\/wp-json\/wp\/v2\/types\/post"}],"author":[{"embeddable":true,"href":"http:\/\/elterritorialweb.com.ar\/web\/wp-json\/wp\/v2\/users\/2"}],"replies":[{"embeddable":true,"href":"http:\/\/elterritorialweb.com.ar\/web\/wp-json\/wp\/v2\/comments?post=33455"}],"version-history":[{"count":1,"href":"http:\/\/elterritorialweb.com.ar\/web\/wp-json\/wp\/v2\/posts\/33455\/revisions"}],"predecessor-version":[{"id":33459,"href":"http:\/\/elterritorialweb.com.ar\/web\/wp-json\/wp\/v2\/posts\/33455\/revisions\/33459"}],"wp:featuredmedia":[{"embeddable":true,"href":"http:\/\/elterritorialweb.com.ar\/web\/wp-json\/wp\/v2\/media\/33456"}],"wp:attachment":[{"href":"http:\/\/elterritorialweb.com.ar\/web\/wp-json\/wp\/v2\/media?parent=33455"}],"wp:term":[{"taxonomy":"category","embeddable":true,"href":"http:\/\/elterritorialweb.com.ar\/web\/wp-json\/wp\/v2\/categories?post=33455"},{"taxonomy":"post_tag","embeddable":true,"href":"http:\/\/elterritorialweb.com.ar\/web\/wp-json\/wp\/v2\/tags?post=33455"}],"curies":[{"name":"wp","href":"https:\/\/api.w.org\/{rel}","templated":true}]}}