{"id":33460,"date":"2022-01-30T06:16:51","date_gmt":"2022-01-30T06:16:51","guid":{"rendered":"http:\/\/elterritorialweb.com.ar\/web\/?p=33460"},"modified":"2022-01-30T06:16:51","modified_gmt":"2022-01-30T06:16:51","slug":"se-pondra-en-marcha-una-nueva-etapa-del-programa-ahora-12","status":"publish","type":"post","link":"http:\/\/elterritorialweb.com.ar\/web\/se-pondra-en-marcha-una-nueva-etapa-del-programa-ahora-12\/","title":{"rendered":"SE PONDR\u00c1 EN MARCHA UNA NUEVA ETAPA DEL PROGRAMA AHORA 12"},"content":{"rendered":"\n<p>La Secretar\u00eda de Comercio Interior pondr\u00e1 en marcha este martes una nueva etapa del programa Ahora 12, en la que habr\u00e1 financiaci\u00f3n en 3, 6, 12, 18 y hasta 24 cuotas, con modificaciones en las tasas de inter\u00e9s y sin cambios en los rubros incluidos.<\/p>\n\n\n\n<p>La etapa actual del programa vence este lunes, por lo cual Comercio Interior cerr\u00f3 a mitad de la semana pasada las negociaciones con el sector bancario para establecer las condiciones que regir\u00e1n en la extensi\u00f3n del programa.<\/p>\n\n\n\n<p>Los bancos ped\u00edan un aumento de 17,5 puntos porcentuales en la tasa de inter\u00e9s nominal anual (TNA) del programa, hasta 42,5%, pero finalmente se acord\u00f3 una&nbsp;<strong>tasa nominal anual de 31% para los plazos de 3, 6 y 12 cuotas<\/strong>, y de<strong>&nbsp;36% para 18 y 24 cuotas<\/strong>.<\/p>\n\n\n\n<p>En la nueva resoluci\u00f3n, que se publicar\u00e1 el lunes en el Bolet\u00edn Oficial, el programa mantendr\u00e1 todos los rubros que tiene hasta el momento y se eliminar\u00e1 el financiamiento en 30 cuotas.<\/p>\n\n\n\n<p>El programa vigente hasta el lunes se puso en marcha mediante la Resoluci\u00f3n 753\/2021 en agosto del a\u00f1o pasado, con la ampliaci\u00f3n del plan de pago en hasta 24 y 30 cuotas -a los ya existentes de 3, 6, 12 y 18 cuotas- para electrodom\u00e9sticos y computadoras.<\/p>\n\n\n\n<p>De acuerdo con los datos de facturaci\u00f3n y volumen de ventas, se detect\u00f3 que<strong>&nbsp;la financiaci\u00f3n en 24 cuotas tuvo un incremento sostenido desde su incorporaci\u00f3n<\/strong>, mientras que la modalidad de 30 cuotas represent\u00f3 menos de un punto de la facturaci\u00f3n total del programa desde su incorporaci\u00f3n, lo que motiv\u00f3 su eliminaci\u00f3n.<\/p>\n\n\n\n<p>Por otra parte, se modificar\u00e1 el monto en dos rubros que tienen tope, que son<strong>&nbsp;anteojos y lentes de contacto que pasar\u00e1 de $15.000 a $20.000<\/strong>; y<strong>&nbsp;motos, cuyo precio final no podr\u00e1 ser superior a $300.000<\/strong>&nbsp;(antes $ 250.000)<\/p>\n\n\n\n<p>En los primeros d\u00edas de enero, la C\u00e1mara Argentina de Comercio (CAC) solicit\u00f3 la extensi\u00f3n del programa Ahora 12 al se\u00f1alar que valora \u00ablos planes mencionados, que desde su puesta en marcha, han resultado muy relevantes para fomentar el consumo y, por su intermedio, la producci\u00f3n nacional y el empleo\u00bb.<\/p>\n\n\n\n<p>En una nota enviada al ministro de Desarrollo Productivo, Mat\u00edas Kulfas, la entidad ped\u00eda \u00abreincorporar a los celulares 4G\u00bb, los cuales continuar\u00e1n excluidos como se dispuso en octubre de 2020.<\/p>\n\n\n\n<p>Asimismo, la Confederaci\u00f3n Argentina de la Mediana Empresa (CAME) elev\u00f3 el pedido de pr\u00f3rroga en una nota en la que se\u00f1al\u00f3 que \u00abcomo representantes del sector pyme de todo el pa\u00eds, consideramos que esta valiosa herramienta contribuye a alentar las ventas en medio del proceso de recuperaci\u00f3n econ\u00f3mica\u00bb.<\/p>\n\n\n\n<p>\u00abEn tal sentido, su continuidad resulta fundamental para fortalecer esta tendencia en la actividad a nivel federal\u00bb, indic\u00f3 CAME.<\/p>\n\n\n\n<p>El programa incluye una treintena de rubros que abarcan l\u00ednea blanca, televisores, monitores, peque\u00f1os electrodom\u00e9sticos, computadoras, indumentaria, calzado, juguetes, marroquiner\u00eda y servicios de turismo, entre otros.<\/p>\n\n\n\n<p><strong>Los productos y servicios adquiridos con Ahora 12 deben ser de producci\u00f3n nacional y se pueden comprar online y en los locales adheridos de todo el pa\u00eds<\/strong>, identificados por el cartel del programa en sus vidrieras, los siete d\u00edas de la semana, con todas las tarjetas de cr\u00e9dito con las que el comercio se encuentre adherido.<\/p>\n\n\n\n<h2 class=\"wp-block-heading\">Ahora 12 cerr\u00f3 2021 con un r\u00e9cord hist\u00f3rico<\/h2>\n\n\n\n<p>De acuerdo con los \u00faltimos datos del Ministerio de Desarrollo Productivo, Ahora 12 cerr\u00f3 2021 con un r\u00e9cord hist\u00f3rico: el nivel de facturaci\u00f3n y los vol\u00famenes de operaciones crecieron sustancialmente en t\u00e9rminos interanuales, un 85% y un 25% respectivamente.<\/p>\n\n\n\n<p>El nivel de facturaci\u00f3n en todo 2021 por ventas de Ahora 12 fue de $944 millones y la cantidad de operaciones fue de 71,5 millones.<\/p>\n\n\n\n<p><strong>En diciembre las operaciones, potenciadas por las compras de Navidad, registraron un salto positivo del 30% respecto de noviembre, con ventas por $121 millones<\/strong>&nbsp;especialmente en los rubros indumentaria, calzado y marroquiner\u00eda y turismo, que registraron niveles de facturaci\u00f3n sumamente superiores a los prepandemia.<\/p>\n\n\n\n<p>Del mismo modo, la festividad de la Navidad dinamiz\u00f3 las operaciones de los juguetes y juegos de mesa, rubro que present\u00f3 un fuerte crecimiento mensual de 149%, y se ubic\u00f3 un 29% por encima de diciembre 2020.<\/p>\n\n\n\n<p>Los<strong>&nbsp;rubros con mayores ventas en diciembre<\/strong>&nbsp;fueron indumentaria (29%), electrodom\u00e9sticos (26%) y materiales para construcci\u00f3n (7%).<\/p>\n","protected":false},"excerpt":{"rendered":"<p>La Secretar\u00eda de Comercio Interior cerr\u00f3 a mitad de la semana pasada las negociaciones con el sector bancario para establecer las condiciones que regir\u00e1n a partir del martes en la extensi\u00f3n del programa, el cu\u00e1l mantendr\u00e1 todos los rubros actuales.<\/p>\n","protected":false},"author":2,"featured_media":33461,"comment_status":"open","ping_status":"open","sticky":false,"template":"","format":"standard","meta":{"om_disable_all_campaigns":false,"_monsterinsights_skip_tracking":false,"_monsterinsights_sitenote_active":false,"_monsterinsights_sitenote_note":"","_monsterinsights_sitenote_category":0,"_uf_show_specific_survey":0,"_uf_disable_surveys":false,"jetpack_post_was_ever_published":false,"_jetpack_newsletter_access":"","_jetpack_dont_email_post_to_subs":false,"_jetpack_newsletter_tier_id":0,"_jetpack_memberships_contains_paywalled_content":false,"_jetpack_memberships_contains_paid_content":false,"footnotes":"","jetpack_publicize_message":"","jetpack_publicize_feature_enabled":true,"jetpack_social_post_already_shared":false,"jetpack_social_options":{"image_generator_settings":{"template":"highway","default_image_id":0,"font":"","enabled":false},"version":2}},"categories":[2],"tags":[],"class_list":["post-33460","post","type-post","status-publish","format-standard","has-post-thumbnail","hentry","category-economia"],"aioseo_notices":[],"views":8,"jetpack_publicize_connections":[],"jetpack_featured_media_url":"https:\/\/i0.wp.com\/elterritorialweb.com.ar\/web\/wp-content\/uploads\/2022\/01\/5d3efa485b1a9.jpg?fit=820%2C400","jetpack_sharing_enabled":true,"_links":{"self":[{"href":"http:\/\/elterritorialweb.com.ar\/web\/wp-json\/wp\/v2\/posts\/33460","targetHints":{"allow":["GET"]}}],"collection":[{"href":"http:\/\/elterritorialweb.com.ar\/web\/wp-json\/wp\/v2\/posts"}],"about":[{"href":"http:\/\/elterritorialweb.com.ar\/web\/wp-json\/wp\/v2\/types\/post"}],"author":[{"embeddable":true,"href":"http:\/\/elterritorialweb.com.ar\/web\/wp-json\/wp\/v2\/users\/2"}],"replies":[{"embeddable":true,"href":"http:\/\/elterritorialweb.com.ar\/web\/wp-json\/wp\/v2\/comments?post=33460"}],"version-history":[{"count":1,"href":"http:\/\/elterritorialweb.com.ar\/web\/wp-json\/wp\/v2\/posts\/33460\/revisions"}],"predecessor-version":[{"id":33462,"href":"http:\/\/elterritorialweb.com.ar\/web\/wp-json\/wp\/v2\/posts\/33460\/revisions\/33462"}],"wp:featuredmedia":[{"embeddable":true,"href":"http:\/\/elterritorialweb.com.ar\/web\/wp-json\/wp\/v2\/media\/33461"}],"wp:attachment":[{"href":"http:\/\/elterritorialweb.com.ar\/web\/wp-json\/wp\/v2\/media?parent=33460"}],"wp:term":[{"taxonomy":"category","embeddable":true,"href":"http:\/\/elterritorialweb.com.ar\/web\/wp-json\/wp\/v2\/categories?post=33460"},{"taxonomy":"post_tag","embeddable":true,"href":"http:\/\/elterritorialweb.com.ar\/web\/wp-json\/wp\/v2\/tags?post=33460"}],"curies":[{"name":"wp","href":"https:\/\/api.w.org\/{rel}","templated":true}]}}