{"id":33466,"date":"2022-01-30T14:07:01","date_gmt":"2022-01-30T14:07:01","guid":{"rendered":"http:\/\/elterritorialweb.com.ar\/web\/?p=33466"},"modified":"2022-01-30T14:10:26","modified_gmt":"2022-01-30T14:10:26","slug":"sarmiento-buscara-dar-vuelta-la-serie-ante-general-paz-juniors","status":"publish","type":"post","link":"http:\/\/elterritorialweb.com.ar\/web\/sarmiento-buscara-dar-vuelta-la-serie-ante-general-paz-juniors\/","title":{"rendered":"SARMIENTO BUSCAR\u00c1 DAR VUELTA LA SERIE ANTE GENERAL PAZ JUNIORS"},"content":{"rendered":"\n<p><strong>Sarmiento<\/strong>&nbsp;recibe a&nbsp;<strong>General Paz Juniors<\/strong>&nbsp;con el objetivo de dar vuelta la serie y clasificarse a las semifinales de la&nbsp;<strong>Regi\u00f3n Centro<\/strong>&nbsp;del<strong>&nbsp;Torneo Regional Federal Amateur<\/strong>, tras perder en el partido de ida por 1-0.<\/p>\n\n\n\n<p>El partido se disputar\u00e1 a partir de las 17.45 en el estadio Ciudad de la Banda, con el arbitraje del tucumano Mauricio Mart\u00edn.<\/p>\n\n\n\n<p>El conjunto bande\u00f1o, tendr\u00e1 est\u00e1 tarde, la obligaci\u00f3n de sumar un triunfo al menos por un gol de diferencia para definir la serie desde los doce pasos.<\/p>\n\n\n\n<p>De cara a este encuentro, Sarmiento podr\u00e1 contar con\u00a0<strong>Gabriel Sandobal<\/strong>, quien entren\u00f3 a la par de sus compa\u00f1eros y se recuper\u00f3 de una contractura, sin embargo tiene en duda a su arquero\u00a0<strong>Rafael Santill\u00e1n<\/strong>\u00a0y al delantero\u00a0<strong>Carlos Torres<\/strong>.<\/p>\n\n\n\n<p>Si Santill\u00e1n no est\u00e1 en condiciones,\u00a0<strong>Acevedo\u00a0<\/strong>lo reemplazar\u00e1 por lo que la formaci\u00f3n ser\u00eda <strong>Noriega, G\u00f3mez, Sandoval, Gallo; Zamora, S\u00e1nchez Arriola, D&#8217;Amato, Valdez; Lettari y Gonz\u00e1lez.<\/strong><\/p>\n\n\n\n<figure class=\"wp-block-embed is-type-video is-provider-youtube wp-block-embed-youtube wp-embed-aspect-4-3 wp-has-aspect-ratio\"><div class=\"wp-block-embed__wrapper\">\n<iframe title=\"CA Sarmiento (La Banda) vs. CA General Paz Juniors (C\u00f3rdoba)\" width=\"640\" height=\"360\" data-src=\"https:\/\/www.youtube.com\/embed\/OpMVzyCagGY?feature=oembed\" frameborder=\"0\" allow=\"accelerometer; autoplay; clipboard-write; encrypted-media; gyroscope; picture-in-picture; web-share\" referrerpolicy=\"strict-origin-when-cross-origin\" allowfullscreen src=\"data:image\/svg+xml;base64,PHN2ZyB3aWR0aD0iMSIgaGVpZ2h0PSIxIiB4bWxucz0iaHR0cDovL3d3dy53My5vcmcvMjAwMC9zdmciPjwvc3ZnPg==\" class=\"lazyload\" data-load-mode=\"1\"><\/iframe>\n<\/div><\/figure>\n","protected":false},"excerpt":{"rendered":"<p>El Club Atl\u00e9tico Sarmiento que viene de perder por 1-0 en el partido de ida, se presenta ante su gente en busca de la clasificaci\u00f3n a los cuartos de final de la Regi\u00f3n Centro.<\/p>\n","protected":false},"author":2,"featured_media":33467,"comment_status":"open","ping_status":"open","sticky":false,"template":"","format":"standard","meta":{"om_disable_all_campaigns":false,"_monsterinsights_skip_tracking":false,"_monsterinsights_sitenote_active":false,"_monsterinsights_sitenote_note":"","_monsterinsights_sitenote_category":0,"_uf_show_specific_survey":0,"_uf_disable_surveys":false,"jetpack_post_was_ever_published":false,"_jetpack_newsletter_access":"","_jetpack_dont_email_post_to_subs":false,"_jetpack_newsletter_tier_id":0,"_jetpack_memberships_contains_paywalled_content":false,"_jetpack_memberships_contains_paid_content":false,"footnotes":"","jetpack_publicize_message":"","jetpack_publicize_feature_enabled":true,"jetpack_social_post_already_shared":false,"jetpack_social_options":{"image_generator_settings":{"template":"highway","default_image_id":0,"font":"","enabled":false},"version":2}},"categories":[6],"tags":[],"class_list":["post-33466","post","type-post","status-publish","format-standard","has-post-thumbnail","hentry","category-deportes"],"aioseo_notices":[],"views":11,"jetpack_publicize_connections":[],"jetpack_featured_media_url":"https:\/\/i0.wp.com\/elterritorialweb.com.ar\/web\/wp-content\/uploads\/2022\/01\/272319320_4924225857615569_4096905361941176543_n-e1642988597395.jpg?fit=1024%2C573","jetpack_sharing_enabled":true,"_links":{"self":[{"href":"http:\/\/elterritorialweb.com.ar\/web\/wp-json\/wp\/v2\/posts\/33466","targetHints":{"allow":["GET"]}}],"collection":[{"href":"http:\/\/elterritorialweb.com.ar\/web\/wp-json\/wp\/v2\/posts"}],"about":[{"href":"http:\/\/elterritorialweb.com.ar\/web\/wp-json\/wp\/v2\/types\/post"}],"author":[{"embeddable":true,"href":"http:\/\/elterritorialweb.com.ar\/web\/wp-json\/wp\/v2\/users\/2"}],"replies":[{"embeddable":true,"href":"http:\/\/elterritorialweb.com.ar\/web\/wp-json\/wp\/v2\/comments?post=33466"}],"version-history":[{"count":2,"href":"http:\/\/elterritorialweb.com.ar\/web\/wp-json\/wp\/v2\/posts\/33466\/revisions"}],"predecessor-version":[{"id":33470,"href":"http:\/\/elterritorialweb.com.ar\/web\/wp-json\/wp\/v2\/posts\/33466\/revisions\/33470"}],"wp:featuredmedia":[{"embeddable":true,"href":"http:\/\/elterritorialweb.com.ar\/web\/wp-json\/wp\/v2\/media\/33467"}],"wp:attachment":[{"href":"http:\/\/elterritorialweb.com.ar\/web\/wp-json\/wp\/v2\/media?parent=33466"}],"wp:term":[{"taxonomy":"category","embeddable":true,"href":"http:\/\/elterritorialweb.com.ar\/web\/wp-json\/wp\/v2\/categories?post=33466"},{"taxonomy":"post_tag","embeddable":true,"href":"http:\/\/elterritorialweb.com.ar\/web\/wp-json\/wp\/v2\/tags?post=33466"}],"curies":[{"name":"wp","href":"https:\/\/api.w.org\/{rel}","templated":true}]}}