{"id":33473,"date":"2022-01-30T17:13:00","date_gmt":"2022-01-30T17:13:00","guid":{"rendered":"http:\/\/elterritorialweb.com.ar\/web\/?p=33473"},"modified":"2022-01-30T17:13:00","modified_gmt":"2022-01-30T17:13:00","slug":"santiago-vive-con-la-fiesta-molly","status":"publish","type":"post","link":"http:\/\/elterritorialweb.com.ar\/web\/santiago-vive-con-la-fiesta-molly\/","title":{"rendered":"SANTIAGO VIVE CON LA FIESTA MOLLY"},"content":{"rendered":"\n<p>Con reconocidos artistas del rubro, el pr\u00f3ximo 19 de febrero desde las 22 horas en el Club Uni\u00f3n Santiago, se vivir\u00e1 una explosi\u00f3n de emociones.<\/p>\n\n\n\n<p>Entre las personalidades que confirmaron su presencia, se destaca la del <em>Dj Fer Palacio<\/em>. Siendo uno de los m\u00e1s seguidos en las distintas plataformas, por primera vez estar\u00e1 con sus sets en la provincia.<\/p>\n\n\n\n\n\n<p>En segundo t\u00e9rmino, el cantante tucumano <em>Jhon C<\/em>, creador del \u00e9xito \u00abC-90\u00bb, dir\u00e1 presente en la noche que adem\u00e1s tendr\u00e1 juegos de espuma y fuegos artificiales sonoros.<\/p>\n\n\n\n<figure class=\"wp-block-image size-full\"><a href=\"https:\/\/i0.wp.com\/elterritorialweb.com.ar\/web\/wp-content\/uploads\/2022\/01\/IMG-20220130-WA0001.jpg\"><img data-recalc-dims=\"1\" decoding=\"async\" width=\"640\" height=\"640\" data-src=\"https:\/\/i0.wp.com\/elterritorialweb.com.ar\/web\/wp-content\/uploads\/2022\/01\/IMG-20220130-WA0001.jpg?resize=640%2C640\" alt=\"\" class=\"wp-image-33475 lazyload\" data-srcset=\"https:\/\/i0.wp.com\/elterritorialweb.com.ar\/web\/wp-content\/uploads\/2022\/01\/IMG-20220130-WA0001.jpg?w=720 720w, https:\/\/i0.wp.com\/elterritorialweb.com.ar\/web\/wp-content\/uploads\/2022\/01\/IMG-20220130-WA0001.jpg?resize=300%2C300 300w, https:\/\/i0.wp.com\/elterritorialweb.com.ar\/web\/wp-content\/uploads\/2022\/01\/IMG-20220130-WA0001.jpg?resize=150%2C150 150w\" data-sizes=\"(max-width: 640px) 100vw, 640px\" src=\"data:image\/svg+xml;base64,PHN2ZyB3aWR0aD0iMSIgaGVpZ2h0PSIxIiB4bWxucz0iaHR0cDovL3d3dy53My5vcmcvMjAwMC9zdmciPjwvc3ZnPg==\" style=\"--smush-placeholder-width: 640px; --smush-placeholder-aspect-ratio: 640\/640;\" \/><\/a><\/figure>\n\n\n\n<p>Del \u00e1mbito local apostaron con su presencia el <em>Dj Leo Lencina<\/em>. Muy seguido en estos ultimos a\u00f1os, pondr\u00e1 su impronta en el gran escenario.<\/p>\n\n\n\n<p>Por \u00faltimo, la orquesta de guaracha santiague\u00f1a que ha roto estandartes y hace bailar hasta el cansancio, <em>Los Arcanos del Desierto<\/em>, har\u00e1n su selecci\u00f3n de canciones justamente para no parar de moverse.<\/p>\n\n\n\n<figure class=\"wp-block-image size-large\"><a href=\"https:\/\/i0.wp.com\/elterritorialweb.com.ar\/web\/wp-content\/uploads\/2022\/01\/IMG-20220130-WA0003.jpg\"><img data-recalc-dims=\"1\" decoding=\"async\" width=\"575\" height=\"1024\" data-src=\"https:\/\/i0.wp.com\/elterritorialweb.com.ar\/web\/wp-content\/uploads\/2022\/01\/IMG-20220130-WA0003.jpg?resize=575%2C1024\" alt=\"\" class=\"wp-image-33476 lazyload\" data-srcset=\"https:\/\/i0.wp.com\/elterritorialweb.com.ar\/web\/wp-content\/uploads\/2022\/01\/IMG-20220130-WA0003.jpg?resize=575%2C1024 575w, https:\/\/i0.wp.com\/elterritorialweb.com.ar\/web\/wp-content\/uploads\/2022\/01\/IMG-20220130-WA0003.jpg?resize=169%2C300 169w, https:\/\/i0.wp.com\/elterritorialweb.com.ar\/web\/wp-content\/uploads\/2022\/01\/IMG-20220130-WA0003.jpg?w=719 719w\" data-sizes=\"(max-width: 575px) 100vw, 575px\" src=\"data:image\/svg+xml;base64,PHN2ZyB3aWR0aD0iMSIgaGVpZ2h0PSIxIiB4bWxucz0iaHR0cDovL3d3dy53My5vcmcvMjAwMC9zdmciPjwvc3ZnPg==\" style=\"--smush-placeholder-width: 575px; --smush-placeholder-aspect-ratio: 575\/1024;\" \/><\/a><\/figure>\n\n\n\n<p>Desde los 16 a\u00f1os en adelante, toda la familia tendr\u00e1 la oportunidad de disfrutar de esta fiesta \u00fanica, actual y futurista. Si hablamos de diversi\u00f3n, \u00abSantiago Vive, by Molly\u00bb en su primera edici\u00f3n, es la definici\u00f3n justa.<\/p>\n","protected":false},"excerpt":{"rendered":"<p>Se trata de la fiesta de djs e influencers m\u00e1s grande del pa\u00eds que por primera vez llega a Santiago. Es el encuentro festivo por excelencia de Gualeguaychu que tambi\u00e9n se realiza en Buenos Aires.<\/p>\n","protected":false},"author":2,"featured_media":33474,"comment_status":"open","ping_status":"open","sticky":false,"template":"","format":"standard","meta":{"om_disable_all_campaigns":false,"_monsterinsights_skip_tracking":false,"_monsterinsights_sitenote_active":false,"_monsterinsights_sitenote_note":"","_monsterinsights_sitenote_category":0,"_uf_show_specific_survey":0,"_uf_disable_surveys":false,"jetpack_post_was_ever_published":false,"_jetpack_newsletter_access":"","_jetpack_dont_email_post_to_subs":false,"_jetpack_newsletter_tier_id":0,"_jetpack_memberships_contains_paywalled_content":false,"_jetpack_memberships_contains_paid_content":false,"footnotes":"","jetpack_publicize_message":"","jetpack_publicize_feature_enabled":true,"jetpack_social_post_already_shared":false,"jetpack_social_options":{"image_generator_settings":{"template":"highway","default_image_id":0,"font":"","enabled":false},"version":2}},"categories":[20],"tags":[],"class_list":["post-33473","post","type-post","status-publish","format-standard","has-post-thumbnail","hentry","category-especysociales"],"aioseo_notices":[],"views":12,"jetpack_publicize_connections":[],"jetpack_featured_media_url":"https:\/\/i0.wp.com\/elterritorialweb.com.ar\/web\/wp-content\/uploads\/2022\/01\/images-3-1.jpeg?fit=302%2C167","jetpack_sharing_enabled":true,"_links":{"self":[{"href":"http:\/\/elterritorialweb.com.ar\/web\/wp-json\/wp\/v2\/posts\/33473","targetHints":{"allow":["GET"]}}],"collection":[{"href":"http:\/\/elterritorialweb.com.ar\/web\/wp-json\/wp\/v2\/posts"}],"about":[{"href":"http:\/\/elterritorialweb.com.ar\/web\/wp-json\/wp\/v2\/types\/post"}],"author":[{"embeddable":true,"href":"http:\/\/elterritorialweb.com.ar\/web\/wp-json\/wp\/v2\/users\/2"}],"replies":[{"embeddable":true,"href":"http:\/\/elterritorialweb.com.ar\/web\/wp-json\/wp\/v2\/comments?post=33473"}],"version-history":[{"count":1,"href":"http:\/\/elterritorialweb.com.ar\/web\/wp-json\/wp\/v2\/posts\/33473\/revisions"}],"predecessor-version":[{"id":33478,"href":"http:\/\/elterritorialweb.com.ar\/web\/wp-json\/wp\/v2\/posts\/33473\/revisions\/33478"}],"wp:featuredmedia":[{"embeddable":true,"href":"http:\/\/elterritorialweb.com.ar\/web\/wp-json\/wp\/v2\/media\/33474"}],"wp:attachment":[{"href":"http:\/\/elterritorialweb.com.ar\/web\/wp-json\/wp\/v2\/media?parent=33473"}],"wp:term":[{"taxonomy":"category","embeddable":true,"href":"http:\/\/elterritorialweb.com.ar\/web\/wp-json\/wp\/v2\/categories?post=33473"},{"taxonomy":"post_tag","embeddable":true,"href":"http:\/\/elterritorialweb.com.ar\/web\/wp-json\/wp\/v2\/tags?post=33473"}],"curies":[{"name":"wp","href":"https:\/\/api.w.org\/{rel}","templated":true}]}}