{"id":33479,"date":"2022-01-30T17:35:14","date_gmt":"2022-01-30T17:35:14","guid":{"rendered":"http:\/\/elterritorialweb.com.ar\/web\/?p=33479"},"modified":"2022-01-30T17:35:15","modified_gmt":"2022-01-30T17:35:15","slug":"rotundo-exito-de-la-nueva-edicion-de-la-mataron-la-salamanca","status":"publish","type":"post","link":"http:\/\/elterritorialweb.com.ar\/web\/rotundo-exito-de-la-nueva-edicion-de-la-mataron-la-salamanca\/","title":{"rendered":"ROTUNDO \u00c9XITO DE LA NUEVA EDICI\u00d3N DE LA \u00abMATARON LA SALAMANCA\u00bb"},"content":{"rendered":"\n<p>Los flamantes ganadores del recorrido competitivo de 10 km. fueron Mauricio Garz\u00f3n y Gisela Olivera de la Escuela de Atletismo Pablo Barrag\u00e1n, mientras que Cristian Acosta y Erica Olivera tambi\u00e9n de la Escuela de Atletismo Pablo Barrag\u00e1n, resultaron ganadores del recorrido participativo de 5 km.; el joven Diego Iba\u00f1ez recibi\u00f3 una menci\u00f3n especial por su participaci\u00f3n.<br>Luego de participar en la marat\u00f3n, el intendente Pablo Mirolo acompa\u00f1ado por el Secretario de Desarrollo Humano, Ramiro Barrera, la subsecretaria de Desarrollo Humano, Valeria Chazarreta, el subsecretario de Gobierno Diego Juarez y el director de Deportes Mario C\u00e1ceres manifest\u00f3 lo siguiente: \u00abEstamos muy contentos, m\u00e1s de 1400 atletas han participado en la marat\u00f3n conmemorativa al Festival Nacional de la Salamanca que se desarroll\u00f3 por las calles de la ciudad de La Banda en esta ma\u00f1ana de domingo.<\/p>\n\n\n\n<figure class=\"wp-block-image size-large\"><a href=\"https:\/\/i0.wp.com\/elterritorialweb.com.ar\/web\/wp-content\/uploads\/2022\/01\/IMG-20220130-WA0008.jpg\"><img data-recalc-dims=\"1\" decoding=\"async\" width=\"640\" height=\"479\" data-src=\"https:\/\/i0.wp.com\/elterritorialweb.com.ar\/web\/wp-content\/uploads\/2022\/01\/IMG-20220130-WA0008.jpg?resize=640%2C479\" alt=\"\" class=\"wp-image-33482 lazyload\" data-srcset=\"https:\/\/i0.wp.com\/elterritorialweb.com.ar\/web\/wp-content\/uploads\/2022\/01\/IMG-20220130-WA0008.jpg?resize=1024%2C766 1024w, https:\/\/i0.wp.com\/elterritorialweb.com.ar\/web\/wp-content\/uploads\/2022\/01\/IMG-20220130-WA0008.jpg?resize=300%2C224 300w, https:\/\/i0.wp.com\/elterritorialweb.com.ar\/web\/wp-content\/uploads\/2022\/01\/IMG-20220130-WA0008.jpg?resize=768%2C574 768w, https:\/\/i0.wp.com\/elterritorialweb.com.ar\/web\/wp-content\/uploads\/2022\/01\/IMG-20220130-WA0008.jpg?w=1280 1280w\" data-sizes=\"(max-width: 640px) 100vw, 640px\" src=\"data:image\/svg+xml;base64,PHN2ZyB3aWR0aD0iMSIgaGVpZ2h0PSIxIiB4bWxucz0iaHR0cDovL3d3dy53My5vcmcvMjAwMC9zdmciPjwvc3ZnPg==\" style=\"--smush-placeholder-width: 640px; --smush-placeholder-aspect-ratio: 640\/479;\" \/><\/a><\/figure>\n\n\n\n<p>La competencia super\u00f3 ampliamente nuestras espectativas, era un gran desaf\u00edo organizar este evento deportivo donde participaron atletas de toda la provincia que compitieron en los circuitos de 5 y 10 kil\u00f3metros\u00bb.<br>Agreg\u00f3: \u00abTodo lo que podamos promover desde el deporte, la cultura, la salud y lo social siempre es muy positivo para la gesti\u00f3n y la comunidad.<br>Ademas, fue una buena alternativa para esperar la nueva edici\u00f3n del Festival Nacional de la Salamanca que se desarrollar\u00e1 el pr\u00f3ximo fin de semana haciendo deporte y promoviendo una actividad saludable\u00bb.<br>Por su parte, el director de Deportes destac\u00f3 que participaron atletas de ciudades como la Capital, Loreto, Fr\u00edas, Termas de R\u00edo Hondo, Suncho Corral y A\u00f1atuya, y atletas de otras provincias como Tucum\u00e1n y Buenos Aires.<\/p>\n\n\n\n<figure class=\"wp-block-image size-large\"><a href=\"https:\/\/i0.wp.com\/elterritorialweb.com.ar\/web\/wp-content\/uploads\/2022\/01\/IMG-20220130-WA0007.jpg\"><img data-recalc-dims=\"1\" decoding=\"async\" width=\"640\" height=\"423\" data-src=\"https:\/\/i0.wp.com\/elterritorialweb.com.ar\/web\/wp-content\/uploads\/2022\/01\/IMG-20220130-WA0007.jpg?resize=640%2C423\" alt=\"\" class=\"wp-image-33481 lazyload\" data-srcset=\"https:\/\/i0.wp.com\/elterritorialweb.com.ar\/web\/wp-content\/uploads\/2022\/01\/IMG-20220130-WA0007.jpg?resize=1024%2C676 1024w, https:\/\/i0.wp.com\/elterritorialweb.com.ar\/web\/wp-content\/uploads\/2022\/01\/IMG-20220130-WA0007.jpg?resize=300%2C198 300w, https:\/\/i0.wp.com\/elterritorialweb.com.ar\/web\/wp-content\/uploads\/2022\/01\/IMG-20220130-WA0007.jpg?resize=768%2C507 768w, https:\/\/i0.wp.com\/elterritorialweb.com.ar\/web\/wp-content\/uploads\/2022\/01\/IMG-20220130-WA0007.jpg?w=1280 1280w\" data-sizes=\"(max-width: 640px) 100vw, 640px\" src=\"data:image\/svg+xml;base64,PHN2ZyB3aWR0aD0iMSIgaGVpZ2h0PSIxIiB4bWxucz0iaHR0cDovL3d3dy53My5vcmcvMjAwMC9zdmciPjwvc3ZnPg==\" style=\"--smush-placeholder-width: 640px; --smush-placeholder-aspect-ratio: 640\/423;\" \/><\/a><\/figure>\n\n\n\n<p>C\u00e1ceres tambi\u00e9n remarc\u00f3 el trabajo que realiz\u00f3 el personal del \u00e1rea de Deportes para que todo salga de la mejor manera durante la competencia y agradeci\u00f3 la colaboraci\u00f3n de otras \u00e1reas municipales como la Direcci\u00f3n de Tr\u00e1nsito y Transporte, Direcci\u00f3n de Salud y Alerta Banda.<br>Durante la entrega de premios hubo sorteos de importantes premios como indumentar\u00eda deportiva, vouchers para desayunos y remeras y entradas para el Festival Nacional de la Salamanca 2022.<\/p>\n","protected":false},"excerpt":{"rendered":"<p>La \u201cMarat\u00f3n La Salamanca 2022\u201d organizada por la Direcci\u00f3n de Deportes y Recreaci\u00f3n dependiente de la Secretar\u00eda de Desarrollo Humano de la Municipalidad de La Banda se realiz\u00f3 con \u00e9xito, con m\u00e1s de 1400 participantes.<\/p>\n","protected":false},"author":2,"featured_media":33480,"comment_status":"open","ping_status":"open","sticky":false,"template":"","format":"standard","meta":{"om_disable_all_campaigns":false,"_monsterinsights_skip_tracking":false,"_monsterinsights_sitenote_active":false,"_monsterinsights_sitenote_note":"","_monsterinsights_sitenote_category":0,"_uf_show_specific_survey":0,"_uf_disable_surveys":false,"jetpack_post_was_ever_published":false,"_jetpack_newsletter_access":"","_jetpack_dont_email_post_to_subs":false,"_jetpack_newsletter_tier_id":0,"_jetpack_memberships_contains_paywalled_content":false,"_jetpack_memberships_contains_paid_content":false,"footnotes":"","jetpack_publicize_message":"","jetpack_publicize_feature_enabled":true,"jetpack_social_post_already_shared":false,"jetpack_social_options":{"image_generator_settings":{"template":"highway","default_image_id":0,"font":"","enabled":false},"version":2}},"categories":[6],"tags":[],"class_list":["post-33479","post","type-post","status-publish","format-standard","has-post-thumbnail","hentry","category-deportes"],"aioseo_notices":[],"views":8,"jetpack_publicize_connections":[],"jetpack_featured_media_url":"https:\/\/i0.wp.com\/elterritorialweb.com.ar\/web\/wp-content\/uploads\/2022\/01\/IMG-20220130-WA0006.jpg?fit=1280%2C845","jetpack_sharing_enabled":true,"_links":{"self":[{"href":"http:\/\/elterritorialweb.com.ar\/web\/wp-json\/wp\/v2\/posts\/33479","targetHints":{"allow":["GET"]}}],"collection":[{"href":"http:\/\/elterritorialweb.com.ar\/web\/wp-json\/wp\/v2\/posts"}],"about":[{"href":"http:\/\/elterritorialweb.com.ar\/web\/wp-json\/wp\/v2\/types\/post"}],"author":[{"embeddable":true,"href":"http:\/\/elterritorialweb.com.ar\/web\/wp-json\/wp\/v2\/users\/2"}],"replies":[{"embeddable":true,"href":"http:\/\/elterritorialweb.com.ar\/web\/wp-json\/wp\/v2\/comments?post=33479"}],"version-history":[{"count":1,"href":"http:\/\/elterritorialweb.com.ar\/web\/wp-json\/wp\/v2\/posts\/33479\/revisions"}],"predecessor-version":[{"id":33483,"href":"http:\/\/elterritorialweb.com.ar\/web\/wp-json\/wp\/v2\/posts\/33479\/revisions\/33483"}],"wp:featuredmedia":[{"embeddable":true,"href":"http:\/\/elterritorialweb.com.ar\/web\/wp-json\/wp\/v2\/media\/33480"}],"wp:attachment":[{"href":"http:\/\/elterritorialweb.com.ar\/web\/wp-json\/wp\/v2\/media?parent=33479"}],"wp:term":[{"taxonomy":"category","embeddable":true,"href":"http:\/\/elterritorialweb.com.ar\/web\/wp-json\/wp\/v2\/categories?post=33479"},{"taxonomy":"post_tag","embeddable":true,"href":"http:\/\/elterritorialweb.com.ar\/web\/wp-json\/wp\/v2\/tags?post=33479"}],"curies":[{"name":"wp","href":"https:\/\/api.w.org\/{rel}","templated":true}]}}