{"id":33487,"date":"2022-01-30T17:54:19","date_gmt":"2022-01-30T17:54:19","guid":{"rendered":"http:\/\/elterritorialweb.com.ar\/web\/?p=33487"},"modified":"2022-01-30T17:54:19","modified_gmt":"2022-01-30T17:54:19","slug":"maia-sasovsky-conducira-el-festival-nacional-de-la-salamanca-2022","status":"publish","type":"post","link":"http:\/\/elterritorialweb.com.ar\/web\/maia-sasovsky-conducira-el-festival-nacional-de-la-salamanca-2022\/","title":{"rendered":"MAIA SASOVSKY CONDUCIR\u00c1 EL FESTIVAL NACIONAL DE LA SALAMANCA 2022"},"content":{"rendered":"\n<p><br>La exconductora de \u201cFestival Pa\u00eds: La Previa\u201d, tiene m\u00e1s de veinte a\u00f1os de experiencia en medios de Chaco y Buenos Aires, y form\u00f3 parte durante cuatro a\u00f1os consecutivos de Estudio Pa\u00eds 24 junto a Juan Alberto Bad\u00eda.<br>En el a\u00f1o 2008 comenz\u00f3 a incurcionar en el g\u00e9nero folcl\u00f3rico cuando la convocaron a conducir el Festival Nacional de Folclore de Cosqu\u00edn, siendo la primera mujer que logr\u00f3 mantenerse en la conducci\u00f3n durante varios a\u00f1os.\u00a0<br>En este 2022, Maia Sasovsky llegar\u00e1 a la ciudad de La Banda para volcar toda su experiencia y carisma en el escenario mayor \u00abJacinto Piedra\u00bb de La Salamanca compartiendo la conducci\u00f3n con otros experimentados locutores.<\/p>\n","protected":false},"excerpt":{"rendered":"<p>La conductora, locutora y periodista chaque\u00f1a Maia Sasovsky conducir\u00e1 la nueva edici\u00f3n del Festival Nacional de la Salamanca, as\u00ed lo inform\u00f3 la Comisi\u00f3n Organizadora.<\/p>\n","protected":false},"author":2,"featured_media":33488,"comment_status":"open","ping_status":"open","sticky":false,"template":"","format":"standard","meta":{"om_disable_all_campaigns":false,"_monsterinsights_skip_tracking":false,"_monsterinsights_sitenote_active":false,"_monsterinsights_sitenote_note":"","_monsterinsights_sitenote_category":0,"_uf_show_specific_survey":0,"_uf_disable_surveys":false,"jetpack_post_was_ever_published":false,"_jetpack_newsletter_access":"","_jetpack_dont_email_post_to_subs":false,"_jetpack_newsletter_tier_id":0,"_jetpack_memberships_contains_paywalled_content":false,"_jetpack_memberships_contains_paid_content":false,"footnotes":"","jetpack_publicize_message":"","jetpack_publicize_feature_enabled":true,"jetpack_social_post_already_shared":false,"jetpack_social_options":{"image_generator_settings":{"template":"highway","default_image_id":0,"font":"","enabled":false},"version":2}},"categories":[20],"tags":[],"class_list":["post-33487","post","type-post","status-publish","format-standard","has-post-thumbnail","hentry","category-especysociales"],"aioseo_notices":[],"views":18,"jetpack_publicize_connections":[],"jetpack_featured_media_url":"https:\/\/i0.wp.com\/elterritorialweb.com.ar\/web\/wp-content\/uploads\/2022\/01\/IMG-20220130-WA0011.jpg?fit=500%2C420","jetpack_sharing_enabled":true,"_links":{"self":[{"href":"http:\/\/elterritorialweb.com.ar\/web\/wp-json\/wp\/v2\/posts\/33487","targetHints":{"allow":["GET"]}}],"collection":[{"href":"http:\/\/elterritorialweb.com.ar\/web\/wp-json\/wp\/v2\/posts"}],"about":[{"href":"http:\/\/elterritorialweb.com.ar\/web\/wp-json\/wp\/v2\/types\/post"}],"author":[{"embeddable":true,"href":"http:\/\/elterritorialweb.com.ar\/web\/wp-json\/wp\/v2\/users\/2"}],"replies":[{"embeddable":true,"href":"http:\/\/elterritorialweb.com.ar\/web\/wp-json\/wp\/v2\/comments?post=33487"}],"version-history":[{"count":1,"href":"http:\/\/elterritorialweb.com.ar\/web\/wp-json\/wp\/v2\/posts\/33487\/revisions"}],"predecessor-version":[{"id":33489,"href":"http:\/\/elterritorialweb.com.ar\/web\/wp-json\/wp\/v2\/posts\/33487\/revisions\/33489"}],"wp:featuredmedia":[{"embeddable":true,"href":"http:\/\/elterritorialweb.com.ar\/web\/wp-json\/wp\/v2\/media\/33488"}],"wp:attachment":[{"href":"http:\/\/elterritorialweb.com.ar\/web\/wp-json\/wp\/v2\/media?parent=33487"}],"wp:term":[{"taxonomy":"category","embeddable":true,"href":"http:\/\/elterritorialweb.com.ar\/web\/wp-json\/wp\/v2\/categories?post=33487"},{"taxonomy":"post_tag","embeddable":true,"href":"http:\/\/elterritorialweb.com.ar\/web\/wp-json\/wp\/v2\/tags?post=33487"}],"curies":[{"name":"wp","href":"https:\/\/api.w.org\/{rel}","templated":true}]}}