{"id":33491,"date":"2022-01-31T02:26:15","date_gmt":"2022-01-31T02:26:15","guid":{"rendered":"http:\/\/elterritorialweb.com.ar\/web\/?p=33491"},"modified":"2022-01-31T02:26:16","modified_gmt":"2022-01-31T02:26:16","slug":"sarmiento-quedo-eliminado-por-penales-ante-general-paz-juniors","status":"publish","type":"post","link":"http:\/\/elterritorialweb.com.ar\/web\/sarmiento-quedo-eliminado-por-penales-ante-general-paz-juniors\/","title":{"rendered":"SARMIENTO QUEDO ELIMINADO POR PENALES ANTE GENERAL PAZ JUNIORS"},"content":{"rendered":"\n<p><strong>Sarmiento<\/strong>&nbsp;le gano 1-0 a&nbsp;<strong>General Paz Juniors<\/strong>&nbsp;pero no pudo alcanzar la clasificaci\u00f3n a la final de la&nbsp;<strong>Regi\u00f3n Centro<\/strong>&nbsp;del&nbsp;<strong>Torneo Regional Federal Amateur<\/strong>&nbsp;tras caer en los penales por 5-3.<\/p>\n\n\n\n<p>El conjunto bande\u00f1o arranc\u00f3 el partido obligado por la desventaja del 0-1 en la ida en C\u00f3rdoba. Acorral\u00f3 a su rival y comenz\u00f3 a buscar el gol. Tuvo mucho \u00edmpetu pero le faltaron ideas, abus\u00f3 del pelotazo a sus hombres de ataque, quienes lucharon en todo momento contra la defensa.<\/p>\n\n\n\n<p>Con mucho coraz\u00f3n, Sarmiento fue avanzando cada vez m\u00e1s en el campo y a trav\u00e9s de las pelotas paradas fue generando m\u00e1s peligro. Tuvo una chance con un cabezazo de\u00a0<strong>Sandobal\u00a0<\/strong>y luego con una definici\u00f3n del\u00a0<strong>Mono Gonz\u00e1lez<\/strong>, pero respondi\u00f3 bien el arquero\u00a0<strong>Dom\u00ednguez<\/strong>.<\/p>\n\n\n\n<figure class=\"wp-block-image size-full\"><a href=\"https:\/\/i0.wp.com\/elterritorialweb.com.ar\/web\/wp-content\/uploads\/2022\/01\/UB2M6N7T3VGYVHN2W7EK5SJKGA-1.jpg\"><img data-recalc-dims=\"1\" decoding=\"async\" width=\"382\" height=\"254\" data-src=\"https:\/\/i0.wp.com\/elterritorialweb.com.ar\/web\/wp-content\/uploads\/2022\/01\/UB2M6N7T3VGYVHN2W7EK5SJKGA-1.jpg?resize=382%2C254\" alt=\"\" class=\"wp-image-33493 lazyload\" data-srcset=\"https:\/\/i0.wp.com\/elterritorialweb.com.ar\/web\/wp-content\/uploads\/2022\/01\/UB2M6N7T3VGYVHN2W7EK5SJKGA-1.jpg?w=382 382w, https:\/\/i0.wp.com\/elterritorialweb.com.ar\/web\/wp-content\/uploads\/2022\/01\/UB2M6N7T3VGYVHN2W7EK5SJKGA-1.jpg?resize=300%2C199 300w\" data-sizes=\"(max-width: 382px) 100vw, 382px\" src=\"data:image\/svg+xml;base64,PHN2ZyB3aWR0aD0iMSIgaGVpZ2h0PSIxIiB4bWxucz0iaHR0cDovL3d3dy53My5vcmcvMjAwMC9zdmciPjwvc3ZnPg==\" style=\"--smush-placeholder-width: 382px; --smush-placeholder-aspect-ratio: 382\/254;\" \/><\/a><\/figure>\n\n\n\n<p>Sobre los 40 minutos del primer tiempo,&nbsp;<strong>Mario Valdez<\/strong>&nbsp;tom\u00f3 el bal\u00f3n por izquierda, encar\u00f3 al medio y sac\u00f3 un remate al segundo palo que desat\u00f3 el festejo local. Hubo discusi\u00f3n en el medio, ya que el juez de l\u00ednea levant\u00f3 el bander\u00edn por la posici\u00f3n de&nbsp;<strong>Lettari<\/strong>, sin embargo el delantero nunca particip\u00f3 de la jugada y el \u00e1rbitro principal convalid\u00f3 la anotaci\u00f3n.<\/p>\n\n\n\n<p>En el segundo tiempo\u00a0<strong>General Paz Juniors<\/strong>\u00a0mejor\u00f3 su juego, se adue\u00f1\u00f3 del bal\u00f3n y\u00a0<strong>Sarmiento<\/strong>, ya que el empate en el global, se dedic\u00f3 a cuidar el resultado y solo lastim\u00f3 con contraataques. Los dos tuvieron chances de ganarlo, pero les falt\u00f3 claridad y tuvieron que definir el partido en los penales.<\/p>\n\n\n\n<figure class=\"wp-block-image size-full\"><a href=\"https:\/\/i0.wp.com\/elterritorialweb.com.ar\/web\/wp-content\/uploads\/2022\/01\/Screenshot_20220130-2313472.png\"><img data-recalc-dims=\"1\" decoding=\"async\" width=\"640\" height=\"309\" data-src=\"https:\/\/i0.wp.com\/elterritorialweb.com.ar\/web\/wp-content\/uploads\/2022\/01\/Screenshot_20220130-2313472.png?resize=640%2C309\" alt=\"\" class=\"wp-image-33492 lazyload\" data-srcset=\"https:\/\/i0.wp.com\/elterritorialweb.com.ar\/web\/wp-content\/uploads\/2022\/01\/Screenshot_20220130-2313472.png?w=973 973w, https:\/\/i0.wp.com\/elterritorialweb.com.ar\/web\/wp-content\/uploads\/2022\/01\/Screenshot_20220130-2313472.png?resize=300%2C145 300w, https:\/\/i0.wp.com\/elterritorialweb.com.ar\/web\/wp-content\/uploads\/2022\/01\/Screenshot_20220130-2313472.png?resize=768%2C371 768w\" data-sizes=\"(max-width: 640px) 100vw, 640px\" src=\"data:image\/svg+xml;base64,PHN2ZyB3aWR0aD0iMSIgaGVpZ2h0PSIxIiB4bWxucz0iaHR0cDovL3d3dy53My5vcmcvMjAwMC9zdmciPjwvc3ZnPg==\" style=\"--smush-placeholder-width: 640px; --smush-placeholder-aspect-ratio: 640\/309;\" \/><\/a><\/figure>\n\n\n\n<p>Desde los doce pasos los cordobeses estuvieron m\u00e1s efectivos y todos sus remates:&nbsp;<strong>Mat\u00edas Ju\u00e1rez, Cristian Carrizo, Luciano Copetti, Luca Frenguelli y Facundo Cruz<\/strong>&nbsp;concretaron para el Poeta, mientras que para el Profe marcaron&nbsp;<strong>Mat\u00edas Noriega, Franco Torres y Oscar D&#8217;Amato<\/strong>, en tanto que&nbsp;<strong>Santiago Dom\u00ednguez<\/strong>&nbsp;le ataj\u00f3 el remate a&nbsp;<strong>Carlos Torres<\/strong>.<\/p>\n\n\n\n<p>De esta manera,&nbsp;<strong>Sarmiento&nbsp;<\/strong>qued\u00f3 eliminado del&nbsp;<strong>Torneo Regional Federal Amateur<\/strong>&nbsp;y ahora pondr\u00e1 la cabeza en la temporada 2022 de la&nbsp;<strong>Liga Santiague\u00f1a<\/strong>. En tanto,&nbsp;<strong>General Paz Juniors<\/strong>&nbsp;clasific\u00f3 a la final de la&nbsp;<strong>Regi\u00f3n Centro<\/strong>.<\/p>\n\n\n\n<h3 class=\"wp-block-heading\">S\u00cdNTESIS<\/h3>\n\n\n\n<p><strong>Sarmiento:&nbsp;<\/strong>Rafael Santill\u00e1n; Mat\u00edas Noriega, N\u00e9stor G\u00f3mez, Nahuel Gallo y Daniel Tevez; Antonio Ib\u00e1\u00f1ez, Oscar Damato, S\u00e1nchez Arriola y Mario Valdez; Ra\u00fal Lettari y Gregorio Gonz\u00e1lez.&nbsp;<strong>DT<\/strong>: Daniel Veronesse.<\/p>\n\n\n\n<p><strong>Juniors:<\/strong>&nbsp;Santiago Dom\u00ednguez; Marco Fermanelli, Nahuel Naval\u00f3n, Cristian Francucci, Rodrigo Meyer y Luca Frenguelli; Pablo Esp\u00edndola, David Fern\u00e1ndez y Luciano Copetti (c); Juli\u00e1n Garbino y Agust\u00edn Fazio.&nbsp;<strong>DT<\/strong>: C\u00e9sar Zabala.<\/p>\n\n\n\n<p><strong>Gol:&nbsp;<\/strong>PT, 44m Lettari (J).<\/p>\n\n\n\n<p>Definici\u00f3n por penales: Ju\u00e1rez, Carrizo, Copetti, Frenguelli y Cruz convirtieron para Juniors; Noriega, Torres y Damato lo hicieron para Sarmiento. El arquero albo Santiago Dom\u00ednguez le ataj\u00f3 el penal a Carlos Torres (S).<\/p>\n\n\n\n<p><strong>Cambios:<\/strong>&nbsp;ST, 22m Mart\u00ednez por Garbino (J), 23m Juan Iba\u00f1ez por Gonz\u00e1lez (S), 30m Franco Torres y Carlos Torres por Valdez y Sanchez Arriola (S), por Ju\u00e1rez, Albornoz y Cruz por Fazio, Esp\u00edndola y Fern\u00e1ndez (J), 43m Gallo por G\u00f3mez (S).<\/p>\n\n\n\n<p><strong>Cancha:<\/strong>&nbsp;Sarmiento de La Banda.<\/p>\n\n\n\n<p><strong>\u00c1rbitro:&nbsp;<\/strong>Mauricio Mart\u00edn (Tucum\u00e1n).<\/p>\n","protected":false},"excerpt":{"rendered":"<p>En los 90&#8242;, el profe gan\u00f3 1-0 remontando el partido de ida, pero no le alcanz\u00f3 para pasar directamente a la otra fase, y qued\u00f3 eliminado desde los doce pasos.<\/p>\n","protected":false},"author":2,"featured_media":33494,"comment_status":"open","ping_status":"open","sticky":false,"template":"","format":"standard","meta":{"om_disable_all_campaigns":false,"_monsterinsights_skip_tracking":false,"_monsterinsights_sitenote_active":false,"_monsterinsights_sitenote_note":"","_monsterinsights_sitenote_category":0,"_uf_show_specific_survey":0,"_uf_disable_surveys":false,"jetpack_post_was_ever_published":false,"_jetpack_newsletter_access":"","_jetpack_dont_email_post_to_subs":false,"_jetpack_newsletter_tier_id":0,"_jetpack_memberships_contains_paywalled_content":false,"_jetpack_memberships_contains_paid_content":false,"footnotes":"","jetpack_publicize_message":"","jetpack_publicize_feature_enabled":true,"jetpack_social_post_already_shared":false,"jetpack_social_options":{"image_generator_settings":{"template":"highway","default_image_id":0,"font":"","enabled":false},"version":2}},"categories":[6],"tags":[],"class_list":["post-33491","post","type-post","status-publish","format-standard","has-post-thumbnail","hentry","category-deportes"],"aioseo_notices":[],"views":10,"jetpack_publicize_connections":[],"jetpack_featured_media_url":"https:\/\/i0.wp.com\/elterritorialweb.com.ar\/web\/wp-content\/uploads\/2022\/01\/Screenshot_20220130-2324172.png?fit=746%2C391","jetpack_sharing_enabled":true,"_links":{"self":[{"href":"http:\/\/elterritorialweb.com.ar\/web\/wp-json\/wp\/v2\/posts\/33491","targetHints":{"allow":["GET"]}}],"collection":[{"href":"http:\/\/elterritorialweb.com.ar\/web\/wp-json\/wp\/v2\/posts"}],"about":[{"href":"http:\/\/elterritorialweb.com.ar\/web\/wp-json\/wp\/v2\/types\/post"}],"author":[{"embeddable":true,"href":"http:\/\/elterritorialweb.com.ar\/web\/wp-json\/wp\/v2\/users\/2"}],"replies":[{"embeddable":true,"href":"http:\/\/elterritorialweb.com.ar\/web\/wp-json\/wp\/v2\/comments?post=33491"}],"version-history":[{"count":1,"href":"http:\/\/elterritorialweb.com.ar\/web\/wp-json\/wp\/v2\/posts\/33491\/revisions"}],"predecessor-version":[{"id":33495,"href":"http:\/\/elterritorialweb.com.ar\/web\/wp-json\/wp\/v2\/posts\/33491\/revisions\/33495"}],"wp:featuredmedia":[{"embeddable":true,"href":"http:\/\/elterritorialweb.com.ar\/web\/wp-json\/wp\/v2\/media\/33494"}],"wp:attachment":[{"href":"http:\/\/elterritorialweb.com.ar\/web\/wp-json\/wp\/v2\/media?parent=33491"}],"wp:term":[{"taxonomy":"category","embeddable":true,"href":"http:\/\/elterritorialweb.com.ar\/web\/wp-json\/wp\/v2\/categories?post=33491"},{"taxonomy":"post_tag","embeddable":true,"href":"http:\/\/elterritorialweb.com.ar\/web\/wp-json\/wp\/v2\/tags?post=33491"}],"curies":[{"name":"wp","href":"https:\/\/api.w.org\/{rel}","templated":true}]}}