{"id":33496,"date":"2022-01-31T03:27:17","date_gmt":"2022-01-31T03:27:17","guid":{"rendered":"http:\/\/elterritorialweb.com.ar\/web\/?p=33496"},"modified":"2022-01-31T03:27:18","modified_gmt":"2022-01-31T03:27:18","slug":"se-registraron-21-570-nuevos-contagios-de-coronavirus-en-argentina","status":"publish","type":"post","link":"http:\/\/elterritorialweb.com.ar\/web\/se-registraron-21-570-nuevos-contagios-de-coronavirus-en-argentina\/","title":{"rendered":"SE REGISTRARON 21.570 NUEVOS CONTAGIOS DE CORONAVIRUS EN ARGENTINA"},"content":{"rendered":"\n<p>Otras 152 personas murieron y 21.570 fueron reportadas con coronavirus en las \u00faltimas 24 horas en la Argentina, con lo que suman 120.988 los fallecidos registrados oficialmente a nivel nacional y 8.335.184 los contagiados desde el inicio de la pandemia, inform\u00f3 este domingo el Ministerio de Salud.<\/p>\n\n\n\n<p>La cartera sanitaria indic\u00f3 que son 2.912 los internados con coronavirus en unidades de terapia intensiva, con un porcentaje de ocupaci\u00f3n de camas de adultos en el sector p\u00fablico y privado, para todas las patolog\u00edas, de 49,6% en el pa\u00eds y de 47,8% en el \u00c1rea Metropolitana de Buenos Aires.<\/p>\n\n\n\n<p>De acuerdo al Monitor P\u00fablico de Vacunaci\u00f3n, el total de inoculados asciende a 87.100.188, de los cuales 39.607.822 recibieron una dosis, 34.943.523 las dos, 3.035.403 una adicional y 9.513.440 una de refuerzo, mientras que las vacunas distribuidas a las jurisdicciones llegan a 96.419.893 y las donadas a 5.083.000.<\/p>\n\n\n\n<p>De los 8.335.184 contagiados, 7.604.760 recibieron el alta y 609.436 son casos confirmados activos.<\/p>\n\n\n\n<p>El parte precis\u00f3 que murieron 72 hombres, 32 en Buenos Aires, 7 en la Ciudad de Buenos Aires, 5 en Chaco, 4 en Corrientes, 4 en C\u00f3rdoba, 3 en Mendoza, 2 en Misiones, 2 en Neuqu\u00e9n, 1 en R\u00edo Negro, 1 en Salta, 4 en San Juan, 6 en San Luis, y 1 en Santiago del Estero.<\/p>\n\n\n\n<p>Tambi\u00e9n fallecieron 80 mujeres: 40 en Buenos Aires, 9 en la Ciudad de Buenos Aires, 3 en Chaco, 4 en Corrientes, 4 en C\u00f3rdoba, 2 en Entre R\u00edos, 2 en Jujuy, 3 en Mendoza, 3 en Misiones, 3 en Neuqu\u00e9n, 1 en R\u00edo Negro, 2 en San Juan, 2 en San Luis, 1 en Santiago del Estero, y 1 en Tierra del Fuego.<\/p>\n\n\n\n<p>Este domingo se registraron en la provincia de Buenos Aires 8.495 casos; en la Ciudad de Buenos Aires, 4.078; en Catamarca, 326; en Chaco, 466; en Chubut, 262; en Corrientes, 452; en C\u00f3rdoba, 1.235; en Entre R\u00edos, 403; en Formosa, 935; en Jujuy, 288; en La Pampa, 303; en La Rioja, 316; en Mendoza, 306; en Misiones, 419; en Neuqu\u00e9n, 407; en R\u00edo Negro, 313; en Salta, 111; en San Juan, 91; en San Luis, 260; en Santa Cruz, 149; en Santa Fe, 1.307; en Santiago del Estero, 96; en Tierra del Fuego, 123; y en Tucum\u00e1n, 429.<\/p>\n\n\n\n<p>El Ministerio indic\u00f3 adem\u00e1s que se realizaron en las \u00faltimas 24 horas 46.067 testeos y desde el inicio del brote ascienden a 32.486.614 las pruebas diagn\u00f3sticas para esta enfermedad.<\/p>\n\n\n\n<p>El total de acumulados por distrito indica para la provincia de Buenos Aires 3.234.790 casos; la Ciudad de Buenos Aires, 939.619; Catamarca, 79.995; Chaco, 157.088; Chubut, 109.214; Corrientes, 121.022; C\u00f3rdoba, 898.134; Entre R\u00edos, 187.049; Formosa, 98.553; Jujuy, 101.830; La Pampa, 96.095; La Rioja, 42.963; Mendoza, 254.042; Misiones, 48.321; Neuqu\u00e9n, 160.119; R\u00edo Negro, 136.441; Salta, 149.615; San Juan, 138.166; San Luis, 129.587; Santa Cruz, 83.888; Santa Fe, 690.467; Santiago del Estero, 122.797; Tierra del Fuego, 43.125; y Tucum\u00e1n, 312.264.<\/p>\n\n\n\n<p>Se incluyen casos existentes en las Islas Malvinas seg\u00fan informaci\u00f3n de prensa (debido a la ocupaci\u00f3n ilegal del Reino Unido, Gran Breta\u00f1a e Irlanda del Norte no es posible contar con informaci\u00f3n propia sobre el impacto de la Covid-19 en esa parte del territorio argentino).<\/p>\n","protected":false},"excerpt":{"rendered":"<p>El Ministerio de Salud indic\u00f3 que son 2.912 los internados con Covid en unidades de terapia intensiva, con un porcentaje de ocupaci\u00f3n de camas de adultos en el sector p\u00fablico y privado, para todas las patolog\u00edas, de 49,6% en el pa\u00eds y de 47,8% en el AMBA<\/p>\n","protected":false},"author":2,"featured_media":33497,"comment_status":"open","ping_status":"open","sticky":false,"template":"","format":"standard","meta":{"om_disable_all_campaigns":false,"_monsterinsights_skip_tracking":false,"_monsterinsights_sitenote_active":false,"_monsterinsights_sitenote_note":"","_monsterinsights_sitenote_category":0,"_uf_show_specific_survey":0,"_uf_disable_surveys":false,"jetpack_post_was_ever_published":false,"_jetpack_newsletter_access":"","_jetpack_dont_email_post_to_subs":false,"_jetpack_newsletter_tier_id":0,"_jetpack_memberships_contains_paywalled_content":false,"_jetpack_memberships_contains_paid_content":false,"footnotes":"","jetpack_publicize_message":"","jetpack_publicize_feature_enabled":true,"jetpack_social_post_already_shared":false,"jetpack_social_options":{"image_generator_settings":{"template":"highway","default_image_id":0,"font":"","enabled":false},"version":2}},"categories":[3],"tags":[],"class_list":["post-33496","post","type-post","status-publish","format-standard","has-post-thumbnail","hentry","category-salud"],"aioseo_notices":[],"views":12,"jetpack_publicize_connections":[],"jetpack_featured_media_url":"https:\/\/i0.wp.com\/elterritorialweb.com.ar\/web\/wp-content\/uploads\/2022\/01\/61c5d608f02e1_900.jpg?fit=900%2C506","jetpack_sharing_enabled":true,"_links":{"self":[{"href":"http:\/\/elterritorialweb.com.ar\/web\/wp-json\/wp\/v2\/posts\/33496","targetHints":{"allow":["GET"]}}],"collection":[{"href":"http:\/\/elterritorialweb.com.ar\/web\/wp-json\/wp\/v2\/posts"}],"about":[{"href":"http:\/\/elterritorialweb.com.ar\/web\/wp-json\/wp\/v2\/types\/post"}],"author":[{"embeddable":true,"href":"http:\/\/elterritorialweb.com.ar\/web\/wp-json\/wp\/v2\/users\/2"}],"replies":[{"embeddable":true,"href":"http:\/\/elterritorialweb.com.ar\/web\/wp-json\/wp\/v2\/comments?post=33496"}],"version-history":[{"count":1,"href":"http:\/\/elterritorialweb.com.ar\/web\/wp-json\/wp\/v2\/posts\/33496\/revisions"}],"predecessor-version":[{"id":33498,"href":"http:\/\/elterritorialweb.com.ar\/web\/wp-json\/wp\/v2\/posts\/33496\/revisions\/33498"}],"wp:featuredmedia":[{"embeddable":true,"href":"http:\/\/elterritorialweb.com.ar\/web\/wp-json\/wp\/v2\/media\/33497"}],"wp:attachment":[{"href":"http:\/\/elterritorialweb.com.ar\/web\/wp-json\/wp\/v2\/media?parent=33496"}],"wp:term":[{"taxonomy":"category","embeddable":true,"href":"http:\/\/elterritorialweb.com.ar\/web\/wp-json\/wp\/v2\/categories?post=33496"},{"taxonomy":"post_tag","embeddable":true,"href":"http:\/\/elterritorialweb.com.ar\/web\/wp-json\/wp\/v2\/tags?post=33496"}],"curies":[{"name":"wp","href":"https:\/\/api.w.org\/{rel}","templated":true}]}}