{"id":36548,"date":"2022-03-10T16:02:50","date_gmt":"2022-03-10T16:02:50","guid":{"rendered":"http:\/\/elterritorialweb.com.ar\/web\/?p=36548"},"modified":"2022-03-10T16:02:50","modified_gmt":"2022-03-10T16:02:50","slug":"mirolo-se-reunio-con-integrantes-de-asociacion-civil-quilla-para-continuar-trabajando-en-beneficio-de-todos","status":"publish","type":"post","link":"http:\/\/elterritorialweb.com.ar\/web\/mirolo-se-reunio-con-integrantes-de-asociacion-civil-quilla-para-continuar-trabajando-en-beneficio-de-todos\/","title":{"rendered":"MIROLO SE REUNI\u00d3 CON INTEGRANTES DE ASOCIACI\u00d3N CIVIL \u00abQUILLA\u00bb PARA CONTINUAR TRABAJANDO EN BENEFICIO DE TODOS"},"content":{"rendered":"\n<p>En la oportunidad, participaron la Secretaria de Gobierno, Claudia Acu\u00f1a y la responsable de la asociaci\u00f3n, Mar\u00eda Luisa R\u00edos, manifest\u00f3: \u201cFelizmente nos pudimos reunir con el intendente Mirolo y presentar nuestros proyectos y convenios. Muy pronto tendremos nuestro terreno para la construcci\u00f3n de la escuela de capacitaci\u00f3n para personas con discapacidades y adem\u00e1s de un espacio terap\u00e9utico\u201d.<br>Agreg\u00f3: \u201cAgradecemos al intendente Mirolo por acompa\u00f1ar y comprometerse con nuestra causa al servicio de un sector vulnerable en muchos derechos. Adem\u00e1s agradecemos al equipo de docentes talleristas, al equipo de gabinete terap\u00e9utico y social, a la comisi\u00f3n directiva por la gesti\u00f3n y a los socios que aportan y creen en un proyecto innovador para nuestra ciudad y provincia\u201d.<br>Esta asociaci\u00f3n surge hace m\u00e1s de 20 a\u00f1os como una iniciativa impulsada por padres de ni\u00f1os y adolescentes con diferentes discapacidades, que ahora lleva el nombre de \u201cQuilla\u201d que significa \u201cluna\u201d en quechua. Este nombre hace referencia a las etapas de la misma como las etapas de duelo y aceptaci\u00f3n que atraviesan familiares y personas cercanas a las personas con discapacidad.<br>En este sentido, a trav\u00e9s del trabajo que realiza la asociaci\u00f3n se busca desarrollar y promover los aspectos y aptitudes de los alumnos con las artes, es mejorar en ellos algunas especialidades teniendo en cuenta su dificultad para la inclusi\u00f3n social y laboral luego de finalizar los estudios secundarios.<br>La sede de la agrupaci\u00f3n funciona en la Manzana 14, Lote 19 del barrio El Rinc\u00f3n de la ciudad de La Banda donde adem\u00e1s de dictarse talleres de capacitaci\u00f3n, se presta un servicio de orientaci\u00f3n pedag\u00f3gica, asistencia psicol\u00f3gica, asesor\u00eda general a trav\u00e9s de diferentes obras sociales nacionales y provinciales y de manera particular.<\/p>\n","protected":false},"excerpt":{"rendered":"<p>El intendente Pablo Mirolo se reuni\u00f3 con integrantes de la Asociaci\u00f3n Civil \u201cQuilla\u201d quienes tuvieron la posibilidad de presentar la nueva propuesta educativa para el 2022, adem\u00e1s de renovar el compromiso de continuar trabajando en beneficio de la comunidad de la ciudad de La Banda.<\/p>\n","protected":false},"author":2,"featured_media":36549,"comment_status":"open","ping_status":"open","sticky":false,"template":"","format":"standard","meta":{"om_disable_all_campaigns":false,"_monsterinsights_skip_tracking":false,"_monsterinsights_sitenote_active":false,"_monsterinsights_sitenote_note":"","_monsterinsights_sitenote_category":0,"_uf_show_specific_survey":0,"_uf_disable_surveys":false,"jetpack_post_was_ever_published":false,"_jetpack_newsletter_access":"","_jetpack_dont_email_post_to_subs":false,"_jetpack_newsletter_tier_id":0,"_jetpack_memberships_contains_paywalled_content":false,"_jetpack_memberships_contains_paid_content":false,"footnotes":"","jetpack_publicize_message":"","jetpack_publicize_feature_enabled":true,"jetpack_social_post_already_shared":false,"jetpack_social_options":{"image_generator_settings":{"template":"highway","default_image_id":0,"font":"","enabled":false},"version":2}},"categories":[21],"tags":[],"class_list":["post-36548","post","type-post","status-publish","format-standard","has-post-thumbnail","hentry","category-locales"],"aioseo_notices":[],"views":11,"jetpack_publicize_connections":[],"jetpack_featured_media_url":"https:\/\/i0.wp.com\/elterritorialweb.com.ar\/web\/wp-content\/uploads\/2022\/03\/IMG-20220310-WA0006.jpg?fit=1087%2C713","jetpack_sharing_enabled":true,"_links":{"self":[{"href":"http:\/\/elterritorialweb.com.ar\/web\/wp-json\/wp\/v2\/posts\/36548","targetHints":{"allow":["GET"]}}],"collection":[{"href":"http:\/\/elterritorialweb.com.ar\/web\/wp-json\/wp\/v2\/posts"}],"about":[{"href":"http:\/\/elterritorialweb.com.ar\/web\/wp-json\/wp\/v2\/types\/post"}],"author":[{"embeddable":true,"href":"http:\/\/elterritorialweb.com.ar\/web\/wp-json\/wp\/v2\/users\/2"}],"replies":[{"embeddable":true,"href":"http:\/\/elterritorialweb.com.ar\/web\/wp-json\/wp\/v2\/comments?post=36548"}],"version-history":[{"count":1,"href":"http:\/\/elterritorialweb.com.ar\/web\/wp-json\/wp\/v2\/posts\/36548\/revisions"}],"predecessor-version":[{"id":36550,"href":"http:\/\/elterritorialweb.com.ar\/web\/wp-json\/wp\/v2\/posts\/36548\/revisions\/36550"}],"wp:featuredmedia":[{"embeddable":true,"href":"http:\/\/elterritorialweb.com.ar\/web\/wp-json\/wp\/v2\/media\/36549"}],"wp:attachment":[{"href":"http:\/\/elterritorialweb.com.ar\/web\/wp-json\/wp\/v2\/media?parent=36548"}],"wp:term":[{"taxonomy":"category","embeddable":true,"href":"http:\/\/elterritorialweb.com.ar\/web\/wp-json\/wp\/v2\/categories?post=36548"},{"taxonomy":"post_tag","embeddable":true,"href":"http:\/\/elterritorialweb.com.ar\/web\/wp-json\/wp\/v2\/tags?post=36548"}],"curies":[{"name":"wp","href":"https:\/\/api.w.org\/{rel}","templated":true}]}}