{"id":36551,"date":"2022-03-10T16:20:38","date_gmt":"2022-03-10T16:20:38","guid":{"rendered":"http:\/\/elterritorialweb.com.ar\/web\/?p=36551"},"modified":"2022-03-10T16:20:39","modified_gmt":"2022-03-10T16:20:39","slug":"el-festival-de-la-mujer-contara-con-la-participacion-de-mas-de-100-cantantes-bailarinas-y-artesanas","status":"publish","type":"post","link":"http:\/\/elterritorialweb.com.ar\/web\/el-festival-de-la-mujer-contara-con-la-participacion-de-mas-de-100-cantantes-bailarinas-y-artesanas\/","title":{"rendered":"EL \u00abFESTIVAL DE LA MUJER\u00bb CONTAR\u00c1 CON LA PARTICIPACI\u00d3N DE M\u00c1S DE 100 CANTANTES, BAILARINAS Y ARTESANAS"},"content":{"rendered":"\n<p>Al respecto, la coordinadora del \u00e1rea de G\u00e9nero, Bel\u00e9n Benac, indic\u00f3: \u201cEstamos con mucha expectativa de que el festival se realice en la ciudad, en especial por la gran convocatoria de cantantes, bailarinas y artesanas que tuvimos. Son m\u00e1s de 100 mujeres las que estar\u00e1n present\u00e1ndose con un espect\u00e1culo de canto y danza y tambi\u00e9n ofreciendo diferentes productos en la feria artesanal\u201d<br>Agreg\u00f3: \u201cEs un evento organizado para toda la familia, as\u00ed que los invitamos a formar parte, acercarse, pasear y aprovechar este espacio verde en donde los ni\u00f1os tambi\u00e9n podr\u00e1n disfrutar de juegos infantiles\u201d.<br>El evento organizado por la Oficina de G\u00e9nero, dependiente de la Secretar\u00eda de Desarrollo Humano, tiene por objetivo la participaci\u00f3n y el protagonismo de las mujeres que desplegar\u00e1n su talento como bailarinas, cantantes, artesanas o microemprendedoras.<br>Asimismo, desde el \u00e1rea destacaron en las redes sociales que \u201cEs importante recordar el 8 de Marzo conmemor\u00e1ndolo en donde las mujeres de todo el mundo nos unimos y alzamos nuestras voces en un mismo pedido: IGUALDAD DE DERECHOS Y OPORTUNIDADES\u201d.<br>\u201cPor eso, cada 8 de marzo, significa un recuerdo y la reivindicaci\u00f3n de la igualdad conseguida con el paso del tiempo, la conquista de derechos y espacios que tantas veces nos fueron negados y, principalmente, del comienzo de la liberaci\u00f3n de la opresi\u00f3n que el patriarcado ejerce y contin\u00faa ejerciendo sobre cada una de nosotras, las mujeres\u201d, postean en sus redes.<br>Adem\u00e1s, el mensaje afirma que \u201cEs importante destacar que la lucha todav\u00eda no lleg\u00f3 a su fin y que las mujeres seguiremos peleando por ocupar el lugar que merecemos, buscando ser respetadas en todos los \u00e1mbitos y, principalmente, combatiendo las violencias y los abusos de poder que siguen presentes y latentes a pesar de los cambios\u201d.<\/p>\n","protected":false},"excerpt":{"rendered":"<p>Con una importante cantidad de artistas y emprendedoras se realizar\u00e1 el \u201cFestival de la Mujer\u201d el s\u00e1bado 12 a partir de las 20 en la Plaza Mauricio Rojas en avenida Besares y Garay.<\/p>\n","protected":false},"author":2,"featured_media":36552,"comment_status":"open","ping_status":"open","sticky":false,"template":"","format":"standard","meta":{"om_disable_all_campaigns":false,"_monsterinsights_skip_tracking":false,"_monsterinsights_sitenote_active":false,"_monsterinsights_sitenote_note":"","_monsterinsights_sitenote_category":0,"_uf_show_specific_survey":0,"_uf_disable_surveys":false,"jetpack_post_was_ever_published":false,"_jetpack_newsletter_access":"","_jetpack_dont_email_post_to_subs":false,"_jetpack_newsletter_tier_id":0,"_jetpack_memberships_contains_paywalled_content":false,"_jetpack_memberships_contains_paid_content":false,"footnotes":"","jetpack_publicize_message":"","jetpack_publicize_feature_enabled":true,"jetpack_social_post_already_shared":false,"jetpack_social_options":{"image_generator_settings":{"template":"highway","default_image_id":0,"font":"","enabled":false},"version":2}},"categories":[21],"tags":[],"class_list":["post-36551","post","type-post","status-publish","format-standard","has-post-thumbnail","hentry","category-locales"],"aioseo_notices":[],"views":11,"jetpack_publicize_connections":[],"jetpack_featured_media_url":"https:\/\/i0.wp.com\/elterritorialweb.com.ar\/web\/wp-content\/uploads\/2022\/03\/IMG-20220310-WA0008.jpg?fit=1280%2C853","jetpack_sharing_enabled":true,"_links":{"self":[{"href":"http:\/\/elterritorialweb.com.ar\/web\/wp-json\/wp\/v2\/posts\/36551","targetHints":{"allow":["GET"]}}],"collection":[{"href":"http:\/\/elterritorialweb.com.ar\/web\/wp-json\/wp\/v2\/posts"}],"about":[{"href":"http:\/\/elterritorialweb.com.ar\/web\/wp-json\/wp\/v2\/types\/post"}],"author":[{"embeddable":true,"href":"http:\/\/elterritorialweb.com.ar\/web\/wp-json\/wp\/v2\/users\/2"}],"replies":[{"embeddable":true,"href":"http:\/\/elterritorialweb.com.ar\/web\/wp-json\/wp\/v2\/comments?post=36551"}],"version-history":[{"count":1,"href":"http:\/\/elterritorialweb.com.ar\/web\/wp-json\/wp\/v2\/posts\/36551\/revisions"}],"predecessor-version":[{"id":36553,"href":"http:\/\/elterritorialweb.com.ar\/web\/wp-json\/wp\/v2\/posts\/36551\/revisions\/36553"}],"wp:featuredmedia":[{"embeddable":true,"href":"http:\/\/elterritorialweb.com.ar\/web\/wp-json\/wp\/v2\/media\/36552"}],"wp:attachment":[{"href":"http:\/\/elterritorialweb.com.ar\/web\/wp-json\/wp\/v2\/media?parent=36551"}],"wp:term":[{"taxonomy":"category","embeddable":true,"href":"http:\/\/elterritorialweb.com.ar\/web\/wp-json\/wp\/v2\/categories?post=36551"},{"taxonomy":"post_tag","embeddable":true,"href":"http:\/\/elterritorialweb.com.ar\/web\/wp-json\/wp\/v2\/tags?post=36551"}],"curies":[{"name":"wp","href":"https:\/\/api.w.org\/{rel}","templated":true}]}}