{"id":36571,"date":"2022-03-10T22:19:41","date_gmt":"2022-03-10T22:19:41","guid":{"rendered":"http:\/\/elterritorialweb.com.ar\/web\/?p=36571"},"modified":"2022-03-10T22:32:09","modified_gmt":"2022-03-10T22:32:09","slug":"jornada-del-workshop-hd-en-termas-de-rio-hondo","status":"publish","type":"post","link":"http:\/\/elterritorialweb.com.ar\/web\/jornada-del-workshop-hd-en-termas-de-rio-hondo\/","title":{"rendered":"JORNADA DEL WORKSHOP HD EN TERMAS DE R\u00cdO HONDO"},"content":{"rendered":"\n<p>Este evento re\u00fane a empresarios hoteleros y gastron\u00f3micos con proveedores de servicios de estos sectores.<br>El Workshop HG busca que hoteleros y proveedores tengan una excelente gesti\u00f3n de compra, mejores relaciones comerciales, tendencia y actualizaci\u00f3n del sector y en esta edici\u00f3n, se present\u00f3 una interesante oportunidad para la capacitaci\u00f3n de los recursos humanos de la hoteler\u00eda y gastronom\u00eda local y de la regi\u00f3n.<br>El acto de apertura estuvo presidido por el subsecretario de Turismo de la provincia, N\u00e9lson Bravo, intendente de la ciudad Termal, Dr. Jorge Mukdise, el presidente de FEHGRA, Fernando Desgoz ,la vicepresidenta de FEHGRA , Florencia Landivar, entre otras autoridades de las distintas c\u00e1maras hoteleras del NOA y funcionarios municipales de Termas.<br>Al hacer uso de la palabra el intendente de la ciudad Termal, Dr. Jorge Mukdise expres\u00f3 \u201cvolver vernos es una gran alegr\u00eda. Hoy ver a nuestra ciudad funcionando genera una emoci\u00f3n diferente, recibir a amigos de la hoteler\u00eda y la gastronom\u00eda que son la columna vertebral de nuestro destino tur\u00edstico, les deseo una exitosa jornada y sean bienvenidos\u201d.<br>A su turno el Subsecretario de Turismo de la provincia, Nelson Bravo manifest\u00f3: \u201ceste evento es recuperar el encuentro, trabajar con el sector privado de manera conjunta, trabajar como regi\u00f3n porque tambi\u00e9n contamos con la presencia de otras provincias. En esta agenda que tenemos este a\u00f1o esperamos que todos los eventos y actividades que se han perdido en su momento por la pandemia podamos ir recuper\u00e1ndolos\u201d, dijo.<\/p>\n","protected":false},"excerpt":{"rendered":"<p>Dio inicio la primera jornada de la 13\u00b0 edici\u00f3n del Workshop HG en el Centro Cultural San Martin de la ciudad de Termas de Rio Hondo.<\/p>\n","protected":false},"author":2,"featured_media":36572,"comment_status":"open","ping_status":"open","sticky":false,"template":"","format":"standard","meta":{"om_disable_all_campaigns":false,"_monsterinsights_skip_tracking":false,"_monsterinsights_sitenote_active":false,"_monsterinsights_sitenote_note":"","_monsterinsights_sitenote_category":0,"_uf_show_specific_survey":0,"_uf_disable_surveys":false,"jetpack_post_was_ever_published":false,"_jetpack_newsletter_access":"","_jetpack_dont_email_post_to_subs":false,"_jetpack_newsletter_tier_id":0,"_jetpack_memberships_contains_paywalled_content":false,"_jetpack_memberships_contains_paid_content":false,"footnotes":"","jetpack_publicize_message":"","jetpack_publicize_feature_enabled":true,"jetpack_social_post_already_shared":false,"jetpack_social_options":{"image_generator_settings":{"template":"highway","default_image_id":0,"font":"","enabled":false},"version":2}},"categories":[29],"tags":[],"class_list":["post-36571","post","type-post","status-publish","format-standard","has-post-thumbnail","hentry","category-turismo"],"aioseo_notices":[],"views":9,"jetpack_publicize_connections":[],"jetpack_featured_media_url":"https:\/\/i0.wp.com\/elterritorialweb.com.ar\/web\/wp-content\/uploads\/2022\/03\/termas.jpg?fit=1280%2C854","jetpack_sharing_enabled":true,"_links":{"self":[{"href":"http:\/\/elterritorialweb.com.ar\/web\/wp-json\/wp\/v2\/posts\/36571","targetHints":{"allow":["GET"]}}],"collection":[{"href":"http:\/\/elterritorialweb.com.ar\/web\/wp-json\/wp\/v2\/posts"}],"about":[{"href":"http:\/\/elterritorialweb.com.ar\/web\/wp-json\/wp\/v2\/types\/post"}],"author":[{"embeddable":true,"href":"http:\/\/elterritorialweb.com.ar\/web\/wp-json\/wp\/v2\/users\/2"}],"replies":[{"embeddable":true,"href":"http:\/\/elterritorialweb.com.ar\/web\/wp-json\/wp\/v2\/comments?post=36571"}],"version-history":[{"count":2,"href":"http:\/\/elterritorialweb.com.ar\/web\/wp-json\/wp\/v2\/posts\/36571\/revisions"}],"predecessor-version":[{"id":36575,"href":"http:\/\/elterritorialweb.com.ar\/web\/wp-json\/wp\/v2\/posts\/36571\/revisions\/36575"}],"wp:featuredmedia":[{"embeddable":true,"href":"http:\/\/elterritorialweb.com.ar\/web\/wp-json\/wp\/v2\/media\/36572"}],"wp:attachment":[{"href":"http:\/\/elterritorialweb.com.ar\/web\/wp-json\/wp\/v2\/media?parent=36571"}],"wp:term":[{"taxonomy":"category","embeddable":true,"href":"http:\/\/elterritorialweb.com.ar\/web\/wp-json\/wp\/v2\/categories?post=36571"},{"taxonomy":"post_tag","embeddable":true,"href":"http:\/\/elterritorialweb.com.ar\/web\/wp-json\/wp\/v2\/tags?post=36571"}],"curies":[{"name":"wp","href":"https:\/\/api.w.org\/{rel}","templated":true}]}}