{"id":36577,"date":"2022-03-10T23:19:38","date_gmt":"2022-03-10T23:19:38","guid":{"rendered":"http:\/\/elterritorialweb.com.ar\/web\/?p=36577"},"modified":"2022-03-10T23:19:38","modified_gmt":"2022-03-10T23:19:38","slug":"la-intendente-fuentes-destaco-la-tarea-del-personal-de-salud-en-la-entrega-de-equipamiento","status":"publish","type":"post","link":"http:\/\/elterritorialweb.com.ar\/web\/la-intendente-fuentes-destaco-la-tarea-del-personal-de-salud-en-la-entrega-de-equipamiento\/","title":{"rendered":"LA INTENDENTE FUENTES DESTAC\u00d3 LA TAREA DEL PERSONAL DE SALUD EN LA ENTREGA DE EQUIPAMIENTO"},"content":{"rendered":"\n<p>En un acto realizado en el \u00d3valo del Parque Sur, la jefa comunal entreg\u00f3 nuevos equipamientos m\u00e9dicos y sanitarios a los nueve centros de salud municipales, con el prop\u00f3sito de optimizar e incorporar nuevos servicios para los vecinos.<br>A trav\u00e9s de stands institucionales, cada uno de los Caps exhibi\u00f3 los alcances de los diferentes programas que se vienen implementando en los distintos barrios en los que intervienen, como prevenci\u00f3n de c\u00e1ncer de cuello uterino, educaci\u00f3n sexual integral para adolescentes, erradicaci\u00f3n del dengue, hisopados y vacunaciones contra el coronavirus, entre otros.<br>Acompa\u00f1ada por los secretarios de Coordinaci\u00f3n de Gabinete, Dra. Alejandra Yoshitake y de Gobierno, Ing. N\u00e9stor Machado; el subsecretario de Desarrollo Comunitario, Lic. Mauro Kalinski y el director de Salud, Dr. Antonio Palomo; la titular del Ejecutivo Municipal dialog\u00f3 con los agentes sanitarios para intercambiar experiencias y fortalecer los equipos interdisciplinarios.<br>\u00abCada uno de ustedes nos ha dado una muestra enorme de compromiso, predisposici\u00f3n, compa\u00f1erismo y entrega a la comunidad, lo que habla de su vocaci\u00f3n de servicio y del amor que tienen por la tarea que realizan\u00bb, afirm\u00f3 la Ing. Fuentes.<br>\u00abVamos a seguir brind\u00e1ndoles todos los elementos que necesiten para llevar a cabo su labor de forma segura, avanzando tambi\u00e9n con la ampliaci\u00f3n y remodelaci\u00f3n de los edificios y las permanentes capacitaciones profesionales; buscando siempre mejorar la atenci\u00f3n que reciben los vecinos\u00bb, agreg\u00f3.<br>Por su parte, Kalinski remarc\u00f3 la decisi\u00f3n de la intendente de seguir incorporando nuevos equipamientos para los centros de salud y, de esta manera, \u00abcumplir con el objetivo de continuar optimizando los servicios y mejorar la calidad de vida de la poblaci\u00f3n\u201d. Adem\u00e1s sostuvo que \u201cla intendente siempre est\u00e1 trabajando a la par del personal de salud y en forma particular durante la pandemia\u00bb.<br>A su turno, en representaci\u00f3n de los agentes municipales, Luis Ver\u00f3n, del CIC Campo Contreras, agradeci\u00f3 a la jefa comunal por los elementos entregados y expres\u00f3 que, \u00absin el apoyo de todo el gabinete municipal, no podr\u00edamos hacer las tareas que desarrollamos d\u00eda a d\u00eda con el mayor de los compromisos\u00bb.<br>En esta oportunidad, se distribuyeron kits de protecci\u00f3n personal, escafandras, tensi\u00f3metros, ox\u00edmetros, chaquetas, dispensers sanitizantes, term\u00f3metros infrarrojos, alcohol en gel, jab\u00f3n l\u00edquido y toallas descartables, entre otros insumos.<\/p>\n\n\n\n<p>Adem\u00e1s, en forma simult\u00e1nea, se realiz\u00f3 una colecta de sangre en colaboraci\u00f3n con el banco provincial de sangre y la asociaci\u00f3n civil Traeer, con el prop\u00f3sito de concientizar sobre la importancia de donar sangre para salvar vidas.<\/p>\n","protected":false},"excerpt":{"rendered":"<p>La intendente de la Capital, Ing. Norma Fuentes, reconoci\u00f3 el trabajo que vienen realizando los Centros de Atenci\u00f3n Primaria de la Salud que, \u00aben el contexto de la pandemia, se han dado la oportunidad de encontrarse, capacitarse y poner el coraz\u00f3n al servicio de los vecinos\u00bb.<\/p>\n","protected":false},"author":2,"featured_media":36578,"comment_status":"open","ping_status":"open","sticky":false,"template":"","format":"standard","meta":{"om_disable_all_campaigns":false,"_monsterinsights_skip_tracking":false,"_monsterinsights_sitenote_active":false,"_monsterinsights_sitenote_note":"","_monsterinsights_sitenote_category":0,"_uf_show_specific_survey":0,"_uf_disable_surveys":false,"jetpack_post_was_ever_published":false,"_jetpack_newsletter_access":"","_jetpack_dont_email_post_to_subs":false,"_jetpack_newsletter_tier_id":0,"_jetpack_memberships_contains_paywalled_content":false,"_jetpack_memberships_contains_paid_content":false,"footnotes":"","jetpack_publicize_message":"","jetpack_publicize_feature_enabled":true,"jetpack_social_post_already_shared":false,"jetpack_social_options":{"image_generator_settings":{"template":"highway","default_image_id":0,"font":"","enabled":false},"version":2}},"categories":[21],"tags":[],"class_list":["post-36577","post","type-post","status-publish","format-standard","has-post-thumbnail","hentry","category-locales"],"aioseo_notices":[],"views":9,"jetpack_publicize_connections":[],"jetpack_featured_media_url":"https:\/\/i0.wp.com\/elterritorialweb.com.ar\/web\/wp-content\/uploads\/2022\/03\/fuentes-entrega-de-equipamiento.jpeg?fit=1107%2C750","jetpack_sharing_enabled":true,"_links":{"self":[{"href":"http:\/\/elterritorialweb.com.ar\/web\/wp-json\/wp\/v2\/posts\/36577","targetHints":{"allow":["GET"]}}],"collection":[{"href":"http:\/\/elterritorialweb.com.ar\/web\/wp-json\/wp\/v2\/posts"}],"about":[{"href":"http:\/\/elterritorialweb.com.ar\/web\/wp-json\/wp\/v2\/types\/post"}],"author":[{"embeddable":true,"href":"http:\/\/elterritorialweb.com.ar\/web\/wp-json\/wp\/v2\/users\/2"}],"replies":[{"embeddable":true,"href":"http:\/\/elterritorialweb.com.ar\/web\/wp-json\/wp\/v2\/comments?post=36577"}],"version-history":[{"count":1,"href":"http:\/\/elterritorialweb.com.ar\/web\/wp-json\/wp\/v2\/posts\/36577\/revisions"}],"predecessor-version":[{"id":36579,"href":"http:\/\/elterritorialweb.com.ar\/web\/wp-json\/wp\/v2\/posts\/36577\/revisions\/36579"}],"wp:featuredmedia":[{"embeddable":true,"href":"http:\/\/elterritorialweb.com.ar\/web\/wp-json\/wp\/v2\/media\/36578"}],"wp:attachment":[{"href":"http:\/\/elterritorialweb.com.ar\/web\/wp-json\/wp\/v2\/media?parent=36577"}],"wp:term":[{"taxonomy":"category","embeddable":true,"href":"http:\/\/elterritorialweb.com.ar\/web\/wp-json\/wp\/v2\/categories?post=36577"},{"taxonomy":"post_tag","embeddable":true,"href":"http:\/\/elterritorialweb.com.ar\/web\/wp-json\/wp\/v2\/tags?post=36577"}],"curies":[{"name":"wp","href":"https:\/\/api.w.org\/{rel}","templated":true}]}}