{"id":36589,"date":"2022-03-11T06:03:02","date_gmt":"2022-03-11T06:03:02","guid":{"rendered":"http:\/\/elterritorialweb.com.ar\/web\/?p=36589"},"modified":"2022-03-11T06:03:03","modified_gmt":"2022-03-11T06:03:03","slug":"habra-servicio-normal-en-las-lineas-urbanas-de-colectivos","status":"publish","type":"post","link":"http:\/\/elterritorialweb.com.ar\/web\/habra-servicio-normal-en-las-lineas-urbanas-de-colectivos\/","title":{"rendered":"HABR\u00c1 SERVICIO NORMAL EN LAS LINEAS URBANAS DE COLECTIVOS"},"content":{"rendered":"\n<p>Luego de que la UTA anunciara una medida de fuerza programada para este viernes, finalmente y tras varias negociaciones se logr\u00f3 que se desactive tras llegar a un principio de acuerdo para la normalizaci\u00f3n del servicio en la jornada de este viernes.&nbsp;<\/p>\n\n\n\n<p>La medida iba a ser llevada a cabo por la totalidad de los choferes de las l\u00edneas, pero cerca de las 21 horas se lleg\u00f3 a un acuerdo, por lo que este viernes habr\u00e1 servicio normal desde las 5.30 de la ma\u00f1ana.&nbsp;<\/p>\n","protected":false},"excerpt":{"rendered":"<p>Finalmente la UTA y los empresarios del transporte urbano lograron un principio de acuerdo para que este viernes circulen con normalidad las l\u00edneas urbanas.<\/p>\n","protected":false},"author":2,"featured_media":27458,"comment_status":"open","ping_status":"open","sticky":false,"template":"","format":"standard","meta":{"om_disable_all_campaigns":false,"_monsterinsights_skip_tracking":false,"_monsterinsights_sitenote_active":false,"_monsterinsights_sitenote_note":"","_monsterinsights_sitenote_category":0,"_uf_show_specific_survey":0,"_uf_disable_surveys":false,"jetpack_post_was_ever_published":false,"_jetpack_newsletter_access":"","_jetpack_dont_email_post_to_subs":false,"_jetpack_newsletter_tier_id":0,"_jetpack_memberships_contains_paywalled_content":false,"_jetpack_memberships_contains_paid_content":false,"footnotes":"","jetpack_publicize_message":"","jetpack_publicize_feature_enabled":true,"jetpack_social_post_already_shared":false,"jetpack_social_options":{"image_generator_settings":{"template":"highway","default_image_id":0,"font":"","enabled":false},"version":2}},"categories":[21],"tags":[],"class_list":["post-36589","post","type-post","status-publish","format-standard","has-post-thumbnail","hentry","category-locales"],"aioseo_notices":[],"views":9,"jetpack_publicize_connections":[],"jetpack_featured_media_url":"https:\/\/i0.wp.com\/elterritorialweb.com.ar\/web\/wp-content\/uploads\/2021\/09\/COLECTIVOS-1.jpg?fit=952%2C540","jetpack_sharing_enabled":true,"_links":{"self":[{"href":"http:\/\/elterritorialweb.com.ar\/web\/wp-json\/wp\/v2\/posts\/36589","targetHints":{"allow":["GET"]}}],"collection":[{"href":"http:\/\/elterritorialweb.com.ar\/web\/wp-json\/wp\/v2\/posts"}],"about":[{"href":"http:\/\/elterritorialweb.com.ar\/web\/wp-json\/wp\/v2\/types\/post"}],"author":[{"embeddable":true,"href":"http:\/\/elterritorialweb.com.ar\/web\/wp-json\/wp\/v2\/users\/2"}],"replies":[{"embeddable":true,"href":"http:\/\/elterritorialweb.com.ar\/web\/wp-json\/wp\/v2\/comments?post=36589"}],"version-history":[{"count":1,"href":"http:\/\/elterritorialweb.com.ar\/web\/wp-json\/wp\/v2\/posts\/36589\/revisions"}],"predecessor-version":[{"id":36590,"href":"http:\/\/elterritorialweb.com.ar\/web\/wp-json\/wp\/v2\/posts\/36589\/revisions\/36590"}],"wp:featuredmedia":[{"embeddable":true,"href":"http:\/\/elterritorialweb.com.ar\/web\/wp-json\/wp\/v2\/media\/27458"}],"wp:attachment":[{"href":"http:\/\/elterritorialweb.com.ar\/web\/wp-json\/wp\/v2\/media?parent=36589"}],"wp:term":[{"taxonomy":"category","embeddable":true,"href":"http:\/\/elterritorialweb.com.ar\/web\/wp-json\/wp\/v2\/categories?post=36589"},{"taxonomy":"post_tag","embeddable":true,"href":"http:\/\/elterritorialweb.com.ar\/web\/wp-json\/wp\/v2\/tags?post=36589"}],"curies":[{"name":"wp","href":"https:\/\/api.w.org\/{rel}","templated":true}]}}