{"id":36592,"date":"2022-03-11T06:24:29","date_gmt":"2022-03-11T06:24:29","guid":{"rendered":"http:\/\/elterritorialweb.com.ar\/web\/?p=36592"},"modified":"2022-03-11T06:24:29","modified_gmt":"2022-03-11T06:24:29","slug":"preocupa-el-estado-de-salud-de-gerardo-rozin","status":"publish","type":"post","link":"http:\/\/elterritorialweb.com.ar\/web\/preocupa-el-estado-de-salud-de-gerardo-rozin\/","title":{"rendered":"PREOCUPA EL ESTADO DE SALUD DE GERARDO ROZIN"},"content":{"rendered":"\n<p>La tristeza invade los pasillos de los canales de televisi\u00f3n y los chats de periodistas al conocerse la noticia de que\u00a0<strong>el estado de salud de\u00a0Gerardo Roz\u00edn, de 51 a\u00f1os, es muy delicado.<\/strong>\u00a0Seg\u00fan los trascendidos, el famoso productor y conductor (que esta semana hab\u00eda dejado su lugar en\u00a0La pe\u00f1a de Morfi\u00a0en manos de Iv\u00e1n de Pineda)\u00a0<strong>est\u00e1 luchando hace meses contra un tumor maligno.<\/strong><\/p>\n\n\n\n<p>Desde el canal pidieron&nbsp;<mark><strong>\u201crespeto y cautela\u201d<\/strong><\/mark>&nbsp;en un escueto comunicado en el que aseguraron, adem\u00e1s, que a medida que tuviesen novedades, las mismas ser\u00e1n comunicadas en tiempo y forma.<\/p>\n\n\n\n<p>En noviembre del a\u00f1o pasado,\u00a0<strong>en di\u00e1logo con LA NACION,<\/strong>\u00a0el responsable de ciclos como\u00a0<em>Gracias por Venir<\/em>;\u00a0<em>Esta noche, libros<\/em>; y\u00a0<em>Morfi, todos a la mesa\u00a0<\/em>habl\u00f3 sobre su estado de salud de ese momento, y\u00a0aludi\u00f3 a la licencia qe se hab\u00eda tomado del programa de Telefe al poco tiempo de iniciarse en marzo la nueva temporada del exitoso env\u00edo.<\/p>\n\n\n\n<figure class=\"wp-block-image size-full\"><a href=\"https:\/\/i0.wp.com\/elterritorialweb.com.ar\/web\/wp-content\/uploads\/2022\/03\/preocupacion-por-la-salud-de-gerardo-rozin-1323445.jpg\"><img data-recalc-dims=\"1\" decoding=\"async\" width=\"640\" height=\"640\" data-src=\"https:\/\/i0.wp.com\/elterritorialweb.com.ar\/web\/wp-content\/uploads\/2022\/03\/preocupacion-por-la-salud-de-gerardo-rozin-1323445.jpg?resize=640%2C640\" alt=\"\" class=\"wp-image-36595 lazyload\" data-srcset=\"https:\/\/i0.wp.com\/elterritorialweb.com.ar\/web\/wp-content\/uploads\/2022\/03\/preocupacion-por-la-salud-de-gerardo-rozin-1323445.jpg?w=900 900w, https:\/\/i0.wp.com\/elterritorialweb.com.ar\/web\/wp-content\/uploads\/2022\/03\/preocupacion-por-la-salud-de-gerardo-rozin-1323445.jpg?resize=300%2C300 300w, https:\/\/i0.wp.com\/elterritorialweb.com.ar\/web\/wp-content\/uploads\/2022\/03\/preocupacion-por-la-salud-de-gerardo-rozin-1323445.jpg?resize=150%2C150 150w, https:\/\/i0.wp.com\/elterritorialweb.com.ar\/web\/wp-content\/uploads\/2022\/03\/preocupacion-por-la-salud-de-gerardo-rozin-1323445.jpg?resize=768%2C768 768w\" data-sizes=\"(max-width: 640px) 100vw, 640px\" src=\"data:image\/svg+xml;base64,PHN2ZyB3aWR0aD0iMSIgaGVpZ2h0PSIxIiB4bWxucz0iaHR0cDovL3d3dy53My5vcmcvMjAwMC9zdmciPjwvc3ZnPg==\" style=\"--smush-placeholder-width: 640px; --smush-placeholder-aspect-ratio: 640\/640;\" \/><\/a><\/figure>\n\n\n\n<p><strong>\u201cMe voy a tomar una licencia. Ando con un tema de salud que, afortunadamente, pinta bien\u201d<\/strong>, dijo en esa oportunidad, antes de ausentarse por un mes. \u201cFalt\u00e9 cuatro semanas, tuve un tema de salud.&nbsp;<strong>Primero me tom\u00e9 el tiempo para entender porque no entend\u00eda muy bien qu\u00e9 me estaba pasando. Si tuviera que sintetizarlo, te dir\u00eda que viv\u00ed, realmente, momentos de mucha preocupaci\u00f3n. Afortunadamente, hasta ahora, sali\u00f3 todo extraordinario\u201d<\/strong>, le contaba a este medio. \u201cEstoy bien\u201d, sumaba.<\/p>\n\n\n\n<p>En esa misma charla, el conductor confes\u00f3 que tuvo miedo, pero prefiri\u00f3 mantener ese aspecto de su vida lejos de lo medi\u00e1tico.\u00a0<mark><strong>\u201cNo comento en p\u00fablico detalles que, quiz\u00e1s, no le cont\u00e9 a mi familia, pero estoy bien. Pero s\u00ed, tuve miedo, me pegu\u00e9 un susto\u201d<\/strong><\/mark><strong>,<\/strong>\u00a0se limit\u00f3 a decir, para luego poner el foco en lo bien que le hizo retomar\u00a0<em>Morfi,\u00a0<\/em>donde fue recibido con cari\u00f1o por su compa\u00f1era J\u00e9sica Cirio, los m\u00fasicos y el equipo de producci\u00f3n.<\/p>\n\n\n\n<p><mark>\u201cEstoy tan feliz de volver\u201d, fue lo primero que expres\u00f3 Roz\u00edn al dirigirse a su audiencia y a sus compa\u00f1eros el 23 de mayo de 2021.<strong>\u00a0<\/strong><\/mark><strong>\u201cMe hab\u00eda tomado cuatro semanas de licencia porque hab\u00eda unas cosas de salud que afortunadamente est\u00e1n bien, pero necesitaba tomarme mi tiempo\u201d,\u00a0<\/strong>cont\u00f3, y adelant\u00f3 tambi\u00e9n que har\u00eda el programa \u201cdesde afuera\u201d como \u201cse hace cuando no estamos seguros de usar el espacio exterior\u201d,\u00a0explic\u00f3.<\/p>\n\n\n\n<figure class=\"wp-block-image size-full\"><a href=\"https:\/\/i0.wp.com\/elterritorialweb.com.ar\/web\/wp-content\/uploads\/2022\/03\/1609157449037gerardo-rozin-morfi-1203-812088.jpg\"><img data-recalc-dims=\"1\" decoding=\"async\" width=\"640\" height=\"480\" data-src=\"https:\/\/i0.wp.com\/elterritorialweb.com.ar\/web\/wp-content\/uploads\/2022\/03\/1609157449037gerardo-rozin-morfi-1203-812088.jpg?resize=640%2C480\" alt=\"\" class=\"wp-image-36594 lazyload\" data-srcset=\"https:\/\/i0.wp.com\/elterritorialweb.com.ar\/web\/wp-content\/uploads\/2022\/03\/1609157449037gerardo-rozin-morfi-1203-812088.jpg?w=1024 1024w, https:\/\/i0.wp.com\/elterritorialweb.com.ar\/web\/wp-content\/uploads\/2022\/03\/1609157449037gerardo-rozin-morfi-1203-812088.jpg?resize=300%2C225 300w, https:\/\/i0.wp.com\/elterritorialweb.com.ar\/web\/wp-content\/uploads\/2022\/03\/1609157449037gerardo-rozin-morfi-1203-812088.jpg?resize=768%2C576 768w\" data-sizes=\"(max-width: 640px) 100vw, 640px\" src=\"data:image\/svg+xml;base64,PHN2ZyB3aWR0aD0iMSIgaGVpZ2h0PSIxIiB4bWxucz0iaHR0cDovL3d3dy53My5vcmcvMjAwMC9zdmciPjwvc3ZnPg==\" style=\"--smush-placeholder-width: 640px; --smush-placeholder-aspect-ratio: 640\/480;\" \/><\/a><\/figure>\n\n\n\n<p>El 4 de abril, Cirio abr\u00eda el programa de manera inusual. \u201cGerardo no va a estar hoy porque tiene arritmia\u201d,\u00a0explic\u00f3 la coconductora, y luego brind\u00f3 tranquilidad. \u201cNo se preocupen porque est\u00e1 bien\u201d, explicaba.\u00a0Ese mismo d\u00eda, Roz\u00edn respondi\u00f3 una consulta de este medio y dijo sentirse \u201cbien\u201d, pero \u201cdescansando por el d\u00eda\u201d.<\/p>\n\n\n\n<p> El domingo siguiente, v\u00eda Zoom y antes de ausentarse por completo del ciclo, decidi\u00f3 reaparecer para hablar sobre lo que le estaba sucediendo: \u201cMe quer\u00eda sumar un ratito, no quiero interrumpir la din\u00e1mica del programa que est\u00e1 bastante buena. El domingo pasado me ausent\u00e9 por un d\u00eda, dije \u2018me voy a hacer unos estudios\u2019 y en rigor lo que hemos resuelto es que me voy a tomar unos d\u00edas m\u00e1s\u201d, explicaba.<\/p>\n\n\n\n<p><strong>Roz\u00edn contaba que se iba a tomar una licencia para\u00a0<\/strong><mark><strong>concentrarse en su recuperaci\u00f3n<\/strong><\/mark><strong>.\u00a0<\/strong>\u201cAndo con unos problemas de salud que afortunadamente pintan bien y son arreglables, nada m\u00e1s grave de lo que por suerte pudo ser, pero que requiere hacerme estudios y trabajar en el asunto\u201d, declaraba ante su p\u00fablico fiel que le enviaba c\u00e1lidos mensajes por las redes sociales del programa.<\/p>\n","protected":false},"excerpt":{"rendered":"<p>Desde su entorno, y desde fuentes cercanas a Telefe, aseguran que su estado es muy delicado<\/p>\n","protected":false},"author":2,"featured_media":36593,"comment_status":"open","ping_status":"open","sticky":false,"template":"","format":"standard","meta":{"om_disable_all_campaigns":false,"_monsterinsights_skip_tracking":false,"_monsterinsights_sitenote_active":false,"_monsterinsights_sitenote_note":"","_monsterinsights_sitenote_category":0,"_uf_show_specific_survey":0,"_uf_disable_surveys":false,"jetpack_post_was_ever_published":false,"_jetpack_newsletter_access":"","_jetpack_dont_email_post_to_subs":false,"_jetpack_newsletter_tier_id":0,"_jetpack_memberships_contains_paywalled_content":false,"_jetpack_memberships_contains_paid_content":false,"footnotes":"","jetpack_publicize_message":"","jetpack_publicize_feature_enabled":true,"jetpack_social_post_already_shared":false,"jetpack_social_options":{"image_generator_settings":{"template":"highway","default_image_id":0,"font":"","enabled":false},"version":2}},"categories":[20],"tags":[],"class_list":["post-36592","post","type-post","status-publish","format-standard","has-post-thumbnail","hentry","category-especysociales"],"aioseo_notices":[],"views":11,"jetpack_publicize_connections":[],"jetpack_featured_media_url":"https:\/\/i0.wp.com\/elterritorialweb.com.ar\/web\/wp-content\/uploads\/2022\/03\/rozin.jpg?fit=680%2C510","jetpack_sharing_enabled":true,"_links":{"self":[{"href":"http:\/\/elterritorialweb.com.ar\/web\/wp-json\/wp\/v2\/posts\/36592","targetHints":{"allow":["GET"]}}],"collection":[{"href":"http:\/\/elterritorialweb.com.ar\/web\/wp-json\/wp\/v2\/posts"}],"about":[{"href":"http:\/\/elterritorialweb.com.ar\/web\/wp-json\/wp\/v2\/types\/post"}],"author":[{"embeddable":true,"href":"http:\/\/elterritorialweb.com.ar\/web\/wp-json\/wp\/v2\/users\/2"}],"replies":[{"embeddable":true,"href":"http:\/\/elterritorialweb.com.ar\/web\/wp-json\/wp\/v2\/comments?post=36592"}],"version-history":[{"count":1,"href":"http:\/\/elterritorialweb.com.ar\/web\/wp-json\/wp\/v2\/posts\/36592\/revisions"}],"predecessor-version":[{"id":36596,"href":"http:\/\/elterritorialweb.com.ar\/web\/wp-json\/wp\/v2\/posts\/36592\/revisions\/36596"}],"wp:featuredmedia":[{"embeddable":true,"href":"http:\/\/elterritorialweb.com.ar\/web\/wp-json\/wp\/v2\/media\/36593"}],"wp:attachment":[{"href":"http:\/\/elterritorialweb.com.ar\/web\/wp-json\/wp\/v2\/media?parent=36592"}],"wp:term":[{"taxonomy":"category","embeddable":true,"href":"http:\/\/elterritorialweb.com.ar\/web\/wp-json\/wp\/v2\/categories?post=36592"},{"taxonomy":"post_tag","embeddable":true,"href":"http:\/\/elterritorialweb.com.ar\/web\/wp-json\/wp\/v2\/tags?post=36592"}],"curies":[{"name":"wp","href":"https:\/\/api.w.org\/{rel}","templated":true}]}}