{"id":36600,"date":"2022-03-12T01:31:29","date_gmt":"2022-03-12T01:31:29","guid":{"rendered":"http:\/\/elterritorialweb.com.ar\/web\/?p=36600"},"modified":"2022-03-12T01:32:14","modified_gmt":"2022-03-12T01:32:14","slug":"emprendiendo-suenos-sigue-beneficiando-a-bandenos-emprendedores","status":"publish","type":"post","link":"http:\/\/elterritorialweb.com.ar\/web\/emprendiendo-suenos-sigue-beneficiando-a-bandenos-emprendedores\/","title":{"rendered":"\u00abEMPRENDIENDO SUE\u00d1OS\u00bb SIGUE BENEFICIANDO A BANDE\u00d1OS EMPRENDEDORES"},"content":{"rendered":"\n<p>En esta oportunidad, el beneficiario fue Luis Rub\u00e9n Lazzo, vecino del barrio Avenida, quien ejerce el oficio de herrero, para el que se capacit\u00f3 y trabaja hace ya muchos a\u00f1os. El mismo, recibi\u00f3 una m\u00e1quina soldadora, un taladro, una amoladora, y dem\u00e1s insumos que ayudaran a complementar su trabajo, en el cual realiza portones, techos, estructuras y todo tipo de herrer\u00eda en general. Los interesados en el trabajo que realiza Luis, podr\u00e1n escribirle para pedir presupuesto y temas relacionados al 3854339048.<\/p>\n\n\n\n<figure class=\"wp-block-image size-large\"><a href=\"https:\/\/i0.wp.com\/elterritorialweb.com.ar\/web\/wp-content\/uploads\/2022\/03\/IMG-20220311-WA0015.jpg\"><img data-recalc-dims=\"1\" decoding=\"async\" width=\"640\" height=\"420\" data-src=\"https:\/\/i0.wp.com\/elterritorialweb.com.ar\/web\/wp-content\/uploads\/2022\/03\/IMG-20220311-WA0015.jpg?resize=640%2C420\" alt=\"\" class=\"wp-image-36602 lazyload\" data-srcset=\"https:\/\/i0.wp.com\/elterritorialweb.com.ar\/web\/wp-content\/uploads\/2022\/03\/IMG-20220311-WA0015.jpg?resize=1024%2C672 1024w, https:\/\/i0.wp.com\/elterritorialweb.com.ar\/web\/wp-content\/uploads\/2022\/03\/IMG-20220311-WA0015.jpg?resize=300%2C197 300w, https:\/\/i0.wp.com\/elterritorialweb.com.ar\/web\/wp-content\/uploads\/2022\/03\/IMG-20220311-WA0015.jpg?resize=768%2C504 768w, https:\/\/i0.wp.com\/elterritorialweb.com.ar\/web\/wp-content\/uploads\/2022\/03\/IMG-20220311-WA0015.jpg?w=1087 1087w\" data-sizes=\"(max-width: 640px) 100vw, 640px\" src=\"data:image\/svg+xml;base64,PHN2ZyB3aWR0aD0iMSIgaGVpZ2h0PSIxIiB4bWxucz0iaHR0cDovL3d3dy53My5vcmcvMjAwMC9zdmciPjwvc3ZnPg==\" style=\"--smush-placeholder-width: 640px; --smush-placeholder-aspect-ratio: 640\/420;\" \/><\/a><\/figure>\n\n\n\n<p>Por su parte, Mirolo dijo: \u00abel vecino vio la posibilidad a trav\u00e9s del programa de emprendiendo sue\u00f1os de volver a rehacer su emprendimiento, reforzar ese trabajo que ven\u00eda realizando desde hace ya mucho tiempo\u00bb.<br>Y agreg\u00f3: \u00abComo en este caso en particular, o bien tambi\u00e9n de aquellos que necesitan reforzar su emprendimiento con alguna herramienta o insumo, ven la oportunidad a trav\u00e9s de este programa que tiene un gran trabajo atr\u00e1s, de poder seguir haciendo crecer su negocio y su calidad de vida\u00bb.<br>Por \u00faltimo, Lazzo agradeci\u00f3 al intendente y a la gesti\u00f3n, por ayudarlo con lo que significa mucho para \u00e9l, ya que no le hab\u00edan dejado ninguna de sus herramientas para trabajar despu\u00e9s del robo.<\/p>\n","protected":false},"excerpt":{"rendered":"<p>El intendente de la ciudad de La Banda, Pablo Mirolo realiz\u00f3 la entrega de herramientas de trabajo a un vecino bande\u00f1o, quien anteriormente hab\u00eda sufrido el robo de las suyas y no pod\u00eda adquirir unas nuevas y continuar trabajando.<\/p>\n","protected":false},"author":2,"featured_media":36601,"comment_status":"open","ping_status":"open","sticky":false,"template":"","format":"standard","meta":{"om_disable_all_campaigns":false,"_monsterinsights_skip_tracking":false,"_monsterinsights_sitenote_active":false,"_monsterinsights_sitenote_note":"","_monsterinsights_sitenote_category":0,"_uf_show_specific_survey":0,"_uf_disable_surveys":false,"jetpack_post_was_ever_published":false,"_jetpack_newsletter_access":"","_jetpack_dont_email_post_to_subs":false,"_jetpack_newsletter_tier_id":0,"_jetpack_memberships_contains_paywalled_content":false,"_jetpack_memberships_contains_paid_content":false,"footnotes":"","jetpack_publicize_message":"","jetpack_publicize_feature_enabled":true,"jetpack_social_post_already_shared":false,"jetpack_social_options":{"image_generator_settings":{"template":"highway","default_image_id":0,"font":"","enabled":false},"version":2}},"categories":[21],"tags":[],"class_list":["post-36600","post","type-post","status-publish","format-standard","has-post-thumbnail","hentry","category-locales"],"aioseo_notices":[],"views":8,"jetpack_publicize_connections":[],"jetpack_featured_media_url":"https:\/\/i0.wp.com\/elterritorialweb.com.ar\/web\/wp-content\/uploads\/2022\/03\/IMG-20220311-WA0010.jpg?fit=1087%2C713","jetpack_sharing_enabled":true,"_links":{"self":[{"href":"http:\/\/elterritorialweb.com.ar\/web\/wp-json\/wp\/v2\/posts\/36600","targetHints":{"allow":["GET"]}}],"collection":[{"href":"http:\/\/elterritorialweb.com.ar\/web\/wp-json\/wp\/v2\/posts"}],"about":[{"href":"http:\/\/elterritorialweb.com.ar\/web\/wp-json\/wp\/v2\/types\/post"}],"author":[{"embeddable":true,"href":"http:\/\/elterritorialweb.com.ar\/web\/wp-json\/wp\/v2\/users\/2"}],"replies":[{"embeddable":true,"href":"http:\/\/elterritorialweb.com.ar\/web\/wp-json\/wp\/v2\/comments?post=36600"}],"version-history":[{"count":1,"href":"http:\/\/elterritorialweb.com.ar\/web\/wp-json\/wp\/v2\/posts\/36600\/revisions"}],"predecessor-version":[{"id":36603,"href":"http:\/\/elterritorialweb.com.ar\/web\/wp-json\/wp\/v2\/posts\/36600\/revisions\/36603"}],"wp:featuredmedia":[{"embeddable":true,"href":"http:\/\/elterritorialweb.com.ar\/web\/wp-json\/wp\/v2\/media\/36601"}],"wp:attachment":[{"href":"http:\/\/elterritorialweb.com.ar\/web\/wp-json\/wp\/v2\/media?parent=36600"}],"wp:term":[{"taxonomy":"category","embeddable":true,"href":"http:\/\/elterritorialweb.com.ar\/web\/wp-json\/wp\/v2\/categories?post=36600"},{"taxonomy":"post_tag","embeddable":true,"href":"http:\/\/elterritorialweb.com.ar\/web\/wp-json\/wp\/v2\/tags?post=36600"}],"curies":[{"name":"wp","href":"https:\/\/api.w.org\/{rel}","templated":true}]}}