{"id":36604,"date":"2022-03-12T03:49:24","date_gmt":"2022-03-12T03:49:24","guid":{"rendered":"http:\/\/elterritorialweb.com.ar\/web\/?p=36604"},"modified":"2022-03-12T03:49:34","modified_gmt":"2022-03-12T03:49:34","slug":"la-comuna-bandena-realizo-la-donacion-de-productos-recolectados-en-la-casa-del-bicentenario","status":"publish","type":"post","link":"http:\/\/elterritorialweb.com.ar\/web\/la-comuna-bandena-realizo-la-donacion-de-productos-recolectados-en-la-casa-del-bicentenario\/","title":{"rendered":"LA COMUNA BANDE\u00d1A REALIZ\u00d3 LA DONACI\u00d3N DE PRODUCTOS RECOLECTADOS EN LA CASA DEL BICENTENARIO"},"content":{"rendered":"\n<p>Dicha proyecci\u00f3n, se realiz\u00f3 en dos oportunidades en las instalaciones de mencionada instituci\u00f3n, donde transmitieron pel\u00edculas animadas de estreno, y como entrada, quienes asist\u00edan llevaban un alimento no perecedero, el cual ser\u00eda luego donado para la colaboraci\u00f3n a un comedor local.<br>En esta oportunidad, D\u00e9bora Guadalupe Coria quien tiene un merendero en el barrio Independencia, que recibe a m\u00e1s de 150 personas, entre chicos y sus familias, y el cual funciona con donaciones de vecinos y elaboraci\u00f3n de productos propios, ya que no perciben ayuda de ninguna entidad, recibi\u00f3 la recaudaci\u00f3n para poder ayudar a que ella junto a quienes trabajan para, puedan seguir ayudando a quienes m\u00e1s lo necesitan.<br>Por su parte, la subsecretaria, Stella Mirolo hizo hincapi\u00e9 en el trabajo del personal de la instituci\u00f3n y dijo: \u201cMuy asombrada y contenta por todo el trabajo que est\u00e1n haciendo los chicos de la Casa del Bicentenario, con los proyectos que est\u00e1n trabajando con juntamente con Naci\u00f3n y los objetivos con los fines solidarios que tienen los proyecto. Ver el resultado y la satisfacci\u00f3n que genera en las personas ayudadas, nos enorgullece a todo el municipio\u201d.<br>Asimismo, la directora de la Casa del Bicentenario, Daniela Olivera expres\u00f3: \u201cPara nosotros es un gusto inmenso poder colaborar en estos tiempos tan dif\u00edciles que nos tocan atravesar a todos, siempre con el impulso y acompa\u00f1amiento de nuestro intendente, Pablo Mirolo y de la Subsecretar\u00eda Stella Maris, que siempre est\u00e1n atentos a nuestras iniciativas que impactan directamente en lo que m\u00e1s necesitan y nos enorgullece brindar una mano\u201d.<br>Por \u00faltimo, las autoridades mencionaron la continuidad del proyecto solidario, del cual se informar\u00e1 su pr\u00f3xima realizaci\u00f3n por estos medios.<\/p>\n","protected":false},"excerpt":{"rendered":"<p>La subsecretaria de Educaci\u00f3n y Cultura de la Municipalidad de La Banda, Stella Maris Mirolo realiz\u00f3 la donaci\u00f3n de alimentos no perecederos de la colecta de la proyecci\u00f3n solidaria de pel\u00edculas gratuitas en la Casa del Bicentenario, realizadas en vacaciones.<\/p>\n","protected":false},"author":2,"featured_media":36605,"comment_status":"open","ping_status":"open","sticky":false,"template":"","format":"standard","meta":{"om_disable_all_campaigns":false,"_monsterinsights_skip_tracking":false,"_monsterinsights_sitenote_active":false,"_monsterinsights_sitenote_note":"","_monsterinsights_sitenote_category":0,"_uf_show_specific_survey":0,"_uf_disable_surveys":false,"jetpack_post_was_ever_published":false,"_jetpack_newsletter_access":"","_jetpack_dont_email_post_to_subs":false,"_jetpack_newsletter_tier_id":0,"_jetpack_memberships_contains_paywalled_content":false,"_jetpack_memberships_contains_paid_content":false,"footnotes":"","jetpack_publicize_message":"","jetpack_publicize_feature_enabled":true,"jetpack_social_post_already_shared":false,"jetpack_social_options":{"image_generator_settings":{"template":"highway","default_image_id":0,"font":"","enabled":false},"version":2}},"categories":[21],"tags":[],"class_list":["post-36604","post","type-post","status-publish","format-standard","has-post-thumbnail","hentry","category-locales"],"aioseo_notices":[],"views":11,"jetpack_publicize_connections":[],"jetpack_featured_media_url":"https:\/\/i0.wp.com\/elterritorialweb.com.ar\/web\/wp-content\/uploads\/2022\/03\/IMG-20220311-WA0013.jpg?fit=1087%2C713","jetpack_sharing_enabled":true,"_links":{"self":[{"href":"http:\/\/elterritorialweb.com.ar\/web\/wp-json\/wp\/v2\/posts\/36604","targetHints":{"allow":["GET"]}}],"collection":[{"href":"http:\/\/elterritorialweb.com.ar\/web\/wp-json\/wp\/v2\/posts"}],"about":[{"href":"http:\/\/elterritorialweb.com.ar\/web\/wp-json\/wp\/v2\/types\/post"}],"author":[{"embeddable":true,"href":"http:\/\/elterritorialweb.com.ar\/web\/wp-json\/wp\/v2\/users\/2"}],"replies":[{"embeddable":true,"href":"http:\/\/elterritorialweb.com.ar\/web\/wp-json\/wp\/v2\/comments?post=36604"}],"version-history":[{"count":1,"href":"http:\/\/elterritorialweb.com.ar\/web\/wp-json\/wp\/v2\/posts\/36604\/revisions"}],"predecessor-version":[{"id":36606,"href":"http:\/\/elterritorialweb.com.ar\/web\/wp-json\/wp\/v2\/posts\/36604\/revisions\/36606"}],"wp:featuredmedia":[{"embeddable":true,"href":"http:\/\/elterritorialweb.com.ar\/web\/wp-json\/wp\/v2\/media\/36605"}],"wp:attachment":[{"href":"http:\/\/elterritorialweb.com.ar\/web\/wp-json\/wp\/v2\/media?parent=36604"}],"wp:term":[{"taxonomy":"category","embeddable":true,"href":"http:\/\/elterritorialweb.com.ar\/web\/wp-json\/wp\/v2\/categories?post=36604"},{"taxonomy":"post_tag","embeddable":true,"href":"http:\/\/elterritorialweb.com.ar\/web\/wp-json\/wp\/v2\/tags?post=36604"}],"curies":[{"name":"wp","href":"https:\/\/api.w.org\/{rel}","templated":true}]}}