{"id":36609,"date":"2022-03-12T05:22:04","date_gmt":"2022-03-12T05:22:04","guid":{"rendered":"http:\/\/elterritorialweb.com.ar\/web\/?p=36609"},"modified":"2022-03-12T05:24:20","modified_gmt":"2022-03-12T05:24:20","slug":"zamora-y-los-gobernadores-de-buscan-inversiones-para-conectar-sus-pasos-fronterizos-y-facilitar-la-comercializacion","status":"publish","type":"post","link":"http:\/\/elterritorialweb.com.ar\/web\/zamora-y-los-gobernadores-de-buscan-inversiones-para-conectar-sus-pasos-fronterizos-y-facilitar-la-comercializacion\/","title":{"rendered":"ZAMORA Y LOS GOBERNADORES BUSCAN INVERSIONES PARA CONECTAR SUS PASOS FRONTERIZOS Y FACILITAR LA COMERCIALIZACION"},"content":{"rendered":"\n<p>Los gobernadores de Santiago del Estero, Gerardo Zamora, de La Rioja, Ricardo Quintela, de Catamarca, Ra\u00fal Jalil, y del Chaco, Jorge Capitanich, junto al ministro de Desarrollo Econ\u00f3mico y Producci\u00f3n de Jujuy, Exequiel Lello, el Secretario de Planificaci\u00f3n de Corrientes, C\u00e9sar Bentos, el diputado provincial por Misiones, Lucas Romero, el embajador argentino en Emiratos \u00c1rabes Unidos, Agust\u00edn Molina y el Secretario General del Consejo Federal de Inversiones (CFI), Ignacio Lamothe, se reunieron hoy con las autoridades de DP World, que posee la zona franca del puerto de Dubai, (Jafza), para entablar v\u00ednculos para conectar sus pasos fronterizos y facilitar la comercializaci\u00f3n a nivel mundial.<\/p>\n\n\n\n<figure class=\"wp-block-image size-full\"><a href=\"https:\/\/i0.wp.com\/elterritorialweb.com.ar\/web\/wp-content\/uploads\/2022\/03\/FB_IMG_1647057646246.jpg\"><img data-recalc-dims=\"1\" decoding=\"async\" width=\"640\" height=\"690\" data-src=\"https:\/\/i0.wp.com\/elterritorialweb.com.ar\/web\/wp-content\/uploads\/2022\/03\/FB_IMG_1647057646246.jpg?resize=640%2C690\" alt=\"\" class=\"wp-image-36611 lazyload\" data-srcset=\"https:\/\/i0.wp.com\/elterritorialweb.com.ar\/web\/wp-content\/uploads\/2022\/03\/FB_IMG_1647057646246.jpg?w=720 720w, https:\/\/i0.wp.com\/elterritorialweb.com.ar\/web\/wp-content\/uploads\/2022\/03\/FB_IMG_1647057646246.jpg?resize=278%2C300 278w\" data-sizes=\"(max-width: 640px) 100vw, 640px\" src=\"data:image\/svg+xml;base64,PHN2ZyB3aWR0aD0iMSIgaGVpZ2h0PSIxIiB4bWxucz0iaHR0cDovL3d3dy53My5vcmcvMjAwMC9zdmciPjwvc3ZnPg==\" style=\"--smush-placeholder-width: 640px; --smush-placeholder-aspect-ratio: 640\/690;\" \/><\/a><\/figure>\n\n\n\n<p>En ese sentido, los gobernadores expusieron el inter\u00e9s de la regi\u00f3n en potenciar el Corredor Bioce\u00e1nico a trav\u00e9s de sus distintos pasos, la importancia estrat\u00e9gica de este proceso para incrementar los flujos comerciales y la necesidad de contar con un volumen de inversiones acorde a la magnitud del proyecto.<\/p>\n\n\n\n<p>El gobernador del Chaco plante\u00f3 la necesidad de trabajar con el gobierno federal una estrategia de zona franca del norte grande donde est\u00e9n integrados de manera multimodal los puertos fluviales, mar\u00edtimos, el transporte de carga automotor, autovial, mar\u00edtimo, ferroviario, para operar grandes vol\u00famenes para la regi\u00f3n. \u201cNosotros estamos trabajando con el CFI en un estudio para poder trabajar como norte grande este corredor bioce\u00e1nico. Para nosotros es una oportunidad \u00fanica porque cuando el precio del petr\u00f3leo aumenta, tambi\u00e9n aumenta el valor de los alimentos que nosotros producimos y contar con esta integraci\u00f3n de corredor nos permitir\u00e1 crecer, desarrollarnos y generar empleos genuinos al poder exportarlos a esta zona.\u201d<\/p>\n\n\n\n<p>El gobernador de Santiago del Estero, y presidente pro t\u00e9mpore del Consejo Regional del Norte Grande, Gerardo Zamora agradeci\u00f3 la reuni\u00f3n y destac\u00f3 la importancia de la misma por la magnitud de las operaciones que representa DP World. \u201cEstamos muy agradecidos por su recibimiento y coincidimos en la centralidad que tiene la log\u00edstica a la hora de encarar este desaf\u00edo. \u201c resaltando la experiencia de DP World en este sentido.<\/p>\n\n\n\n<figure class=\"wp-block-image size-full\"><a href=\"https:\/\/i0.wp.com\/elterritorialweb.com.ar\/web\/wp-content\/uploads\/2022\/03\/FB_IMG_1647057643528.jpg\"><img data-recalc-dims=\"1\" decoding=\"async\" width=\"496\" height=\"256\" data-src=\"https:\/\/i0.wp.com\/elterritorialweb.com.ar\/web\/wp-content\/uploads\/2022\/03\/FB_IMG_1647057643528.jpg?resize=496%2C256\" alt=\"\" class=\"wp-image-36612 lazyload\" data-srcset=\"https:\/\/i0.wp.com\/elterritorialweb.com.ar\/web\/wp-content\/uploads\/2022\/03\/FB_IMG_1647057643528.jpg?w=496 496w, https:\/\/i0.wp.com\/elterritorialweb.com.ar\/web\/wp-content\/uploads\/2022\/03\/FB_IMG_1647057643528.jpg?resize=300%2C155 300w\" data-sizes=\"(max-width: 496px) 100vw, 496px\" src=\"data:image\/svg+xml;base64,PHN2ZyB3aWR0aD0iMSIgaGVpZ2h0PSIxIiB4bWxucz0iaHR0cDovL3d3dy53My5vcmcvMjAwMC9zdmciPjwvc3ZnPg==\" style=\"--smush-placeholder-width: 496px; --smush-placeholder-aspect-ratio: 496\/256;\" \/><\/a><\/figure>\n\n\n\n<p>Por su parte, las autoridades de DP World se mostraron muy interesadas en nuestro pa\u00eds y se\u00f1alaron que quieren conocer las oportunidades de inversi\u00f3n de Argentina para poder conocer c\u00f3mo funciona el pa\u00eds y ofrecer soluciones para controlar y mejorar sus puntos bajos por medio de tecnolog\u00eda, eficiencia y apertura de nuevos mercados.<\/p>\n\n\n\n<p>DP World posee la zona franca del puerto de Dubai, (Jafza). Es el puerto m\u00e1s grande de la regi\u00f3n, es la puerta de entrada a Medio Oriente, India y \u00c1frica, con 26 centros, m\u00e1s de 100 socios y m\u00e1s de 160 beneficios en todo el mundo.<\/p>\n","protected":false},"excerpt":{"rendered":"<p>La comitiva de gobernadores del Norte Grande, encabezado por el mandatario provincial Gerarsobbsos que se encuentran en Dubai<\/p>\n","protected":false},"author":2,"featured_media":36610,"comment_status":"open","ping_status":"open","sticky":false,"template":"","format":"standard","meta":{"om_disable_all_campaigns":false,"_monsterinsights_skip_tracking":false,"_monsterinsights_sitenote_active":false,"_monsterinsights_sitenote_note":"","_monsterinsights_sitenote_category":0,"_uf_show_specific_survey":0,"_uf_disable_surveys":false,"jetpack_post_was_ever_published":false,"_jetpack_newsletter_access":"","_jetpack_dont_email_post_to_subs":false,"_jetpack_newsletter_tier_id":0,"_jetpack_memberships_contains_paywalled_content":false,"_jetpack_memberships_contains_paid_content":false,"footnotes":"","jetpack_publicize_message":"","jetpack_publicize_feature_enabled":true,"jetpack_social_post_already_shared":false,"jetpack_social_options":{"image_generator_settings":{"template":"highway","default_image_id":0,"font":"","enabled":false},"version":2}},"categories":[21],"tags":[],"class_list":["post-36609","post","type-post","status-publish","format-standard","has-post-thumbnail","hentry","category-locales"],"aioseo_notices":[],"views":10,"jetpack_publicize_connections":[],"jetpack_featured_media_url":"https:\/\/i0.wp.com\/elterritorialweb.com.ar\/web\/wp-content\/uploads\/2022\/03\/FB_IMG_1647057641217.jpg?fit=720%2C540","jetpack_sharing_enabled":true,"_links":{"self":[{"href":"http:\/\/elterritorialweb.com.ar\/web\/wp-json\/wp\/v2\/posts\/36609","targetHints":{"allow":["GET"]}}],"collection":[{"href":"http:\/\/elterritorialweb.com.ar\/web\/wp-json\/wp\/v2\/posts"}],"about":[{"href":"http:\/\/elterritorialweb.com.ar\/web\/wp-json\/wp\/v2\/types\/post"}],"author":[{"embeddable":true,"href":"http:\/\/elterritorialweb.com.ar\/web\/wp-json\/wp\/v2\/users\/2"}],"replies":[{"embeddable":true,"href":"http:\/\/elterritorialweb.com.ar\/web\/wp-json\/wp\/v2\/comments?post=36609"}],"version-history":[{"count":2,"href":"http:\/\/elterritorialweb.com.ar\/web\/wp-json\/wp\/v2\/posts\/36609\/revisions"}],"predecessor-version":[{"id":36614,"href":"http:\/\/elterritorialweb.com.ar\/web\/wp-json\/wp\/v2\/posts\/36609\/revisions\/36614"}],"wp:featuredmedia":[{"embeddable":true,"href":"http:\/\/elterritorialweb.com.ar\/web\/wp-json\/wp\/v2\/media\/36610"}],"wp:attachment":[{"href":"http:\/\/elterritorialweb.com.ar\/web\/wp-json\/wp\/v2\/media?parent=36609"}],"wp:term":[{"taxonomy":"category","embeddable":true,"href":"http:\/\/elterritorialweb.com.ar\/web\/wp-json\/wp\/v2\/categories?post=36609"},{"taxonomy":"post_tag","embeddable":true,"href":"http:\/\/elterritorialweb.com.ar\/web\/wp-json\/wp\/v2\/tags?post=36609"}],"curies":[{"name":"wp","href":"https:\/\/api.w.org\/{rel}","templated":true}]}}