{"id":36619,"date":"2022-03-12T13:25:44","date_gmt":"2022-03-12T13:25:44","guid":{"rendered":"http:\/\/elterritorialweb.com.ar\/web\/?p=36619"},"modified":"2022-03-12T13:25:45","modified_gmt":"2022-03-12T13:25:45","slug":"se-presento-la-ciudad-corre-en-el-marco-del-469-aniversario-de-la-madre-de-ciudades","status":"publish","type":"post","link":"http:\/\/elterritorialweb.com.ar\/web\/se-presento-la-ciudad-corre-en-el-marco-del-469-aniversario-de-la-madre-de-ciudades\/","title":{"rendered":"SE PRESENT\u00d3 \u00abLA CIUDAD CORRE\u00bb EN EL MARCO DEL 469\u00b0 ANIVERSARIO DE LA MADRE DE CIUDADES"},"content":{"rendered":"\n<p>La presentaci\u00f3n, realizada en el Sal\u00f3n de Acuerdos del palacio municipal, estuvo a cargo de la intendente de la Capital, Ing. Norma Fuentes; el subsecretario de Turismo de la Provincia, Nelson Bravo y el titular de la franquicia de McDonald&#8217;s en Santiago del Estero, Carlos Yubrin; acompa\u00f1ados por el coordinador general de la Secretar\u00eda de Deportes de la Provincia, Guillermo R\u00edos y el director de UltraEventos SDE, Federico Vittar; entre otros funcionarios.<br>La competencia, organizada por UltraEventos SDE, se disputar\u00e1 el domingo 3 de julio y contar\u00e1 con dos tramos, de 21 y 10 kil\u00f3metros respectivamente. En ella, se recorrer\u00e1n sitios emblem\u00e1ticos de la ciudad, como la Costanera, el Estadio \u00danico, la Terminal de \u00d3mnibus, el F\u00f3rum, la Casa de Gobierno, la Municipalidad, el Centro Cultural, la Plaza Libertad, el Complejo Juan Felipe Ibarra, el natatorio Madre de Ciudades y el paseo Diego Maradona, entre otros.<br>\u00abEsta importante competencia de car\u00e1cter internacional es el resultado de una alianza estrat\u00e9gica entre el Estado y el sector privado, potenciando el deporte y el turismo como pol\u00edticas p\u00fablicas\u00bb, indic\u00f3 la Ing. Fuentes.<br>\u00abA trav\u00e9s de su recorrido, los atletas que vengan de otras provincias y de otros pa\u00edses, podr\u00e1n conocer los puntos m\u00e1s atractivos de nuestra ciudad, posicion\u00e1ndola como un destino tur\u00edstico destacado del norte argentino\u00bb, agreg\u00f3 la jefa comunal.<br>Por su parte, Bravo destac\u00f3 la importancia \u00abde recuperar la realizaci\u00f3n de eventos deportivos y sociales que fueron interrumpidos por la pandemia, conjugando el deporte y el turismo como ejes del desarrollo de la provincia, con el acompa\u00f1amiento de una empresa tan reconocida a nivel mundial como McDonald&#8217;s\u00bb.<br>A su turno, Yubrin mostr\u00f3 su satisfacci\u00f3n por poder participar de las celebraciones del mes aniversario de la ciudad, \u00abya que la empresa tiene una responsabilidad muy grande con la comunidad y, despu\u00e9s de dos a\u00f1os de encierro e incertidumbre, poder realizar un evento de esta magnitud es muy gratificante\u00bb.<br>En tanto, R\u00edos remarc\u00f3 el crecimiento exponencial del atletismo en la provincia y resalt\u00f3 \u00abla trascendencia de este evento en el que deportistas locales y de todas partes del mundo podr\u00e1n demostrar sus rendimientos y capacidades\u00bb.<br>Finalmente, Vittar se\u00f1al\u00f3 que la competencia \u00abtambi\u00e9n contar\u00e1 con una fan fest en la zona de largada, donde los corredores podr\u00e1n compartir un momento de distracci\u00f3n con shows en vivo, sorteos de premios y otras actividades\u00bb.<br>Las inscripciones se habilitar\u00e1n el 1 de abril a trav\u00e9s de la p\u00e1gina web de UltraEventos SDE. Se premiar\u00e1n los 3 primeros puestos masculinos y femeninos en la general, con una importante suma de dinero. Y en cuanto a las categor\u00edas, las mismas se premiar\u00e1n con trofeos (cada 5 a\u00f1os de edad).<\/p>\n","protected":false},"excerpt":{"rendered":"<p>En el marco de las actividades programadas para celebrar el 469\u00ba aniversario de la ciudad, se anunci\u00f3 oficialmente la realizaci\u00f3n de la marat\u00f3n \u00abLa Ciudad Corre\u00bb.<\/p>\n","protected":false},"author":2,"featured_media":36620,"comment_status":"open","ping_status":"open","sticky":false,"template":"","format":"standard","meta":{"om_disable_all_campaigns":false,"_monsterinsights_skip_tracking":false,"_monsterinsights_sitenote_active":false,"_monsterinsights_sitenote_note":"","_monsterinsights_sitenote_category":0,"_uf_show_specific_survey":0,"_uf_disable_surveys":false,"jetpack_post_was_ever_published":false,"_jetpack_newsletter_access":"","_jetpack_dont_email_post_to_subs":false,"_jetpack_newsletter_tier_id":0,"_jetpack_memberships_contains_paywalled_content":false,"_jetpack_memberships_contains_paid_content":false,"footnotes":"","jetpack_publicize_message":"","jetpack_publicize_feature_enabled":true,"jetpack_social_post_already_shared":false,"jetpack_social_options":{"image_generator_settings":{"template":"highway","default_image_id":0,"font":"","enabled":false},"version":2}},"categories":[21],"tags":[],"class_list":["post-36619","post","type-post","status-publish","format-standard","has-post-thumbnail","hentry","category-locales"],"aioseo_notices":[],"views":7,"jetpack_publicize_connections":[],"jetpack_featured_media_url":"https:\/\/i0.wp.com\/elterritorialweb.com.ar\/web\/wp-content\/uploads\/2022\/03\/presentacion-ciudad-corre.jpeg?fit=1600%2C1067","jetpack_sharing_enabled":true,"_links":{"self":[{"href":"http:\/\/elterritorialweb.com.ar\/web\/wp-json\/wp\/v2\/posts\/36619","targetHints":{"allow":["GET"]}}],"collection":[{"href":"http:\/\/elterritorialweb.com.ar\/web\/wp-json\/wp\/v2\/posts"}],"about":[{"href":"http:\/\/elterritorialweb.com.ar\/web\/wp-json\/wp\/v2\/types\/post"}],"author":[{"embeddable":true,"href":"http:\/\/elterritorialweb.com.ar\/web\/wp-json\/wp\/v2\/users\/2"}],"replies":[{"embeddable":true,"href":"http:\/\/elterritorialweb.com.ar\/web\/wp-json\/wp\/v2\/comments?post=36619"}],"version-history":[{"count":1,"href":"http:\/\/elterritorialweb.com.ar\/web\/wp-json\/wp\/v2\/posts\/36619\/revisions"}],"predecessor-version":[{"id":36621,"href":"http:\/\/elterritorialweb.com.ar\/web\/wp-json\/wp\/v2\/posts\/36619\/revisions\/36621"}],"wp:featuredmedia":[{"embeddable":true,"href":"http:\/\/elterritorialweb.com.ar\/web\/wp-json\/wp\/v2\/media\/36620"}],"wp:attachment":[{"href":"http:\/\/elterritorialweb.com.ar\/web\/wp-json\/wp\/v2\/media?parent=36619"}],"wp:term":[{"taxonomy":"category","embeddable":true,"href":"http:\/\/elterritorialweb.com.ar\/web\/wp-json\/wp\/v2\/categories?post=36619"},{"taxonomy":"post_tag","embeddable":true,"href":"http:\/\/elterritorialweb.com.ar\/web\/wp-json\/wp\/v2\/tags?post=36619"}],"curies":[{"name":"wp","href":"https:\/\/api.w.org\/{rel}","templated":true}]}}