{"id":36627,"date":"2022-03-12T14:31:32","date_gmt":"2022-03-12T14:31:32","guid":{"rendered":"http:\/\/elterritorialweb.com.ar\/web\/?p=36627"},"modified":"2022-03-12T14:31:33","modified_gmt":"2022-03-12T14:31:33","slug":"fuentes-inauguro-la-nueva-iluminacion-led-de-un-importante-corredor-vial-en-el-barrio-cabildo","status":"publish","type":"post","link":"http:\/\/elterritorialweb.com.ar\/web\/fuentes-inauguro-la-nueva-iluminacion-led-de-un-importante-corredor-vial-en-el-barrio-cabildo\/","title":{"rendered":"FUENTES INAUGUR\u00d3 LA NUEVA ILUMINACI\u00d3N LED DE UN IMPORTANTE CORREDOR VIAL EN EL BARRIO CABILDO"},"content":{"rendered":"\n<p>Junto al presidente del Concejo Deliberante, Humberto Santill\u00e1n y funcionarios del gabinete municipal habilit\u00f3 el renovado servicio en las arterias que se unen de manera directa a las Avenidas Sol\u00eds, Belgrano e Independencia.<br>Tras el encendido de las luces, la Intendente convers\u00f3 con los vecinos, a los que manifest\u00f3: \u201cCon mucha satisfacci\u00f3n estamos habilitando la refuncionalizaci\u00f3n y reconversi\u00f3n led de estas calles sumado a otras arterias que ya hab\u00edamos intervenido, en total con cerca de 500 l\u00e1mparas Led y le da importancia a la calle Juncal que se ha convertido en un importante sector comercial \u201d.<br>Resalt\u00f3 adem\u00e1s la importancia de la presencia de las entidades vecinales y de los propios vecinos que siempre est\u00e1n buscando mejorar el sector.<br>Dijo asimismo, que la iluminaci\u00f3n forma parte de un importante plan de obras que han sido licitadas oportunamente y que est\u00e1n en proceso de inicio algunas y otras en proces de ejecuci\u00f3n, como la calle Su\u00e1rez. Adem\u00e1s destac\u00f3, la adquisici\u00f3n de l\u00e1mparas por administraci\u00f3n del municipio, que facilita la instalaci\u00f3n de columnas cuando \u00e9stas se encuentran en buen estado y permiten la incorporaci\u00f3n de las nuevas luminarias.<br>\u201cEs un plan ambicioso que tenemos y la reconversi\u00f3n tiene que ver mucho con la pol\u00edtica ambiental que impulsamos desde el Municipio\u201d, subray\u00f3.<br>Del evento, formaron parte integrantes del Centro de Jubilados del barrio Cabildo y de Jubilados Docentes Privados.<br>Luego el Ing. Jorge Bitar de la Asociaci\u00f3n \u201cSaludable y Segura\u201d del barrio agradeci\u00f3 a la Intendente por las obras de iluminaci\u00f3n \u201cporque es un verdadero aporte que mejora la calidad de vida de los vecinos\u201d.<br>A la vez que resalt\u00f3 la predisposici\u00f3n de la Ing. Fuentes para escuchar las ideas y proyectos presentados por los vecinos y las diferentes entidades en cada oportunidad que visitaron el municipio.<br>Esta refuncionalizaci\u00f3n se suma a la ya realizada en ese sector, en las calles Hernandarias, Jos\u00e9 de Achaval y San Germ\u00e9s.<\/p>\n","protected":false},"excerpt":{"rendered":"<p>La Intendente de la Capital, Ing. Norma Fuentes, acompa\u00f1ada por vecinos del barrio Cabildo, dej\u00f3 inaugurada la obra de refuncionalizaci\u00f3n del alumbrado p\u00fablico con la instalaci\u00f3n de luces Led de bajo consumo en el corredor vial comprendido por las calles Juncal, Castiglione y Solano Paz.<\/p>\n","protected":false},"author":2,"featured_media":36623,"comment_status":"open","ping_status":"open","sticky":false,"template":"","format":"standard","meta":{"om_disable_all_campaigns":false,"_monsterinsights_skip_tracking":false,"_monsterinsights_sitenote_active":false,"_monsterinsights_sitenote_note":"","_monsterinsights_sitenote_category":0,"_uf_show_specific_survey":0,"_uf_disable_surveys":false,"jetpack_post_was_ever_published":false,"_jetpack_newsletter_access":"","_jetpack_dont_email_post_to_subs":false,"_jetpack_newsletter_tier_id":0,"_jetpack_memberships_contains_paywalled_content":false,"_jetpack_memberships_contains_paid_content":false,"footnotes":"","jetpack_publicize_message":"","jetpack_publicize_feature_enabled":true,"jetpack_social_post_already_shared":false,"jetpack_social_options":{"image_generator_settings":{"template":"highway","default_image_id":0,"font":"","enabled":false},"version":2}},"categories":[21],"tags":[],"class_list":["post-36627","post","type-post","status-publish","format-standard","has-post-thumbnail","hentry","category-locales"],"aioseo_notices":[],"views":6,"jetpack_publicize_connections":[],"jetpack_featured_media_url":"https:\/\/i0.wp.com\/elterritorialweb.com.ar\/web\/wp-content\/uploads\/2022\/03\/fuentes-iluminacion-cabildo.jpeg?fit=1280%2C795","jetpack_sharing_enabled":true,"_links":{"self":[{"href":"http:\/\/elterritorialweb.com.ar\/web\/wp-json\/wp\/v2\/posts\/36627","targetHints":{"allow":["GET"]}}],"collection":[{"href":"http:\/\/elterritorialweb.com.ar\/web\/wp-json\/wp\/v2\/posts"}],"about":[{"href":"http:\/\/elterritorialweb.com.ar\/web\/wp-json\/wp\/v2\/types\/post"}],"author":[{"embeddable":true,"href":"http:\/\/elterritorialweb.com.ar\/web\/wp-json\/wp\/v2\/users\/2"}],"replies":[{"embeddable":true,"href":"http:\/\/elterritorialweb.com.ar\/web\/wp-json\/wp\/v2\/comments?post=36627"}],"version-history":[{"count":1,"href":"http:\/\/elterritorialweb.com.ar\/web\/wp-json\/wp\/v2\/posts\/36627\/revisions"}],"predecessor-version":[{"id":36628,"href":"http:\/\/elterritorialweb.com.ar\/web\/wp-json\/wp\/v2\/posts\/36627\/revisions\/36628"}],"wp:featuredmedia":[{"embeddable":true,"href":"http:\/\/elterritorialweb.com.ar\/web\/wp-json\/wp\/v2\/media\/36623"}],"wp:attachment":[{"href":"http:\/\/elterritorialweb.com.ar\/web\/wp-json\/wp\/v2\/media?parent=36627"}],"wp:term":[{"taxonomy":"category","embeddable":true,"href":"http:\/\/elterritorialweb.com.ar\/web\/wp-json\/wp\/v2\/categories?post=36627"},{"taxonomy":"post_tag","embeddable":true,"href":"http:\/\/elterritorialweb.com.ar\/web\/wp-json\/wp\/v2\/tags?post=36627"}],"curies":[{"name":"wp","href":"https:\/\/api.w.org\/{rel}","templated":true}]}}