{"id":36629,"date":"2022-03-12T14:43:33","date_gmt":"2022-03-12T14:43:33","guid":{"rendered":"http:\/\/elterritorialweb.com.ar\/web\/?p=36629"},"modified":"2022-03-12T14:43:34","modified_gmt":"2022-03-12T14:43:34","slug":"a-los-51-anos-murio-gerardo-rozin-periodista-productor-y-conductor-televisivo","status":"publish","type":"post","link":"http:\/\/elterritorialweb.com.ar\/web\/a-los-51-anos-murio-gerardo-rozin-periodista-productor-y-conductor-televisivo\/","title":{"rendered":"A LOS 51 A\u00d1OS, MURI\u00d3 GERARDO ROZIN PERIODISTA, PRODUCTOR Y CONDUCTOR TELEVISIVO"},"content":{"rendered":"\n<p><strong>El periodista, productor y conductor televisivo Gerardo Roz\u00edn<\/strong>, due\u00f1o de un personal estilo que alcanz\u00f3 popularidad en la pantalla de Telefe con ciclos como \u00abMorfi, todos a la mesa\u00bb y \u00abLa Pe\u00f1a de Morfi\u00bb, desde donde recuper\u00f3 la m\u00fasica popular tocada en vivo en la TV abierta,&nbsp;<strong>muri\u00f3 ese viernes en Buenos Aires a los 51 a\u00f1os<\/strong>.<\/p>\n\n\n\n<p><strong>El rosarino falleci\u00f3 a causa de un tumor cerebral<\/strong>&nbsp;que lo aquejaba y que en los \u00faltimos d\u00edas hizo que Telefe, el canal donde trabajaba, difundiera un comunicado refiriendo a su \u00abdelicado\u00bb estado de salud y pospusiera el estreno de la s\u00e9ptima temporada de \u00abLa Pe\u00f1a de Morfi\u00bb que iba a comenzar el pr\u00f3ximo domingo.<\/p>\n\n\n\n<p>Allegados al comunicador\u00a0<strong>nacido el 18 de junio de 1970<\/strong>, que\u00a0<strong>se form\u00f3 en el Canal 3<\/strong>\u00a0de esa ciudad santafesina\u00a0<strong>y en la redacci\u00f3n de Rosario\/12<\/strong>\u00a0y que<strong>\u00a0salt\u00f3 a la pantalla nacional como productor de \u00abS\u00e1bado Bus\u00bb<\/strong>, el magazine nocturno comandado por Nicol\u00e1s Repetto, confirmaron a T\u00e9lam que su familia lo acompa\u00f1\u00f3 estos \u00faltimos d\u00edas en su casa.<\/p>\n\n\n\n<p>La muerte de Roz\u00edn impact\u00f3 de inmediato en las redes sociales, donde se sucedieron los mensajes de despedida de artistas, m\u00fasicos, compa\u00f1eros de trabajo y personalidades de todos los \u00e1mbitos,<\/p>\n\n\n\n<p>El presidente Alberto Fernpandez expres\u00f3 en Twitter su pesar por el fallecimiento y reconoci\u00f3 a Roz\u00edn como un \u00abinmenso profesional\u00bb,<\/p>\n\n\n\n<figure class=\"wp-block-embed is-type-rich is-provider-twitter wp-block-embed-twitter\"><div class=\"wp-block-embed__wrapper\">\n<blockquote class=\"twitter-tweet\" data-width=\"550\" data-dnt=\"true\"><p lang=\"es\" dir=\"ltr\">Profundo pesar por la temprana partida del periodista y conductor, Gerardo Roz\u00edn. Un inmenso profesional, querido por todo aquel que tuvo la dicha de conocerlo.<br><br>Abrazo a sus seres queridos y familiares en este momento dif\u00edcil. <a href=\"https:\/\/t.co\/rkIlm91iuK\">pic.twitter.com\/rkIlm91iuK<\/a><\/p>&mdash; Alberto Fern\u00e1ndez (@alferdez) <a href=\"https:\/\/twitter.com\/alferdez\/status\/1502477056185028610?ref_src=twsrc%5Etfw\">March 12, 2022<\/a><\/blockquote><script async src=\"https:\/\/platform.twitter.com\/widgets.js\" charset=\"utf-8\"><\/script>\n<\/div><\/figure>\n\n\n\n<p>A lo largo de su trayectoria, el comunicador tambi\u00e9n&nbsp;<strong>condujo \u00abTres poderes, \u00abEsta noche libros\u00bb, \u00abGracias por venir\u00bb y \u00abMorfi, todos a la mesa\u00bb<\/strong>, fue&nbsp;<strong>productor de \u00abHora clave\u00bb, \u00abGeorgina y vos\u00bb, \u00abMa\u00f1aneras\u00bb, \u00abEs por ah\u00ed\u00bb<\/strong>&nbsp;y se desempe\u00f1\u00f3 como&nbsp;<strong>gerente de programaci\u00f3n de Azul TV<\/strong>&nbsp;(una de las tantas denominaciones legadas al canal de Alejandro Romay hoy llamado El Nueve).<\/p>\n\n\n\n<p>Pero sin dudas fue en \u00abMorfi, todos a la mesa\u00bb y \u00abLa Pe\u00f1a de Morfi\u00bb, sus dos \u00faltimos env\u00edos que se emitieron por Telefe, donde Roz\u00edn configur\u00f3 acabadamente su perfil como\u00a0<strong>animador jovial, entrevistador c\u00e1lido y enorme difusor de la m\u00fasica popular argentina<\/strong>\u00a0a la que le dio un espacio en vivo que se le sigue retaceando.<\/p>\n\n\n\n<p>En marzo de 2017 al filo de iniciar la tercera temporada de \u00abMorfi\u2026\u00bb, su creador le dijo a T\u00e9lam que la apuesta era \u00abreforzar lo que lo construido para afirmarse como el show de la ma\u00f1ana en televisi\u00f3n\u00bb.<\/p>\n\n\n\n<p>\u00abB\u00e1sicamente lo que queremos es m\u00e1s de lo mismo pero m\u00e1s lindo: nos llev\u00f3 un tiempo acomodarnos al cambio de horario e incorporar periodismo sin perder el humor ni las recetas\u00bb, dijo.<\/p>\n\n\n\n<figure class=\"wp-block-image size-full is-resized\"><a href=\"https:\/\/i0.wp.com\/elterritorialweb.com.ar\/web\/wp-content\/uploads\/2022\/03\/images-2.jpeg\"><img data-recalc-dims=\"1\" decoding=\"async\" data-src=\"https:\/\/i0.wp.com\/elterritorialweb.com.ar\/web\/wp-content\/uploads\/2022\/03\/images-2.jpeg?resize=403%2C212\" alt=\"\" class=\"wp-image-36631 lazyload\" width=\"403\" height=\"212\" data-srcset=\"https:\/\/i0.wp.com\/elterritorialweb.com.ar\/web\/wp-content\/uploads\/2022\/03\/images-2.jpeg?w=310 310w, https:\/\/i0.wp.com\/elterritorialweb.com.ar\/web\/wp-content\/uploads\/2022\/03\/images-2.jpeg?resize=300%2C158 300w\" data-sizes=\"(max-width: 403px) 100vw, 403px\" src=\"data:image\/svg+xml;base64,PHN2ZyB3aWR0aD0iMSIgaGVpZ2h0PSIxIiB4bWxucz0iaHR0cDovL3d3dy53My5vcmcvMjAwMC9zdmciPjwvc3ZnPg==\" style=\"--smush-placeholder-width: 403px; --smush-placeholder-aspect-ratio: 403\/212;\" \/><\/a><\/figure>\n\n\n\n<p>En ese reportaje Roz\u00edn explic\u00f3 el impacto emocional de sus entrevistas indicado que&nbsp;<strong>\u00absoy curioso de verdad y trabajo cada reportaje como si fuera el primero que hago. Para cada charla me pongo un objetivo y salgo a buscar un tono o un tema para divertirme o una confesi\u00f3n\u00bb.<\/strong><\/p>\n\n\n\n<p>Un a\u00f1o y medio despu\u00e9s, al analizar la buena audiencia lograda con los recitales de m\u00fasica en vivo en \u00abLa Pe\u00f1a de Morfi\u00bb, Roz\u00edn se\u00f1al\u00f3 a esta agencia: \u00abQue hubiera m\u00fasica en vivo fue un l\u00edo para todo el mundo pero termin\u00f3 siendo muy bueno para los m\u00fasicos y para la gente del canal implic\u00f3 mostrar que se puede montar un show con un buen sonido. En definitiva fue muy motivador para todos\u00bb.<\/p>\n\n\n\n<p>Sobre el esp\u00edritu de ese espacio configurado como un gran escenario musical, a\u00f1adi\u00f3: \u00abEl objetivo es mezclar consagrados con buenos pero menos populares y eso dio resultados curiosos aunque el manual de la TV te dice que no\u00bb.<\/p>\n\n\n\n<p>Entonces descart\u00f3 la comparaci\u00f3n con Juan Alberto Bad\u00eda (y sus ciclos como el emblem\u00e1tico \u00abBad\u00eda &amp; Compa\u00f1\u00eda) y sostuvo:\u00a0<strong>\u00abSoy como un Bad\u00eda sin talento. En realidad yo me siento m\u00e1s cercano a Juan Carlos Mareco, de quien era fan\u00e1tico y lo considero mi referente\u00bb<\/strong>.<\/p>\n\n\n\n<p>Y entonces tambi\u00e9n defini\u00f3 su estilo indicando: \u00abPara lo que es la industria tengo un ciclo muy afortunado.&nbsp;<strong>Hace 10 a\u00f1os empezamos a hacer una televisi\u00f3n m\u00e1s artesanal que lo que el medio pide y logr\u00e9 salir por otro lado produciendo cosas a partir de g\u00e9neros televisivos que por ah\u00ed estaban en desuso y los repusimos a nuestra manera\u00bb<\/strong>.<\/p>\n\n\n\n<p>Antes del inicio de la pandemia de coronavirus, cuando \u00abLa Pe\u00f1a\u2026\u00bb preparaba su quinta temporada, Roz\u00edn arriesg\u00f3 que el suceso del espacio se deb\u00eda a que \u00abse trata de una mezcla y que nos lo tomamos en serio. Hay compromiso con el trabajo. Todo est\u00e1 muy laburado y es muy divertido. Y, en el plano musical, siempre intentamos sorprender. Hay una profunda b\u00fasqueda por la excelencia\u00bb.<\/p>\n","protected":false},"excerpt":{"rendered":"<p>El rosarino hab\u00eda nacido el 18 de junio de 1970. Se form\u00f3 en el Canal 3 de esa ciudad y en la redacci\u00f3n de Rosario\/12. Salt\u00f3 a la pantalla nacional como productor de \u00abS\u00e1bado Bus\u00bb y a lo largo de su trayectoria condujo \u00abMorfi, todos a la mesa\u00bb, \u00abLa Pe\u00f1a de Morfi\u00bb, \u00abTres poderes, \u00abEsta noche libros\u00bb y \u00abGracias por venir\u00bb. <\/p>\n","protected":false},"author":2,"featured_media":36630,"comment_status":"open","ping_status":"open","sticky":false,"template":"","format":"standard","meta":{"om_disable_all_campaigns":false,"_monsterinsights_skip_tracking":false,"_monsterinsights_sitenote_active":false,"_monsterinsights_sitenote_note":"","_monsterinsights_sitenote_category":0,"_uf_show_specific_survey":0,"_uf_disable_surveys":false,"jetpack_post_was_ever_published":false,"_jetpack_newsletter_access":"","_jetpack_dont_email_post_to_subs":false,"_jetpack_newsletter_tier_id":0,"_jetpack_memberships_contains_paywalled_content":false,"_jetpack_memberships_contains_paid_content":false,"footnotes":"","jetpack_publicize_message":"","jetpack_publicize_feature_enabled":true,"jetpack_social_post_already_shared":false,"jetpack_social_options":{"image_generator_settings":{"template":"highway","default_image_id":0,"font":"","enabled":false},"version":2}},"categories":[20],"tags":[],"class_list":["post-36629","post","type-post","status-publish","format-standard","has-post-thumbnail","hentry","category-especysociales"],"aioseo_notices":[],"views":15,"jetpack_publicize_connections":[],"jetpack_featured_media_url":"https:\/\/i0.wp.com\/elterritorialweb.com.ar\/web\/wp-content\/uploads\/2022\/03\/gerardo-rozin.png?fit=770%2C435","jetpack_sharing_enabled":true,"_links":{"self":[{"href":"http:\/\/elterritorialweb.com.ar\/web\/wp-json\/wp\/v2\/posts\/36629","targetHints":{"allow":["GET"]}}],"collection":[{"href":"http:\/\/elterritorialweb.com.ar\/web\/wp-json\/wp\/v2\/posts"}],"about":[{"href":"http:\/\/elterritorialweb.com.ar\/web\/wp-json\/wp\/v2\/types\/post"}],"author":[{"embeddable":true,"href":"http:\/\/elterritorialweb.com.ar\/web\/wp-json\/wp\/v2\/users\/2"}],"replies":[{"embeddable":true,"href":"http:\/\/elterritorialweb.com.ar\/web\/wp-json\/wp\/v2\/comments?post=36629"}],"version-history":[{"count":1,"href":"http:\/\/elterritorialweb.com.ar\/web\/wp-json\/wp\/v2\/posts\/36629\/revisions"}],"predecessor-version":[{"id":36632,"href":"http:\/\/elterritorialweb.com.ar\/web\/wp-json\/wp\/v2\/posts\/36629\/revisions\/36632"}],"wp:featuredmedia":[{"embeddable":true,"href":"http:\/\/elterritorialweb.com.ar\/web\/wp-json\/wp\/v2\/media\/36630"}],"wp:attachment":[{"href":"http:\/\/elterritorialweb.com.ar\/web\/wp-json\/wp\/v2\/media?parent=36629"}],"wp:term":[{"taxonomy":"category","embeddable":true,"href":"http:\/\/elterritorialweb.com.ar\/web\/wp-json\/wp\/v2\/categories?post=36629"},{"taxonomy":"post_tag","embeddable":true,"href":"http:\/\/elterritorialweb.com.ar\/web\/wp-json\/wp\/v2\/tags?post=36629"}],"curies":[{"name":"wp","href":"https:\/\/api.w.org\/{rel}","templated":true}]}}