{"id":36849,"date":"2022-03-16T02:25:08","date_gmt":"2022-03-16T02:25:08","guid":{"rendered":"http:\/\/elterritorialweb.com.ar\/web\/?p=36849"},"modified":"2022-03-16T02:29:29","modified_gmt":"2022-03-16T02:29:29","slug":"el-indice-de-precios-al-consumidor-subio-un-47","status":"publish","type":"post","link":"http:\/\/elterritorialweb.com.ar\/web\/el-indice-de-precios-al-consumidor-subio-un-47\/","title":{"rendered":"EL \u00cdNDICE DE PRECIOS AL CONSUMIDOR SUBI\u00d3 UN 4,7% EN FEBRERO"},"content":{"rendered":"\n<p>El \u00edndice de precios al consumidor registr\u00f3 un incremento de 4,7 % en febrero, inform\u00f3 este martes el Instituto Nacional de Estad\u00edstica y Censos (Indec).<\/p>\n\n\n\n<p>De esta manera, la inflaci\u00f3n minorista acumul\u00f3 una suba del 8,8 % en el primer bimestre del a\u00f1o y del 52,8% en los \u00faltimos doce meses.<\/p>\n\n\n\n<p>La suba de 4,7% registrada en febrero fue 8 d\u00e9cimas mayor al 3,9% de enero pasado.<\/p>\n\n\n\n<figure class=\"wp-block-embed is-type-rich is-provider-twitter wp-block-embed-twitter\"><div class=\"wp-block-embed__wrapper\">\n<blockquote class=\"twitter-tweet\" data-width=\"550\" data-dnt=\"true\"><p lang=\"es\" dir=\"ltr\"><a href=\"https:\/\/twitter.com\/hashtag\/DatoINDEC?src=hash&amp;ref_src=twsrc%5Etfw\">#DatoINDEC<\/a><br>Los precios al consumidor (<a href=\"https:\/\/twitter.com\/hashtag\/IPC?src=hash&amp;ref_src=twsrc%5Etfw\">#IPC<\/a>) subieron 4,7% en febrero de 2022 respecto de enero y 52,3% interanual. Acumularon un alza de 8,8% en el 1\u00b0 bimestre <a href=\"https:\/\/t.co\/3eaUz4zdCF\">https:\/\/t.co\/3eaUz4zdCF<\/a> <a href=\"https:\/\/t.co\/tYoII3Urlm\">pic.twitter.com\/tYoII3Urlm<\/a><\/p>&mdash; INDEC Argentina (@INDECArgentina) <a href=\"https:\/\/twitter.com\/INDECArgentina\/status\/1503808284049948679?ref_src=twsrc%5Etfw\">March 15, 2022<\/a><\/blockquote><script async src=\"https:\/\/platform.twitter.com\/widgets.js\" charset=\"utf-8\"><\/script>\n<\/div><\/figure>\n\n\n\n<p>Luego de que el Indec diera a conocer el informe, desde el Ministerio de Econom\u00eda se\u00f1alaron que la suba se dio \u00aben el marco del incremento de los precios a nivel global afectado por el conflicto b\u00e9lico entre Rusia y Ucrania\u00bb.<\/p>\n\n\n\n<p>\u201cEl indicador se vio afectado por el impacto de la suba de precios internacionales de los principales commodities, debido a la sequ\u00eda y al conflicto en Ucrania\u201d, afirmaron en la cartera que conduce Mart\u00edn Guzm\u00e1n.<\/p>\n\n\n\n<p>La divisi\u00f3n de Alimentos y bebidas no alcoh\u00f3licas fue la de mayor aumento del mes a nivel nacional, con un incremento de 7,5%, con lo que este rubro aport\u00f3 m\u00e1s de 2 puntos porcentuales a la suba del&nbsp;Nivel general.<\/p>\n\n\n\n<p>A esto se sumo el \u00edtem Transporte, con un aumento de 4,9%, impulsado principalmente por la suba de los combustibles; y en tercer lugar se ubic\u00f3 Equipamiento y mantenimiento del hogar, con el 4,4%.<\/p>\n\n\n\n<p>De esta manera, la denominada inflaci\u00f3n n\u00facleo fue la que m\u00e1s aumento en febrero, con un avance de 4,5% contra el 3,3% de enero pasado, en especial por los alimentos<\/p>\n\n\n\n<p>En febrero tambi\u00e9n los productos Estacionales siguieron marcando alzas, al registrar un incremento de 8,4% contra el 9% de enero, por las subas de precios en verduras y frutas<\/p>\n\n\n\n<p>En tanto, los precios Regulados aumentaron 3,1% mensual por las subas autorizadas en combustibles, servicios de transporte p\u00fablico, electricidad, educaci\u00f3n en el interior del pa\u00eds y cigarrillos durante la \u00faltima parte del mes.<\/p>\n","protected":false},"excerpt":{"rendered":"<p>Con el dato informado por el Instituto Nacional de Estad\u00edstica y Censos, la inflaci\u00f3n minorista acumul\u00f3 una suba del 8,8 % en el primer bimestre del a\u00f1o y del 52,8% en los \u00faltimos doce meses.<\/p>\n","protected":false},"author":2,"featured_media":36850,"comment_status":"open","ping_status":"open","sticky":false,"template":"","format":"standard","meta":{"om_disable_all_campaigns":false,"_monsterinsights_skip_tracking":false,"_monsterinsights_sitenote_active":false,"_monsterinsights_sitenote_note":"","_monsterinsights_sitenote_category":0,"_uf_show_specific_survey":0,"_uf_disable_surveys":false,"jetpack_post_was_ever_published":false,"_jetpack_newsletter_access":"","_jetpack_dont_email_post_to_subs":false,"_jetpack_newsletter_tier_id":0,"_jetpack_memberships_contains_paywalled_content":false,"_jetpack_memberships_contains_paid_content":false,"footnotes":"","jetpack_publicize_message":"","jetpack_publicize_feature_enabled":true,"jetpack_social_post_already_shared":false,"jetpack_social_options":{"image_generator_settings":{"template":"highway","default_image_id":0,"font":"","enabled":false},"version":2}},"categories":[2],"tags":[],"class_list":["post-36849","post","type-post","status-publish","format-standard","has-post-thumbnail","hentry","category-economia"],"aioseo_notices":[],"views":10,"jetpack_publicize_connections":[],"jetpack_featured_media_url":"https:\/\/i0.wp.com\/elterritorialweb.com.ar\/web\/wp-content\/uploads\/2022\/03\/indec_alimentos.jpg_689937239.jpg?fit=360%2C200","jetpack_sharing_enabled":true,"_links":{"self":[{"href":"http:\/\/elterritorialweb.com.ar\/web\/wp-json\/wp\/v2\/posts\/36849","targetHints":{"allow":["GET"]}}],"collection":[{"href":"http:\/\/elterritorialweb.com.ar\/web\/wp-json\/wp\/v2\/posts"}],"about":[{"href":"http:\/\/elterritorialweb.com.ar\/web\/wp-json\/wp\/v2\/types\/post"}],"author":[{"embeddable":true,"href":"http:\/\/elterritorialweb.com.ar\/web\/wp-json\/wp\/v2\/users\/2"}],"replies":[{"embeddable":true,"href":"http:\/\/elterritorialweb.com.ar\/web\/wp-json\/wp\/v2\/comments?post=36849"}],"version-history":[{"count":2,"href":"http:\/\/elterritorialweb.com.ar\/web\/wp-json\/wp\/v2\/posts\/36849\/revisions"}],"predecessor-version":[{"id":36853,"href":"http:\/\/elterritorialweb.com.ar\/web\/wp-json\/wp\/v2\/posts\/36849\/revisions\/36853"}],"wp:featuredmedia":[{"embeddable":true,"href":"http:\/\/elterritorialweb.com.ar\/web\/wp-json\/wp\/v2\/media\/36850"}],"wp:attachment":[{"href":"http:\/\/elterritorialweb.com.ar\/web\/wp-json\/wp\/v2\/media?parent=36849"}],"wp:term":[{"taxonomy":"category","embeddable":true,"href":"http:\/\/elterritorialweb.com.ar\/web\/wp-json\/wp\/v2\/categories?post=36849"},{"taxonomy":"post_tag","embeddable":true,"href":"http:\/\/elterritorialweb.com.ar\/web\/wp-json\/wp\/v2\/tags?post=36849"}],"curies":[{"name":"wp","href":"https:\/\/api.w.org\/{rel}","templated":true}]}}