{"id":36855,"date":"2022-03-16T02:34:20","date_gmt":"2022-03-16T02:34:20","guid":{"rendered":"http:\/\/elterritorialweb.com.ar\/web\/?p=36855"},"modified":"2022-03-16T02:34:21","modified_gmt":"2022-03-16T02:34:21","slug":"entregan-viviendas-sociales-en-villa-figueroa","status":"publish","type":"post","link":"http:\/\/elterritorialweb.com.ar\/web\/entregan-viviendas-sociales-en-villa-figueroa\/","title":{"rendered":"ENTREGAN VIVIENDAS SOCIALES EN VILLA FIGUEROA"},"content":{"rendered":"\n<p>La ceremonia de inauguraci\u00f3n y entrega de las casas se hizo desde el domicilio de C\u00e1ndida Barrientos y estuvo encabezado por el ministro de Desarrollo Social, Dr. \u00c1ngel Niccolai y la jefa comunal local, Gabriela Gerez Bravo. Las mismas est\u00e1n distribuidas en los parajes 7 Pozos, Tusca Pozo, Quimilioj, Santa Mar\u00eda, La Juliana, Puesto Viejo y Villa Figueroa.<br>Al hacer uso de la palabra, la comisionada sostuvo, \u00abes un d\u00eda de celebraci\u00f3n cada d\u00eda que inauguramos viviendas en el marco de este programa maravilloso y \u00fanico en el pa\u00eds que da la posibilidad de acceder al techo digno a tantas familias de escasos recursos\u00bb.<br>Por \u00faltimo, la jefe comunal agradeci\u00f3 al gobernador, Gerardo Zamora por continuar con este programa y se comprometi\u00f3 a seguir trabajando para construir m\u00e1s viviendas y llegar con soluciones habitacionales a las familias que a\u00fan no han accedido a la vivienda propia\u00bb.<br>A su turno, el ministro Niccolai afirm\u00f3 \u00abeste programa desde su lanzamiento de la mano de la ex gobernadora, Claudia Zamora, moviliz\u00f3 e impact\u00f3 fuerte en la provincia, hasta consolidarse en cada rinc\u00f3n del territorio provincial. Empezamos a recorrer la provincia y comenzamos con un trabajo fuerte para poder llevarlo adelante y en este contexto 25 mil familias santiague\u00f1as han cambiado su calidad de vida\u00bb.<br>Finalmente el Dr. Niccolai dijo: \u00abpara nosotros es una gran satisfacci\u00f3n recorrer la provincia con este programa que tiene m\u00faltiples beneficios porque genera empleo, motoriza las econom\u00edas regionales y le permite a tantas familias que no tienen los medios, acceder al techo digno, generando igualdad de oportunidades\u00bb.<\/p>\n","protected":false},"excerpt":{"rendered":"<p>Un total de 21 familias de Villa Figueroa y parajes vecinos recibieron viviendas sociales que fueron construidas por la Comisi\u00f3n Municipal de Villa Figueroa que cargo de Gabriela Gerez Bravo dando continuidad al programa habitacional que beneficia sectores vulnerables.<\/p>\n","protected":false},"author":2,"featured_media":36856,"comment_status":"open","ping_status":"open","sticky":false,"template":"","format":"standard","meta":{"om_disable_all_campaigns":false,"_monsterinsights_skip_tracking":false,"_monsterinsights_sitenote_active":false,"_monsterinsights_sitenote_note":"","_monsterinsights_sitenote_category":0,"_uf_show_specific_survey":0,"_uf_disable_surveys":false,"jetpack_post_was_ever_published":false,"_jetpack_newsletter_access":"","_jetpack_dont_email_post_to_subs":false,"_jetpack_newsletter_tier_id":0,"_jetpack_memberships_contains_paywalled_content":false,"_jetpack_memberships_contains_paid_content":false,"footnotes":"","jetpack_publicize_message":"","jetpack_publicize_feature_enabled":true,"jetpack_social_post_already_shared":false,"jetpack_social_options":{"image_generator_settings":{"template":"highway","default_image_id":0,"font":"","enabled":false},"version":2}},"categories":[21],"tags":[],"class_list":["post-36855","post","type-post","status-publish","format-standard","has-post-thumbnail","hentry","category-locales"],"aioseo_notices":[],"views":7,"jetpack_publicize_connections":[],"jetpack_featured_media_url":"https:\/\/i0.wp.com\/elterritorialweb.com.ar\/web\/wp-content\/uploads\/2022\/03\/villa-figueroa-.jpg?fit=1468%2C938","jetpack_sharing_enabled":true,"_links":{"self":[{"href":"http:\/\/elterritorialweb.com.ar\/web\/wp-json\/wp\/v2\/posts\/36855","targetHints":{"allow":["GET"]}}],"collection":[{"href":"http:\/\/elterritorialweb.com.ar\/web\/wp-json\/wp\/v2\/posts"}],"about":[{"href":"http:\/\/elterritorialweb.com.ar\/web\/wp-json\/wp\/v2\/types\/post"}],"author":[{"embeddable":true,"href":"http:\/\/elterritorialweb.com.ar\/web\/wp-json\/wp\/v2\/users\/2"}],"replies":[{"embeddable":true,"href":"http:\/\/elterritorialweb.com.ar\/web\/wp-json\/wp\/v2\/comments?post=36855"}],"version-history":[{"count":1,"href":"http:\/\/elterritorialweb.com.ar\/web\/wp-json\/wp\/v2\/posts\/36855\/revisions"}],"predecessor-version":[{"id":36857,"href":"http:\/\/elterritorialweb.com.ar\/web\/wp-json\/wp\/v2\/posts\/36855\/revisions\/36857"}],"wp:featuredmedia":[{"embeddable":true,"href":"http:\/\/elterritorialweb.com.ar\/web\/wp-json\/wp\/v2\/media\/36856"}],"wp:attachment":[{"href":"http:\/\/elterritorialweb.com.ar\/web\/wp-json\/wp\/v2\/media?parent=36855"}],"wp:term":[{"taxonomy":"category","embeddable":true,"href":"http:\/\/elterritorialweb.com.ar\/web\/wp-json\/wp\/v2\/categories?post=36855"},{"taxonomy":"post_tag","embeddable":true,"href":"http:\/\/elterritorialweb.com.ar\/web\/wp-json\/wp\/v2\/tags?post=36855"}],"curies":[{"name":"wp","href":"https:\/\/api.w.org\/{rel}","templated":true}]}}