{"id":36858,"date":"2022-03-16T02:49:12","date_gmt":"2022-03-16T02:49:12","guid":{"rendered":"http:\/\/elterritorialweb.com.ar\/web\/?p=36858"},"modified":"2022-03-16T02:49:13","modified_gmt":"2022-03-16T02:49:13","slug":"la-intendente-fuentes-recibio-el-informe-anual-de-parte-del-defensor-del-pueblo","status":"publish","type":"post","link":"http:\/\/elterritorialweb.com.ar\/web\/la-intendente-fuentes-recibio-el-informe-anual-de-parte-del-defensor-del-pueblo\/","title":{"rendered":"LA INTENDENTE FUENTES RECIBI\u00d3 EL INFORME ANUAL DE PARTE DEL DEFENSOR DEL PUEBLO"},"content":{"rendered":"\n<p>La intendente de la Capital, Ing. Norma Fuentes, recibi\u00f3 al Defensor del Pueblo de la ciudad, Lic. Luis Ger, quien le hizo entrega del informe anual sobre las diferentes actividades desarrolladas por el organismo.<br>Durante el encuentro, realizado en el Sal\u00f3n de Acuerdos del palacio municipal, tambi\u00e9n se abordaron distintos temas previstos en la agenda para el transcurso de este a\u00f1o y se coordinaron otras actividades en beneficio de los vecinos.<\/p>\n","protected":false},"excerpt":{"rendered":"<p>En el trabajo se detallan las acciones y la adaptaci\u00f3n que tuvo que realizar la Defensor\u00eda en el contexto de la pandemia.<\/p>\n","protected":false},"author":2,"featured_media":36859,"comment_status":"open","ping_status":"open","sticky":false,"template":"","format":"standard","meta":{"om_disable_all_campaigns":false,"_monsterinsights_skip_tracking":false,"_monsterinsights_sitenote_active":false,"_monsterinsights_sitenote_note":"","_monsterinsights_sitenote_category":0,"_uf_show_specific_survey":0,"_uf_disable_surveys":false,"jetpack_post_was_ever_published":false,"_jetpack_newsletter_access":"","_jetpack_dont_email_post_to_subs":false,"_jetpack_newsletter_tier_id":0,"_jetpack_memberships_contains_paywalled_content":false,"_jetpack_memberships_contains_paid_content":false,"footnotes":"","jetpack_publicize_message":"","jetpack_publicize_feature_enabled":true,"jetpack_social_post_already_shared":false,"jetpack_social_options":{"image_generator_settings":{"template":"highway","default_image_id":0,"font":"","enabled":false},"version":2}},"categories":[21],"tags":[],"class_list":["post-36858","post","type-post","status-publish","format-standard","has-post-thumbnail","hentry","category-locales"],"aioseo_notices":[],"views":8,"jetpack_publicize_connections":[],"jetpack_featured_media_url":"https:\/\/i0.wp.com\/elterritorialweb.com.ar\/web\/wp-content\/uploads\/2022\/03\/IntendenteGer.jpg?fit=1124%2C750","jetpack_sharing_enabled":true,"_links":{"self":[{"href":"http:\/\/elterritorialweb.com.ar\/web\/wp-json\/wp\/v2\/posts\/36858","targetHints":{"allow":["GET"]}}],"collection":[{"href":"http:\/\/elterritorialweb.com.ar\/web\/wp-json\/wp\/v2\/posts"}],"about":[{"href":"http:\/\/elterritorialweb.com.ar\/web\/wp-json\/wp\/v2\/types\/post"}],"author":[{"embeddable":true,"href":"http:\/\/elterritorialweb.com.ar\/web\/wp-json\/wp\/v2\/users\/2"}],"replies":[{"embeddable":true,"href":"http:\/\/elterritorialweb.com.ar\/web\/wp-json\/wp\/v2\/comments?post=36858"}],"version-history":[{"count":1,"href":"http:\/\/elterritorialweb.com.ar\/web\/wp-json\/wp\/v2\/posts\/36858\/revisions"}],"predecessor-version":[{"id":36860,"href":"http:\/\/elterritorialweb.com.ar\/web\/wp-json\/wp\/v2\/posts\/36858\/revisions\/36860"}],"wp:featuredmedia":[{"embeddable":true,"href":"http:\/\/elterritorialweb.com.ar\/web\/wp-json\/wp\/v2\/media\/36859"}],"wp:attachment":[{"href":"http:\/\/elterritorialweb.com.ar\/web\/wp-json\/wp\/v2\/media?parent=36858"}],"wp:term":[{"taxonomy":"category","embeddable":true,"href":"http:\/\/elterritorialweb.com.ar\/web\/wp-json\/wp\/v2\/categories?post=36858"},{"taxonomy":"post_tag","embeddable":true,"href":"http:\/\/elterritorialweb.com.ar\/web\/wp-json\/wp\/v2\/tags?post=36858"}],"curies":[{"name":"wp","href":"https:\/\/api.w.org\/{rel}","templated":true}]}}