{"id":36861,"date":"2022-03-16T15:16:01","date_gmt":"2022-03-16T15:16:01","guid":{"rendered":"http:\/\/elterritorialweb.com.ar\/web\/?p=36861"},"modified":"2022-03-16T15:16:02","modified_gmt":"2022-03-16T15:16:02","slug":"habra-corte-de-transito-en-rivadavia-y-la-plata-por-una-obra-en-construccion","status":"publish","type":"post","link":"http:\/\/elterritorialweb.com.ar\/web\/habra-corte-de-transito-en-rivadavia-y-la-plata-por-una-obra-en-construccion\/","title":{"rendered":"HABR\u00c1 CORTE DE TR\u00c1NSITO EN RIVADAVIA Y LA PLATA POR UNA OBRA EN CONSTRUCCI\u00d3N"},"content":{"rendered":"\n<p>El paso a los veh\u00edculos se cerrar\u00e1 por la realizaci\u00f3n de los importantes trabajos de infraestructura que requiere la obra, como la colocaci\u00f3n de redes de agua potable y la instalaci\u00f3n de un sistema de cloacas, entre otros.<br>Dichas tareas demandar\u00e1n varios d\u00edas de ejecuci\u00f3n por lo que se estima que los cortes permanecer\u00e1n, debidamente se\u00f1alizados, hasta el pr\u00f3ximo lunes 21 inclusive.<br>Agentes de la dependencia estar\u00e1n apostados en el lugar para orientar la circulaci\u00f3n alternativa en la zona. En este sentido, se solicita a los conductores que tomen las precauciones necesarias al momento de circular por el sector.<\/p>\n","protected":false},"excerpt":{"rendered":"<p>La Direcci\u00f3n de Tr\u00e1nsito y Transporte de la Capital inform\u00f3 que, por pedido de la empresa que ejecuta la construcci\u00f3n del nuevo edificio del Ministerio P\u00fablico de la Defensa, se realizar\u00e1 un corte en la calle La Plata, entre Rivadavia y Alvear, a partir de este mi\u00e9rcoles.<\/p>\n","protected":false},"author":2,"featured_media":36862,"comment_status":"open","ping_status":"open","sticky":false,"template":"","format":"standard","meta":{"om_disable_all_campaigns":false,"_monsterinsights_skip_tracking":false,"_monsterinsights_sitenote_active":false,"_monsterinsights_sitenote_note":"","_monsterinsights_sitenote_category":0,"_uf_show_specific_survey":0,"_uf_disable_surveys":false,"jetpack_post_was_ever_published":false,"_jetpack_newsletter_access":"","_jetpack_dont_email_post_to_subs":false,"_jetpack_newsletter_tier_id":0,"_jetpack_memberships_contains_paywalled_content":false,"_jetpack_memberships_contains_paid_content":false,"footnotes":"","jetpack_publicize_message":"","jetpack_publicize_feature_enabled":true,"jetpack_social_post_already_shared":false,"jetpack_social_options":{"image_generator_settings":{"template":"highway","default_image_id":0,"font":"","enabled":false},"version":2}},"categories":[21],"tags":[],"class_list":["post-36861","post","type-post","status-publish","format-standard","has-post-thumbnail","hentry","category-locales"],"aioseo_notices":[],"views":9,"jetpack_publicize_connections":[],"jetpack_featured_media_url":"https:\/\/i0.wp.com\/elterritorialweb.com.ar\/web\/wp-content\/uploads\/2022\/03\/Calle-Cortada-Archivo_02.jpg?fit=800%2C326","jetpack_sharing_enabled":true,"_links":{"self":[{"href":"http:\/\/elterritorialweb.com.ar\/web\/wp-json\/wp\/v2\/posts\/36861","targetHints":{"allow":["GET"]}}],"collection":[{"href":"http:\/\/elterritorialweb.com.ar\/web\/wp-json\/wp\/v2\/posts"}],"about":[{"href":"http:\/\/elterritorialweb.com.ar\/web\/wp-json\/wp\/v2\/types\/post"}],"author":[{"embeddable":true,"href":"http:\/\/elterritorialweb.com.ar\/web\/wp-json\/wp\/v2\/users\/2"}],"replies":[{"embeddable":true,"href":"http:\/\/elterritorialweb.com.ar\/web\/wp-json\/wp\/v2\/comments?post=36861"}],"version-history":[{"count":1,"href":"http:\/\/elterritorialweb.com.ar\/web\/wp-json\/wp\/v2\/posts\/36861\/revisions"}],"predecessor-version":[{"id":36863,"href":"http:\/\/elterritorialweb.com.ar\/web\/wp-json\/wp\/v2\/posts\/36861\/revisions\/36863"}],"wp:featuredmedia":[{"embeddable":true,"href":"http:\/\/elterritorialweb.com.ar\/web\/wp-json\/wp\/v2\/media\/36862"}],"wp:attachment":[{"href":"http:\/\/elterritorialweb.com.ar\/web\/wp-json\/wp\/v2\/media?parent=36861"}],"wp:term":[{"taxonomy":"category","embeddable":true,"href":"http:\/\/elterritorialweb.com.ar\/web\/wp-json\/wp\/v2\/categories?post=36861"},{"taxonomy":"post_tag","embeddable":true,"href":"http:\/\/elterritorialweb.com.ar\/web\/wp-json\/wp\/v2\/tags?post=36861"}],"curies":[{"name":"wp","href":"https:\/\/api.w.org\/{rel}","templated":true}]}}