{"id":36875,"date":"2022-03-16T17:30:23","date_gmt":"2022-03-16T17:30:23","guid":{"rendered":"http:\/\/elterritorialweb.com.ar\/web\/?p=36875"},"modified":"2022-03-16T17:50:13","modified_gmt":"2022-03-16T17:50:13","slug":"fernandez-vamos-a-terminar-con-los-especuladores","status":"publish","type":"post","link":"http:\/\/elterritorialweb.com.ar\/web\/fernandez-vamos-a-terminar-con-los-especuladores\/","title":{"rendered":"FERN\u00c1NDEZ: \u00bb VAMOS A TERMINAR CON LOS ESPECULADORES\u00bb"},"content":{"rendered":"\n<p>El presidente Alberto Fern\u00e1ndez sostuvo este martes que \u00abla mayor complicaci\u00f3n econ\u00f3mica que sufre el mundo\u00bb por la invasi\u00f3n rusa a Ucrania es una \u00ablucha tremenda por los alimentos\u00bb y que va a \u00abterminar con los especuladores\u00bb.<\/p>\n\n\n\n<p>Al encabezar el acto de inauguraci\u00f3n de la renovada estaci\u00f3n Tortuguitas de la l\u00ednea del ferrocarril Belgrano Norte, en el partido bonaerense de Malvinas Argentinas, el jefe de Estado hizo referencia directa a los efectos del conflicto b\u00e9lico europeo sobre la econom\u00eda mundial y dijo que&nbsp;<strong>las consecuencias no llegan al pa\u00eds \u00aben forma de balas\u00bb sino que lo hacen bajo la forma de \u00abcomplicaciones econ\u00f3micas\u00bb<\/strong>.<\/p>\n\n\n\n<p>\u00abQuisi\u00e9ramos que eso no nos pasara ahora, porque nos cuesta mucho recuperarnos. Espero que esta semana podamos empezar a poner orden al tema de la deuda tremenda que heredamos. Y el viernes empieza la guerra contra la inflaci\u00f3n en la Argentina; vamos a terminar con los especuladores\u00bb, apunt\u00f3.<\/p>\n\n\n\n<p>En su discurso, Fern\u00e1ndez explic\u00f3 que la tarea es m\u00e1s dif\u00edcil dada la inercia inflacionaria que dej\u00f3 \u00absin guerra y sin pandemia\u00bb el macrismo.<\/p>\n\n\n\n<p>Las palabras del Presidente llegan a horas de que el Instituto Nacional de Estad\u00edstica y Censos (Indec) d\u00e9 a conocer la variaci\u00f3n que registr\u00f3 el \u00cdndice de Precios al Consumidor en el mes de febrero.<\/p>\n\n\n\n<figure class=\"wp-block-image size-large\"><a href=\"https:\/\/i0.wp.com\/elterritorialweb.com.ar\/web\/wp-content\/uploads\/2022\/03\/Screenshot_20220316-1433233.png\"><img data-recalc-dims=\"1\" decoding=\"async\" width=\"640\" height=\"211\" data-src=\"https:\/\/i0.wp.com\/elterritorialweb.com.ar\/web\/wp-content\/uploads\/2022\/03\/Screenshot_20220316-1433233.png?resize=640%2C211\" alt=\"\" class=\"wp-image-36880 lazyload\" data-srcset=\"https:\/\/i0.wp.com\/elterritorialweb.com.ar\/web\/wp-content\/uploads\/2022\/03\/Screenshot_20220316-1433233.png?resize=1024%2C337 1024w, https:\/\/i0.wp.com\/elterritorialweb.com.ar\/web\/wp-content\/uploads\/2022\/03\/Screenshot_20220316-1433233.png?resize=300%2C99 300w, https:\/\/i0.wp.com\/elterritorialweb.com.ar\/web\/wp-content\/uploads\/2022\/03\/Screenshot_20220316-1433233.png?resize=768%2C253 768w, https:\/\/i0.wp.com\/elterritorialweb.com.ar\/web\/wp-content\/uploads\/2022\/03\/Screenshot_20220316-1433233.png?w=1249 1249w\" data-sizes=\"(max-width: 640px) 100vw, 640px\" src=\"data:image\/svg+xml;base64,PHN2ZyB3aWR0aD0iMSIgaGVpZ2h0PSIxIiB4bWxucz0iaHR0cDovL3d3dy53My5vcmcvMjAwMC9zdmciPjwvc3ZnPg==\" style=\"--smush-placeholder-width: 640px; --smush-placeholder-aspect-ratio: 640\/211;\" \/><\/a><\/figure>\n\n\n\n<p>Seg\u00fan consultoras privadas relevadas por el Banco Central,<strong>&nbsp;la inflaci\u00f3n se habr\u00eda ubicado en torno al 3,9%<\/strong>, un nivel similar al de enero pasado.<\/p>\n\n\n\n<p>En tanto, durante la reuni\u00f3n de la Comisi\u00f3n de Presupuesto y Hacienda del Senado que contin\u00faa esta tarde la discusi\u00f3n en torno al proyecto que avala el acuerdo con el FMI, podr\u00eda haber dictamen favorable, para que sea expuesto a debate y sanci\u00f3n definitiva en un plenario previsto para el pr\u00f3ximo jueves.<\/p>\n\n\n\n<p><strong>\u00abNos ha tocado un tiempo muy dif\u00edcil. Cuando cre\u00edamos que la pandemia nos dejaba el terreno libre, se desata una guerra en Europa\u00bb<\/strong>, lament\u00f3 el Presidente en su discurso.<\/p>\n\n\n\n<p>En otro tramo del discurso, el mandatario se refiri\u00f3 a las obras p\u00fablicas que realiza el Estado nacional, entre ellas las de transporte, y dijo que sirven para \u00abponer justicia\u00bb en donde el mercado \u00absolo pone injusticia\u00bb.<\/p>\n\n\n\n<p>En el acto -donde adem\u00e1s el jefe de Estado record\u00f3 a los ca\u00eddos en la Guerra de Malvinas a pocos d\u00edas de cumplirse el 40 aniversario del inicio de ese conflicto b\u00e9lico- tambi\u00e9n estuvieron presentes el gobernador bonaerense Axel Kicillof; el ministro de Transporte, Alexis Guerrera; la intendenta local, Noelia Correa, funcionarios nacionales y vecinos.<\/p>\n\n\n\n<figure class=\"wp-block-image size-large\"><a href=\"https:\/\/i0.wp.com\/elterritorialweb.com.ar\/web\/wp-content\/uploads\/2022\/03\/Screenshot_20220316-1433022.png\"><img data-recalc-dims=\"1\" decoding=\"async\" width=\"640\" height=\"242\" data-src=\"https:\/\/i0.wp.com\/elterritorialweb.com.ar\/web\/wp-content\/uploads\/2022\/03\/Screenshot_20220316-1433022.png?resize=640%2C242\" alt=\"\" class=\"wp-image-36878 lazyload\" data-srcset=\"https:\/\/i0.wp.com\/elterritorialweb.com.ar\/web\/wp-content\/uploads\/2022\/03\/Screenshot_20220316-1433022.png?resize=1024%2C387 1024w, https:\/\/i0.wp.com\/elterritorialweb.com.ar\/web\/wp-content\/uploads\/2022\/03\/Screenshot_20220316-1433022.png?resize=300%2C113 300w, https:\/\/i0.wp.com\/elterritorialweb.com.ar\/web\/wp-content\/uploads\/2022\/03\/Screenshot_20220316-1433022.png?resize=768%2C290 768w, https:\/\/i0.wp.com\/elterritorialweb.com.ar\/web\/wp-content\/uploads\/2022\/03\/Screenshot_20220316-1433022.png?w=1208 1208w\" data-sizes=\"(max-width: 640px) 100vw, 640px\" src=\"data:image\/svg+xml;base64,PHN2ZyB3aWR0aD0iMSIgaGVpZ2h0PSIxIiB4bWxucz0iaHR0cDovL3d3dy53My5vcmcvMjAwMC9zdmciPjwvc3ZnPg==\" style=\"--smush-placeholder-width: 640px; --smush-placeholder-aspect-ratio: 640\/242;\" \/><\/a><\/figure>\n\n\n\n<p>El mandatario provincial, que antecedi\u00f3 a Fern\u00e1ndez en el uso de la palabra, defendi\u00f3 la finalizaci\u00f3n de las obras que otras gestiones prometieron.<\/p>\n\n\n\n<p>\u00abNos ha tocado experimentar una \u00e9poca donde las obras no se terminaban simplemente porque las hab\u00eda comenzado Cristina y parec\u00eda que, si las terminaban, le estaban generando una especie de reconocimiento. No hay nada m\u00e1s obtuso, porque las obras son para la gente\u00bb, afirm\u00f3<\/p>\n","protected":false},"excerpt":{"rendered":"<p>El jefe de Estado asegur\u00f3 que \u00abla mayor complicaci\u00f3n econ\u00f3mica que sufre el mundo\u00bb por la invasi\u00f3n rusa a Ucrania es una \u00ablucha tremenda por los alimentos, y vuelan los precios en todo el mundo\u00bb. <\/p>\n","protected":false},"author":2,"featured_media":36876,"comment_status":"open","ping_status":"open","sticky":false,"template":"","format":"standard","meta":{"om_disable_all_campaigns":false,"_monsterinsights_skip_tracking":false,"_monsterinsights_sitenote_active":false,"_monsterinsights_sitenote_note":"","_monsterinsights_sitenote_category":0,"_uf_show_specific_survey":0,"_uf_disable_surveys":false,"jetpack_post_was_ever_published":false,"_jetpack_newsletter_access":"","_jetpack_dont_email_post_to_subs":false,"_jetpack_newsletter_tier_id":0,"_jetpack_memberships_contains_paywalled_content":false,"_jetpack_memberships_contains_paid_content":false,"footnotes":"","jetpack_publicize_message":"","jetpack_publicize_feature_enabled":true,"jetpack_social_post_already_shared":false,"jetpack_social_options":{"image_generator_settings":{"template":"highway","default_image_id":0,"font":"","enabled":false},"version":2}},"categories":[18],"tags":[],"class_list":["post-36875","post","type-post","status-publish","format-standard","has-post-thumbnail","hentry","category-politica"],"aioseo_notices":[],"views":7,"jetpack_publicize_connections":[],"jetpack_featured_media_url":"https:\/\/i0.wp.com\/elterritorialweb.com.ar\/web\/wp-content\/uploads\/2022\/03\/Screenshot_20220316-1428362.png?fit=958%2C528","jetpack_sharing_enabled":true,"_links":{"self":[{"href":"http:\/\/elterritorialweb.com.ar\/web\/wp-json\/wp\/v2\/posts\/36875","targetHints":{"allow":["GET"]}}],"collection":[{"href":"http:\/\/elterritorialweb.com.ar\/web\/wp-json\/wp\/v2\/posts"}],"about":[{"href":"http:\/\/elterritorialweb.com.ar\/web\/wp-json\/wp\/v2\/types\/post"}],"author":[{"embeddable":true,"href":"http:\/\/elterritorialweb.com.ar\/web\/wp-json\/wp\/v2\/users\/2"}],"replies":[{"embeddable":true,"href":"http:\/\/elterritorialweb.com.ar\/web\/wp-json\/wp\/v2\/comments?post=36875"}],"version-history":[{"count":3,"href":"http:\/\/elterritorialweb.com.ar\/web\/wp-json\/wp\/v2\/posts\/36875\/revisions"}],"predecessor-version":[{"id":36882,"href":"http:\/\/elterritorialweb.com.ar\/web\/wp-json\/wp\/v2\/posts\/36875\/revisions\/36882"}],"wp:featuredmedia":[{"embeddable":true,"href":"http:\/\/elterritorialweb.com.ar\/web\/wp-json\/wp\/v2\/media\/36876"}],"wp:attachment":[{"href":"http:\/\/elterritorialweb.com.ar\/web\/wp-json\/wp\/v2\/media?parent=36875"}],"wp:term":[{"taxonomy":"category","embeddable":true,"href":"http:\/\/elterritorialweb.com.ar\/web\/wp-json\/wp\/v2\/categories?post=36875"},{"taxonomy":"post_tag","embeddable":true,"href":"http:\/\/elterritorialweb.com.ar\/web\/wp-json\/wp\/v2\/tags?post=36875"}],"curies":[{"name":"wp","href":"https:\/\/api.w.org\/{rel}","templated":true}]}}