{"id":36883,"date":"2022-03-16T18:20:32","date_gmt":"2022-03-16T18:20:32","guid":{"rendered":"http:\/\/elterritorialweb.com.ar\/web\/?p=36883"},"modified":"2022-03-16T18:31:35","modified_gmt":"2022-03-16T18:31:35","slug":"se-viene-una-nueva-edicion-de-la-pena-de-orellana-lucca","status":"publish","type":"post","link":"http:\/\/elterritorialweb.com.ar\/web\/se-viene-una-nueva-edicion-de-la-pena-de-orellana-lucca\/","title":{"rendered":"SE VIENE UNA NUEVA EDICI\u00d3N DE LA PE\u00d1A DE ORELLANA LUCCA"},"content":{"rendered":"\n<p>Con una gran cartelera de artistas destacados, se realizar\u00e1 por segunda vez en el a\u00f1o, la pe\u00f1a de Orellana Lucca que tendr\u00e1 como escenario las instalaciones del Club Ol\u00edmpico de la Banda.<\/p>\n\n\n\n<p>Este evento que mueve multitudes, contar\u00e1 con la presencia de Roxana Carabajal, Marcelo Toledo, Demi Carabajal, Manolo Herrera y las Sachaguitarras atamisque\u00f1as entre otros.<\/p>\n\n\n\n<p>El duo Orellana Lucca es grupo folkl\u00f3rico santiague\u00f1o consagrado, que se presentaron en distintos escenarios importantes como Cosqu\u00edn, Jes\u00fas Mar\u00eda y muchos m\u00e1s, llevando su m\u00fasica y su estilo por todo el pa\u00eds y el exterior.<\/p>\n\n\n\n<figure class=\"wp-block-image size-large\"><a href=\"https:\/\/i0.wp.com\/elterritorialweb.com.ar\/web\/wp-content\/uploads\/2022\/03\/IMG-20220316-WA0004.jpg\"><img data-recalc-dims=\"1\" decoding=\"async\" width=\"640\" height=\"640\" data-src=\"https:\/\/i0.wp.com\/elterritorialweb.com.ar\/web\/wp-content\/uploads\/2022\/03\/IMG-20220316-WA0004.jpg?resize=640%2C640\" alt=\"\" class=\"wp-image-36887 lazyload\" data-srcset=\"https:\/\/i0.wp.com\/elterritorialweb.com.ar\/web\/wp-content\/uploads\/2022\/03\/IMG-20220316-WA0004.jpg?resize=1024%2C1024 1024w, https:\/\/i0.wp.com\/elterritorialweb.com.ar\/web\/wp-content\/uploads\/2022\/03\/IMG-20220316-WA0004.jpg?resize=300%2C300 300w, https:\/\/i0.wp.com\/elterritorialweb.com.ar\/web\/wp-content\/uploads\/2022\/03\/IMG-20220316-WA0004.jpg?resize=150%2C150 150w, https:\/\/i0.wp.com\/elterritorialweb.com.ar\/web\/wp-content\/uploads\/2022\/03\/IMG-20220316-WA0004.jpg?resize=768%2C768 768w, https:\/\/i0.wp.com\/elterritorialweb.com.ar\/web\/wp-content\/uploads\/2022\/03\/IMG-20220316-WA0004.jpg?w=1080 1080w\" data-sizes=\"(max-width: 640px) 100vw, 640px\" src=\"data:image\/svg+xml;base64,PHN2ZyB3aWR0aD0iMSIgaGVpZ2h0PSIxIiB4bWxucz0iaHR0cDovL3d3dy53My5vcmcvMjAwMC9zdmciPjwvc3ZnPg==\" style=\"--smush-placeholder-width: 640px; --smush-placeholder-aspect-ratio: 640\/640;\" \/><\/a><\/figure>\n","protected":false},"excerpt":{"rendered":"<p>Se realizar\u00e1 el pr\u00f3ximo 1 de abril desde las 22 hs., en el Club Ciclista Ol\u00edmpico de la ciudad de la Banda.<\/p>\n","protected":false},"author":2,"featured_media":36886,"comment_status":"open","ping_status":"open","sticky":false,"template":"","format":"standard","meta":{"om_disable_all_campaigns":false,"_monsterinsights_skip_tracking":false,"_monsterinsights_sitenote_active":false,"_monsterinsights_sitenote_note":"","_monsterinsights_sitenote_category":0,"_uf_show_specific_survey":0,"_uf_disable_surveys":false,"jetpack_post_was_ever_published":false,"_jetpack_newsletter_access":"","_jetpack_dont_email_post_to_subs":false,"_jetpack_newsletter_tier_id":0,"_jetpack_memberships_contains_paywalled_content":false,"_jetpack_memberships_contains_paid_content":false,"footnotes":"","jetpack_publicize_message":"","jetpack_publicize_feature_enabled":true,"jetpack_social_post_already_shared":false,"jetpack_social_options":{"image_generator_settings":{"template":"highway","default_image_id":0,"font":"","enabled":false},"version":2}},"categories":[20],"tags":[],"class_list":["post-36883","post","type-post","status-publish","format-standard","has-post-thumbnail","hentry","category-especysociales"],"aioseo_notices":[],"views":9,"jetpack_publicize_connections":[],"jetpack_featured_media_url":"https:\/\/i0.wp.com\/elterritorialweb.com.ar\/web\/wp-content\/uploads\/2022\/03\/26121-recital-de-orellana-lucca-con-el-colorido-del-folclor-santiaguenio.jpg?fit=902%2C600","jetpack_sharing_enabled":true,"_links":{"self":[{"href":"http:\/\/elterritorialweb.com.ar\/web\/wp-json\/wp\/v2\/posts\/36883","targetHints":{"allow":["GET"]}}],"collection":[{"href":"http:\/\/elterritorialweb.com.ar\/web\/wp-json\/wp\/v2\/posts"}],"about":[{"href":"http:\/\/elterritorialweb.com.ar\/web\/wp-json\/wp\/v2\/types\/post"}],"author":[{"embeddable":true,"href":"http:\/\/elterritorialweb.com.ar\/web\/wp-json\/wp\/v2\/users\/2"}],"replies":[{"embeddable":true,"href":"http:\/\/elterritorialweb.com.ar\/web\/wp-json\/wp\/v2\/comments?post=36883"}],"version-history":[{"count":2,"href":"http:\/\/elterritorialweb.com.ar\/web\/wp-json\/wp\/v2\/posts\/36883\/revisions"}],"predecessor-version":[{"id":36888,"href":"http:\/\/elterritorialweb.com.ar\/web\/wp-json\/wp\/v2\/posts\/36883\/revisions\/36888"}],"wp:featuredmedia":[{"embeddable":true,"href":"http:\/\/elterritorialweb.com.ar\/web\/wp-json\/wp\/v2\/media\/36886"}],"wp:attachment":[{"href":"http:\/\/elterritorialweb.com.ar\/web\/wp-json\/wp\/v2\/media?parent=36883"}],"wp:term":[{"taxonomy":"category","embeddable":true,"href":"http:\/\/elterritorialweb.com.ar\/web\/wp-json\/wp\/v2\/categories?post=36883"},{"taxonomy":"post_tag","embeddable":true,"href":"http:\/\/elterritorialweb.com.ar\/web\/wp-json\/wp\/v2\/tags?post=36883"}],"curies":[{"name":"wp","href":"https:\/\/api.w.org\/{rel}","templated":true}]}}