{"id":36889,"date":"2022-03-16T18:37:40","date_gmt":"2022-03-16T18:37:40","guid":{"rendered":"http:\/\/elterritorialweb.com.ar\/web\/?p=36889"},"modified":"2022-03-16T18:37:41","modified_gmt":"2022-03-16T18:37:41","slug":"la-banda-intensifican-tareas-de-desmalezamiento-y-acondicionamiento-de-espacios-publicos","status":"publish","type":"post","link":"http:\/\/elterritorialweb.com.ar\/web\/la-banda-intensifican-tareas-de-desmalezamiento-y-acondicionamiento-de-espacios-publicos\/","title":{"rendered":"LA BANDA: INTENSIFICAN TAREAS DE DESMALEZAMIENTO Y ACONDICIONAMIENTO DE ESPACIOS P\u00daBLICOS"},"content":{"rendered":"\n<p>Las tareas de desmalezamiento se concretaron sobre calle Antenor \u00c1lvarez en una importante acequia ubicada en el sector, en la plaza saludable ubicada sobre Calle 7 del barrio San Fernando; en la intersecci\u00f3n de De\u00e1n Funes y Besares; en el predio de Alerta Banda sobre Avenida Besares y Avellaneda; y en diferentes espacios del barrio Constituci\u00f3n.<br>Asimismo, se realiz\u00f3 el rastrado de terrenos bald\u00edos en el barrio Ampliaci\u00f3n Central Argentino y en el predio del Banco de Alimentos sobre avenida Daniel Prados.<br>Por otra parte, se levantaron importantes cantidades de ramas de \u00e1rboles de gran porte sobre calles M\u00e1rmol, Irigoyen, Lavalle, Republica del L\u00edbano, Puente Carretero y Autopista Juan Domingo Per\u00f3n.<\/p>\n\n\n\n<figure class=\"wp-block-image size-large\"><a href=\"https:\/\/i0.wp.com\/elterritorialweb.com.ar\/web\/wp-content\/uploads\/2022\/03\/IMG-20220316-WA0012.jpg\"><img data-recalc-dims=\"1\" decoding=\"async\" width=\"640\" height=\"423\" data-src=\"https:\/\/i0.wp.com\/elterritorialweb.com.ar\/web\/wp-content\/uploads\/2022\/03\/IMG-20220316-WA0012.jpg?resize=640%2C423\" alt=\"\" class=\"wp-image-36891 lazyload\" data-srcset=\"https:\/\/i0.wp.com\/elterritorialweb.com.ar\/web\/wp-content\/uploads\/2022\/03\/IMG-20220316-WA0012.jpg?resize=1024%2C676 1024w, https:\/\/i0.wp.com\/elterritorialweb.com.ar\/web\/wp-content\/uploads\/2022\/03\/IMG-20220316-WA0012.jpg?resize=300%2C198 300w, https:\/\/i0.wp.com\/elterritorialweb.com.ar\/web\/wp-content\/uploads\/2022\/03\/IMG-20220316-WA0012.jpg?resize=768%2C507 768w, https:\/\/i0.wp.com\/elterritorialweb.com.ar\/web\/wp-content\/uploads\/2022\/03\/IMG-20220316-WA0012.jpg?w=1087 1087w\" data-sizes=\"(max-width: 640px) 100vw, 640px\" src=\"data:image\/svg+xml;base64,PHN2ZyB3aWR0aD0iMSIgaGVpZ2h0PSIxIiB4bWxucz0iaHR0cDovL3d3dy53My5vcmcvMjAwMC9zdmciPjwvc3ZnPg==\" style=\"--smush-placeholder-width: 640px; --smush-placeholder-aspect-ratio: 640\/423;\" \/><\/a><\/figure>\n\n\n\n<p>Finalmente, el equipo municipal realiz\u00f3 trabajos de desmalezamiento y poda desde la calle General Ricchieri, hasta la Irigoyen; sobre la De\u00e1n Funes, desde Avenida Besares, en sentido hacia Autopista, recorriendo as\u00ed, zonas de los barrios Besares, Palermo y Parque<br>Cabe destacar, que estas acciones son impulsadas desde la actual gesti\u00f3n con el objetivo de mantener limpios los espacios p\u00fablicos, controlar la reproducci\u00f3n de mosquitos y alima\u00f1as que perjudiquen la calidad de vida de los vecinos.<\/p>\n","protected":false},"excerpt":{"rendered":"<p>La Direcci\u00f3n de Parques y Paseos dependiente de la Secretaria de Servicios P\u00fablicos de la Municipalidad de La Banda concret\u00f3 trabajos de desmalezamiento, rastrado de terrenos y levantamiento de ramas en diferentes sectores de la ciudad en este comienzo de semana.<\/p>\n","protected":false},"author":2,"featured_media":36890,"comment_status":"open","ping_status":"open","sticky":false,"template":"","format":"standard","meta":{"om_disable_all_campaigns":false,"_monsterinsights_skip_tracking":false,"_monsterinsights_sitenote_active":false,"_monsterinsights_sitenote_note":"","_monsterinsights_sitenote_category":0,"_uf_show_specific_survey":0,"_uf_disable_surveys":false,"jetpack_post_was_ever_published":false,"_jetpack_newsletter_access":"","_jetpack_dont_email_post_to_subs":false,"_jetpack_newsletter_tier_id":0,"_jetpack_memberships_contains_paywalled_content":false,"_jetpack_memberships_contains_paid_content":false,"footnotes":"","jetpack_publicize_message":"","jetpack_publicize_feature_enabled":true,"jetpack_social_post_already_shared":false,"jetpack_social_options":{"image_generator_settings":{"template":"highway","default_image_id":0,"font":"","enabled":false},"version":2}},"categories":[21],"tags":[],"class_list":["post-36889","post","type-post","status-publish","format-standard","has-post-thumbnail","hentry","category-locales"],"aioseo_notices":[],"views":11,"jetpack_publicize_connections":[],"jetpack_featured_media_url":"https:\/\/i0.wp.com\/elterritorialweb.com.ar\/web\/wp-content\/uploads\/2022\/03\/IMG-20220316-WA0011.jpg?fit=1087%2C718","jetpack_sharing_enabled":true,"_links":{"self":[{"href":"http:\/\/elterritorialweb.com.ar\/web\/wp-json\/wp\/v2\/posts\/36889","targetHints":{"allow":["GET"]}}],"collection":[{"href":"http:\/\/elterritorialweb.com.ar\/web\/wp-json\/wp\/v2\/posts"}],"about":[{"href":"http:\/\/elterritorialweb.com.ar\/web\/wp-json\/wp\/v2\/types\/post"}],"author":[{"embeddable":true,"href":"http:\/\/elterritorialweb.com.ar\/web\/wp-json\/wp\/v2\/users\/2"}],"replies":[{"embeddable":true,"href":"http:\/\/elterritorialweb.com.ar\/web\/wp-json\/wp\/v2\/comments?post=36889"}],"version-history":[{"count":1,"href":"http:\/\/elterritorialweb.com.ar\/web\/wp-json\/wp\/v2\/posts\/36889\/revisions"}],"predecessor-version":[{"id":36892,"href":"http:\/\/elterritorialweb.com.ar\/web\/wp-json\/wp\/v2\/posts\/36889\/revisions\/36892"}],"wp:featuredmedia":[{"embeddable":true,"href":"http:\/\/elterritorialweb.com.ar\/web\/wp-json\/wp\/v2\/media\/36890"}],"wp:attachment":[{"href":"http:\/\/elterritorialweb.com.ar\/web\/wp-json\/wp\/v2\/media?parent=36889"}],"wp:term":[{"taxonomy":"category","embeddable":true,"href":"http:\/\/elterritorialweb.com.ar\/web\/wp-json\/wp\/v2\/categories?post=36889"},{"taxonomy":"post_tag","embeddable":true,"href":"http:\/\/elterritorialweb.com.ar\/web\/wp-json\/wp\/v2\/tags?post=36889"}],"curies":[{"name":"wp","href":"https:\/\/api.w.org\/{rel}","templated":true}]}}