{"id":36893,"date":"2022-03-16T21:30:56","date_gmt":"2022-03-16T21:30:56","guid":{"rendered":"http:\/\/elterritorialweb.com.ar\/web\/?p=36893"},"modified":"2022-03-16T21:31:00","modified_gmt":"2022-03-16T21:31:00","slug":"el-municipio-junto-a-empresarios-de-radiotaxis-y-remises-siguen-trabajando-juntos-en-beneficio-de-la-comunidad","status":"publish","type":"post","link":"http:\/\/elterritorialweb.com.ar\/web\/el-municipio-junto-a-empresarios-de-radiotaxis-y-remises-siguen-trabajando-juntos-en-beneficio-de-la-comunidad\/","title":{"rendered":"EL MUNICIPIO JUNTO A EMPRESARIOS DE RADIOTAXIS Y REMISES SIGUEN TRABAJANDO JUNTOS EN BENEFICIO DE LA COMUNIDAD"},"content":{"rendered":"\n<p>Durante el encuentro autoridades y empresarios dialogaron sobre el aumento de las tarifas promulgado recientemente por el Honorable Concejo Deliberante de la ciudad de La Banda y aprobado por el Ejecutivo Municipal.<br>Los empresarios tambi\u00e9n manifestaron el compromiso por parte de su sector con respecto a la Ordenanza Municipal que regula el servicio semip\u00fablico de pasajeros, vestimenta, salubridad, cebrado, n\u00famero de interno y ticket manual.<br>De este modo, el municipio de La Banda y los empresarios de radiotaxis y remises contin\u00faan trabajando juntos para generar m\u00e1s beneficios para los trabajadores del volante y para los usuarios.<\/p>\n\n\n\n<p><em>T\u00cdTULO: Alerta Banda realiza un trabajo de prevenci\u00f3n en los accesos a instituciones educativas<\/em><\/p>\n\n\n\n<p>En el marco del inicio del presente ciclo lectivo, Alerta Banda despliega una serie de operativos de rutina en diferentes escuelas de la ciudad para colaborar con la organizaci\u00f3n del ingreso en instituciones educativas del nivel primario.<br>Desde el Sistema de Seguridad Municipal dependiente de la Secretar\u00eda Gobierno, explicaron que los Operativos de Seguridad Escolar tienen como objetivo garantizar la seguridad de los estudiantes, padres y docentes de cada instituci\u00f3n.<br>\u00c9sta actividad es rutinaria y rotativa, personal de seguridad se presenta en cinco escuelas cada d\u00eda, por la ma\u00f1ana y por la tarde, a la hora de ingreso o de egreso.<br>Al respecto, la coordinadora del Alerta Banda, Carolina Montenegro, indic\u00f3: \u201cEl aumento de circulaci\u00f3n y el incumplimiento de las normas de tr\u00e1nsito, generaron muchos m\u00e1s accidentes de los que se ven\u00edan registrando anteriormente\u201d.<br>\u201cCon esto queremos que los padres tomen la conciencia necesaria para que no sean v\u00edctimas de estos accidentes, porque la mayor\u00eda de los casos ocurren por negligencias en la cercan\u00eda de entidades educativas\u201d, agreg\u00f3.<br>Por otra parte, destac\u00f3 el trabajo coordinado que se desarrolla, entre el programa Alerta Banda, la Secretaria de Gobierno, el \u00c1rea de Tr\u00e1nsito y el \u00c1rea de Ordenamiento Urbano, trabajando fuertemente en la prevenci\u00f3n de accidentes y son claves para la toma de conciencia.<\/p>\n","protected":false},"excerpt":{"rendered":"<p>El intendente Pablo Mirolo junto al coordinador de la Direcci\u00f3n de Tr\u00e1nsito y Transporte, Mat\u00edas Lescano, mantuvieron una importante reuni\u00f3n con empresarios de los rubros radiotaxis y remises.<\/p>\n","protected":false},"author":2,"featured_media":36894,"comment_status":"open","ping_status":"open","sticky":false,"template":"","format":"standard","meta":{"om_disable_all_campaigns":false,"_monsterinsights_skip_tracking":false,"_monsterinsights_sitenote_active":false,"_monsterinsights_sitenote_note":"","_monsterinsights_sitenote_category":0,"_uf_show_specific_survey":0,"_uf_disable_surveys":false,"jetpack_post_was_ever_published":false,"_jetpack_newsletter_access":"","_jetpack_dont_email_post_to_subs":false,"_jetpack_newsletter_tier_id":0,"_jetpack_memberships_contains_paywalled_content":false,"_jetpack_memberships_contains_paid_content":false,"footnotes":"","jetpack_publicize_message":"","jetpack_publicize_feature_enabled":true,"jetpack_social_post_already_shared":false,"jetpack_social_options":{"image_generator_settings":{"template":"highway","default_image_id":0,"font":"","enabled":false},"version":2}},"categories":[21],"tags":[],"class_list":["post-36893","post","type-post","status-publish","format-standard","has-post-thumbnail","hentry","category-locales"],"aioseo_notices":[],"views":8,"jetpack_publicize_connections":[],"jetpack_featured_media_url":"https:\/\/i0.wp.com\/elterritorialweb.com.ar\/web\/wp-content\/uploads\/2022\/03\/IMG-20220316-WA0015.jpg?fit=1032%2C774","jetpack_sharing_enabled":true,"_links":{"self":[{"href":"http:\/\/elterritorialweb.com.ar\/web\/wp-json\/wp\/v2\/posts\/36893","targetHints":{"allow":["GET"]}}],"collection":[{"href":"http:\/\/elterritorialweb.com.ar\/web\/wp-json\/wp\/v2\/posts"}],"about":[{"href":"http:\/\/elterritorialweb.com.ar\/web\/wp-json\/wp\/v2\/types\/post"}],"author":[{"embeddable":true,"href":"http:\/\/elterritorialweb.com.ar\/web\/wp-json\/wp\/v2\/users\/2"}],"replies":[{"embeddable":true,"href":"http:\/\/elterritorialweb.com.ar\/web\/wp-json\/wp\/v2\/comments?post=36893"}],"version-history":[{"count":1,"href":"http:\/\/elterritorialweb.com.ar\/web\/wp-json\/wp\/v2\/posts\/36893\/revisions"}],"predecessor-version":[{"id":36895,"href":"http:\/\/elterritorialweb.com.ar\/web\/wp-json\/wp\/v2\/posts\/36893\/revisions\/36895"}],"wp:featuredmedia":[{"embeddable":true,"href":"http:\/\/elterritorialweb.com.ar\/web\/wp-json\/wp\/v2\/media\/36894"}],"wp:attachment":[{"href":"http:\/\/elterritorialweb.com.ar\/web\/wp-json\/wp\/v2\/media?parent=36893"}],"wp:term":[{"taxonomy":"category","embeddable":true,"href":"http:\/\/elterritorialweb.com.ar\/web\/wp-json\/wp\/v2\/categories?post=36893"},{"taxonomy":"post_tag","embeddable":true,"href":"http:\/\/elterritorialweb.com.ar\/web\/wp-json\/wp\/v2\/tags?post=36893"}],"curies":[{"name":"wp","href":"https:\/\/api.w.org\/{rel}","templated":true}]}}