{"id":36897,"date":"2022-03-16T22:27:36","date_gmt":"2022-03-16T22:27:36","guid":{"rendered":"http:\/\/elterritorialweb.com.ar\/web\/?p=36897"},"modified":"2022-03-16T22:27:37","modified_gmt":"2022-03-16T22:27:37","slug":"feria-internacional-de-la-industria-grafica-llega-por-segunda-vez-a-la-provincia","status":"publish","type":"post","link":"http:\/\/elterritorialweb.com.ar\/web\/feria-internacional-de-la-industria-grafica-llega-por-segunda-vez-a-la-provincia\/","title":{"rendered":"FERIA INTERNACIONAL DE LA INDUSTRIA GR\u00c1FICA LLEGA POR SEGUNDA VEZ A LA PROVINCIA"},"content":{"rendered":"\n<p>La misma se llevar\u00e1 a cabo en el predio del Nodo Tecnol\u00f3gico SdE, durante los d\u00edas 9, 10 y 11 de junio del corriente a\u00f1o, con entrada libre y gratuita para todos los visitantes, que podr\u00e1n disfrutar una feria de 8.000 m2 de gr\u00e1fica, gastronom\u00eda, talleres, cursos, muestras y mucho m\u00e1s.<\/p>\n\n\n\n<p>La conferencia estuvo encabezada por el secretario de Ciencia y Tecnolog\u00eda, Ing. Adri\u00e1n Suarez; subsecretario de Turismo, Prof. Nelson Bravo; director de Gesti\u00f3n P\u00fablica, Ricardo Montenegro; Gerente de Expografika, H\u00e9ctor Palermo y la coordinadora de Expografika, Alicia Rodr\u00edguez.<\/p>\n\n\n\n<p>Haciendo referencia a la actividad el secretario de Ciencia y Tecnolog\u00eda, Ing. Adri\u00e1n Suarez dijo; \u201ces una alegr\u00eda poder retomar todas las actividades en el \u00e1mbito del Nodo Tecnol\u00f3gico y en esta ocasi\u00f3n presentar la Expografika los d\u00edas 9,10 y 11 de junio en su segunda edici\u00f3n, acompa\u00f1ando a todo lo que es el sector de la gr\u00e1fica, un sector, que ha cambiado que ha tenido innovaciones, cambios tecnol\u00f3gicos y nosotros queremos acompa\u00f1ar al empresariado y siempre buscando las reactivaciones econ\u00f3micas y la generaci\u00f3n de empleo\u201d.<\/p>\n\n\n\n<p>Por su parte el subsecretario de Turismo, Prof. Nelson Bravo, expres\u00f3; \u201ces un agrado para la subsecretar\u00eda que se pueda volver a realizar este evento ya que en su primera edici\u00f3n tuvo un impacto m\u00e1s que importante, es un evento que convoca a much\u00edsimas personas y significa para nosotros tambi\u00e9n el volver a trabajar en el Nodo Tecnol\u00f3gico y recuperar este espacio\u201d se\u00f1al\u00f3.<\/p>\n\n\n\n<p>A su turno el director de Gesti\u00f3n P\u00fablica, Ricardo Montenegro, se\u00f1al\u00f3; \u201cla Expografika es una feria nacional que nuclea a todo el ambiente grafico del pa\u00eds, la m\u00e1s importante a nivel nacional y que vuelva por segunda vez a Santiago del Estero\u201d.<\/p>\n\n\n\n<p>El gerente de Expografika, H\u00e9ctor Palermo, explic\u00f3; \u201ccomo organizador estoy agradecido con la provincia de Santiago del Estero, por la provisi\u00f3n de este centro f\u00edsico de exposiciones como es el Nodo Tecnol\u00f3gico para realizar nuestra segunda edici\u00f3n. Nuestra funci\u00f3n es promover la industria y promover los micros emprendimientos\u201d.<\/p>\n\n\n\n<p>Los interesados en visitar la feria pueden pre- acreditarse de manera gratuita en: www.expografika.com. \u201d<\/p>\n","protected":false},"excerpt":{"rendered":"<p>Mediante una conferencia de prensa anunciaron la realizaci\u00f3n de la Feria Internacional de la Industria Gr\u00e1fica \u201cExpogr\u00e1fika\u201d que llega por segunda vez al NOA.<\/p>\n","protected":false},"author":2,"featured_media":36898,"comment_status":"open","ping_status":"open","sticky":false,"template":"","format":"standard","meta":{"om_disable_all_campaigns":false,"_monsterinsights_skip_tracking":false,"_monsterinsights_sitenote_active":false,"_monsterinsights_sitenote_note":"","_monsterinsights_sitenote_category":0,"_uf_show_specific_survey":0,"_uf_disable_surveys":false,"jetpack_post_was_ever_published":false,"_jetpack_newsletter_access":"","_jetpack_dont_email_post_to_subs":false,"_jetpack_newsletter_tier_id":0,"_jetpack_memberships_contains_paywalled_content":false,"_jetpack_memberships_contains_paid_content":false,"footnotes":"","jetpack_publicize_message":"","jetpack_publicize_feature_enabled":true,"jetpack_social_post_already_shared":false,"jetpack_social_options":{"image_generator_settings":{"template":"highway","default_image_id":0,"font":"","enabled":false},"version":2}},"categories":[21],"tags":[],"class_list":["post-36897","post","type-post","status-publish","format-standard","has-post-thumbnail","hentry","category-locales"],"aioseo_notices":[],"views":8,"jetpack_publicize_connections":[],"jetpack_featured_media_url":"https:\/\/i0.wp.com\/elterritorialweb.com.ar\/web\/wp-content\/uploads\/2022\/03\/FB_IMG_1647469535142.jpg?fit=719%2C480","jetpack_sharing_enabled":true,"_links":{"self":[{"href":"http:\/\/elterritorialweb.com.ar\/web\/wp-json\/wp\/v2\/posts\/36897","targetHints":{"allow":["GET"]}}],"collection":[{"href":"http:\/\/elterritorialweb.com.ar\/web\/wp-json\/wp\/v2\/posts"}],"about":[{"href":"http:\/\/elterritorialweb.com.ar\/web\/wp-json\/wp\/v2\/types\/post"}],"author":[{"embeddable":true,"href":"http:\/\/elterritorialweb.com.ar\/web\/wp-json\/wp\/v2\/users\/2"}],"replies":[{"embeddable":true,"href":"http:\/\/elterritorialweb.com.ar\/web\/wp-json\/wp\/v2\/comments?post=36897"}],"version-history":[{"count":1,"href":"http:\/\/elterritorialweb.com.ar\/web\/wp-json\/wp\/v2\/posts\/36897\/revisions"}],"predecessor-version":[{"id":36899,"href":"http:\/\/elterritorialweb.com.ar\/web\/wp-json\/wp\/v2\/posts\/36897\/revisions\/36899"}],"wp:featuredmedia":[{"embeddable":true,"href":"http:\/\/elterritorialweb.com.ar\/web\/wp-json\/wp\/v2\/media\/36898"}],"wp:attachment":[{"href":"http:\/\/elterritorialweb.com.ar\/web\/wp-json\/wp\/v2\/media?parent=36897"}],"wp:term":[{"taxonomy":"category","embeddable":true,"href":"http:\/\/elterritorialweb.com.ar\/web\/wp-json\/wp\/v2\/categories?post=36897"},{"taxonomy":"post_tag","embeddable":true,"href":"http:\/\/elterritorialweb.com.ar\/web\/wp-json\/wp\/v2\/tags?post=36897"}],"curies":[{"name":"wp","href":"https:\/\/api.w.org\/{rel}","templated":true}]}}