{"id":36900,"date":"2022-03-16T23:41:09","date_gmt":"2022-03-16T23:41:09","guid":{"rendered":"http:\/\/elterritorialweb.com.ar\/web\/?p=36900"},"modified":"2022-03-16T23:41:09","modified_gmt":"2022-03-16T23:41:09","slug":"autoridades-provinciales-instaron-a-toda-la-comunidad-a-colaborar-en-el-censo-digital-2022","status":"publish","type":"post","link":"http:\/\/elterritorialweb.com.ar\/web\/autoridades-provinciales-instaron-a-toda-la-comunidad-a-colaborar-en-el-censo-digital-2022\/","title":{"rendered":"AUTORIDADES PROVINCIALES INSTARON A TODA LA COMUNIDAD A COLABORAR EN EL CENSO DIGITAL 2022"},"content":{"rendered":"\n<p>Encabezaron la conferencia de prensa el ministro de Econom\u00eda de la provincia, CPN Atilio Chara, ministro de Gobierno, Seguridad y Culto, Dr. Marcelo Barbur, director General de Estad\u00edsticas y Censos, Federico Scrimini, presidenta del Consejo General de Educaci\u00f3n, Dra. Mar\u00eda Elena Herrera y el coordinador del Censo, Luis Paiola.<br>Estuvieron invitados intendentes y comisionados de varios puntos de la provincia a quienes instaron para colaborar desde sus gestiones, el trabajo en la log\u00edstica y coordinaci\u00f3n para la participaci\u00f3n de la poblaci\u00f3n en este censo digital, con el objetivo de que el alcance de esta herramienta llegue a la mayor parte de toda la comunidad.<br>El ministro de Econom\u00eda, CPN Atilio Chara expres\u00f3 \u201ces un censo con dos modalidades virtual y presencial, es muy importante para el pa\u00eds que todos nos censemos porque con esto vamos a poder delinear pol\u00edticas de estado del pa\u00eds y de cada provincia de la Rep\u00fablica Argentina\u201d.<br>Seguidamente el ministro Barbur recalc\u00f3 que \u201ces importante que todos trabajemos comprometidamente. Les pedimos que desarrollen estrategias de concientizaci\u00f3n, informaci\u00f3n y log\u00edstica para que puedan trabajar en las distintas \u00e1reas de sus comunidades para que toda la gente pueda tener acceso a este sistema\u201d.<br>A su turno la presidenta del Consejo General de Educaci\u00f3n, Dra. Mar\u00eda Elena Herrera \u201ctoda la estructura de educaci\u00f3n esta puesta a disposici\u00f3n para colaborar con la concientizaci\u00f3n y difusi\u00f3n. Uno de los ejes principales del calendario escolar es el censo. Nuestras aulas est\u00e1n trabajando en concientizar al alumnado y los docentes del censo y como realizarlo\u201d.<br>Federico Scrimini destac\u00f3 las preguntas nuevas en este Censo que tratan sobre \u201cel auto percibimiento del g\u00e9nero, si pertenece a alguna comunidad afrodescendiente, si hablan una lengua y qu\u00e9 tipo es, y si tienen alguna discapacidad. Esto ser\u00e1 importante para el dise\u00f1o de pol\u00edticas p\u00fablicas desde las \u00e1reas que se encargan de la gesti\u00f3n\u201d.<br>El coordinador Paiola ratific\u00f3 que \u201ccada edici\u00f3n es un gran desaf\u00edo esta bi modalidad que es novedad en este censo presenta una herramienta extraordinaria que acorta muchas distancias. Necesitamos de la colaboraci\u00f3n para llevar adelante con la infraestructura ya disponible, un ambiente con equipos de computaci\u00f3n y servicio de internet para lograr que montemos puntos digitales en cada rinc\u00f3n de nuestra provincia y hacer efectivo que la poblaci\u00f3n pueda autocompletar los datos requeridos\u201d.<\/p>\n","protected":false},"excerpt":{"rendered":"<p>A partir de hoy y hasta el 18 de mayo se realizar\u00e1 la etapa del primer Censo Digital 2022, por lo que autoridades provinciales de las \u00e1reas de Econom\u00eda, Educaci\u00f3n y Gobierno brindaron una conferencia de prensa para destacar su inicio e importancia en todo el territorio nacional, para lo cual establecer\u00e1n un trabajo coordinado entre dichas \u00e1reas.<\/p>\n","protected":false},"author":2,"featured_media":36901,"comment_status":"open","ping_status":"open","sticky":false,"template":"","format":"standard","meta":{"om_disable_all_campaigns":false,"_monsterinsights_skip_tracking":false,"_monsterinsights_sitenote_active":false,"_monsterinsights_sitenote_note":"","_monsterinsights_sitenote_category":0,"_uf_show_specific_survey":0,"_uf_disable_surveys":false,"jetpack_post_was_ever_published":false,"_jetpack_newsletter_access":"","_jetpack_dont_email_post_to_subs":false,"_jetpack_newsletter_tier_id":0,"_jetpack_memberships_contains_paywalled_content":false,"_jetpack_memberships_contains_paid_content":false,"footnotes":"","jetpack_publicize_message":"","jetpack_publicize_feature_enabled":true,"jetpack_social_post_already_shared":false,"jetpack_social_options":{"image_generator_settings":{"template":"highway","default_image_id":0,"font":"","enabled":false},"version":2}},"categories":[21],"tags":[],"class_list":["post-36900","post","type-post","status-publish","format-standard","has-post-thumbnail","hentry","category-locales"],"aioseo_notices":[],"views":9,"jetpack_publicize_connections":[],"jetpack_featured_media_url":"https:\/\/i0.wp.com\/elterritorialweb.com.ar\/web\/wp-content\/uploads\/2022\/03\/censo.jpg?fit=1773%2C1251","jetpack_sharing_enabled":true,"_links":{"self":[{"href":"http:\/\/elterritorialweb.com.ar\/web\/wp-json\/wp\/v2\/posts\/36900","targetHints":{"allow":["GET"]}}],"collection":[{"href":"http:\/\/elterritorialweb.com.ar\/web\/wp-json\/wp\/v2\/posts"}],"about":[{"href":"http:\/\/elterritorialweb.com.ar\/web\/wp-json\/wp\/v2\/types\/post"}],"author":[{"embeddable":true,"href":"http:\/\/elterritorialweb.com.ar\/web\/wp-json\/wp\/v2\/users\/2"}],"replies":[{"embeddable":true,"href":"http:\/\/elterritorialweb.com.ar\/web\/wp-json\/wp\/v2\/comments?post=36900"}],"version-history":[{"count":1,"href":"http:\/\/elterritorialweb.com.ar\/web\/wp-json\/wp\/v2\/posts\/36900\/revisions"}],"predecessor-version":[{"id":36902,"href":"http:\/\/elterritorialweb.com.ar\/web\/wp-json\/wp\/v2\/posts\/36900\/revisions\/36902"}],"wp:featuredmedia":[{"embeddable":true,"href":"http:\/\/elterritorialweb.com.ar\/web\/wp-json\/wp\/v2\/media\/36901"}],"wp:attachment":[{"href":"http:\/\/elterritorialweb.com.ar\/web\/wp-json\/wp\/v2\/media?parent=36900"}],"wp:term":[{"taxonomy":"category","embeddable":true,"href":"http:\/\/elterritorialweb.com.ar\/web\/wp-json\/wp\/v2\/categories?post=36900"},{"taxonomy":"post_tag","embeddable":true,"href":"http:\/\/elterritorialweb.com.ar\/web\/wp-json\/wp\/v2\/tags?post=36900"}],"curies":[{"name":"wp","href":"https:\/\/api.w.org\/{rel}","templated":true}]}}